{"id":174531,"date":"2021-08-24T09:29:55","date_gmt":"2021-08-24T07:29:55","guid":{"rendered":"https:\/\/www.ifun.de\/?p=174531"},"modified":"2021-08-24T09:29:55","modified_gmt":"2021-08-24T07:29:55","slug":"apple-veroeffentlicht-trailer-fuer-2-staffel-von-the-morning-show","status":"publish","type":"post","link":"https:\/\/www.ifun.de\/apple-veroeffentlicht-trailer-fuer-2-staffel-von-the-morning-show-174531\/","title":{"rendered":"Apple ver\u00f6ffentlicht Trailer f\u00fcr 2. Staffel von &#8222;The Morning Show&#8220;"},"content":{"rendered":"<p>F\u00fcr den 17. September hat Apple den Start der zweiten Staffel der TV-Serie \u201e<a href=\"https:\/\/tv.apple.com\/show\/umc.cmc.25tn3v8ku4b39tr6ccgb8nl6m\">The Morning Show<\/a>\u201c angesetzt. Nach einem ersten <a href=\"https:\/\/www.ifun.de\/apple-tv-verkuerzter-gratis-zeitraum-und-staffel-2-von-the-morning-show-171670\/\">Teaser<\/a> wurde nun auch der offizielle Trailer f\u00fcr die anstehende Fortsetzung ver\u00f6ffentlicht.<\/p>\n<p>Auch in der zweiten Staffel von \u201eThe Morning Show\u201c hat Apple die Hauptrollen mit Jennifer Aniston und Reese Witherspoon besetzt. In den Rollen von Alex und Bradley finden sich die beiden Darstellerinnen inmitten neuer Senderstrukturen und einer Welt im Wandel wieder, in der Apples Staffelbeschreibung zufolge die Identit\u00e4t im Fokus steht und die Kluft zwischen dem, was man pr\u00e4sentiert und was man wirklich ist, zunehmend an Relevanz gewinnt.<\/p>\n<p><div class=\"responsive-video\"><iframe loading=\"lazy\" width=\"700\" height=\"371\" src=\"https:\/\/www.youtube-nocookie.com\/embed\/-qZWPTsR-Wc\" frameborder=\"0\" allowfullscreen><\/iframe><\/div><\/p>\n<p>Neben Aniston und Witherspoon sind in Staffel 2 Steve Carell, Billy Crudup, Mark Duplass, Nestor Carbonell, Karen Pittman, Bel Powley, Desean Terry, Janina Gavankar, Tom Irwin und Marcia Gay Harden zu sehen. Neu kommen unter anderem Greta Lee, Ruairi O&#39;Connor, Hasan Minhaj, Cybil Richards, Tara Karsian, Valeria Golino und Julianna Margulies hinzu. <\/p>\n","protected":false},"excerpt":{"rendered":"<a href=\"https:\/\/www.ifun.de\/apple-veroeffentlicht-trailer-fuer-2-staffel-von-the-morning-show-174531\/\"><img width=\"150\" height=\"150\" src=\"https:\/\/images.ifun.de\/wp-content\/uploads\/2021\/08\/apple-tv-plus-the-morning-show-150x150.jpg\" class=\"alignright tfe wp-post-image\" alt=\"Apple Tv Plus The Morning Show\" decoding=\"async\" loading=\"lazy\" \/><\/a><p>F\u00fcr den 17. September hat Apple den Start der zweiten Staffel der TV-Serie \u201eThe Morning Show\u201c angesetzt. Nach einem ersten Teaser wurde nun auch der offizielle Trailer f\u00fcr die anstehende Fortsetzung ver\u00f6ffentlicht. Auch in der zweiten Staffel von \u201eThe Morning Show\u201c hat Apple die Hauptrollen mit Jennifer Aniston und Reese Witherspoon besetzt. In den Rollen [&hellip;]<\/p>\n","protected":false},"author":2,"featured_media":174534,"comment_status":"open","ping_status":"closed","sticky":false,"template":"","format":"standard","meta":{"_acf_changed":false,"footnotes":""},"categories":[1],"tags":[26,5502,31],"class_list":["post-174531","post","type-post","status-publish","format-standard","has-post-thumbnail","hentry","category-news","tag-apple-tv","tag-the-morning-show","tag-video"],"acf":[],"aioseo_notices":[],"subheadline":["L\u00e4uft im September an"],"featured_image":["https:\/\/images.ifun.de\/wp-content\/uploads\/2021\/08\/apple-tv-plus-the-morning-show.jpg"],"rest_api_enabler":{"subheadline":"L\u00e4uft im September an","featured_image":"https:\/\/images.ifun.de\/wp-content\/uploads\/2021\/08\/apple-tv-plus-the-morning-show.jpg"},"_links":{"self":[{"href":"https:\/\/www.ifun.de\/apiv2\/wp\/v2\/posts\/174531","targetHints":{"allow":["GET"]}}],"collection":[{"href":"https:\/\/www.ifun.de\/apiv2\/wp\/v2\/posts"}],"about":[{"href":"https:\/\/www.ifun.de\/apiv2\/wp\/v2\/types\/post"}],"author":[{"embeddable":true,"href":"https:\/\/www.ifun.de\/apiv2\/wp\/v2\/users\/2"}],"replies":[{"embeddable":true,"href":"https:\/\/www.ifun.de\/apiv2\/wp\/v2\/comments?post=174531"}],"version-history":[{"count":2,"href":"https:\/\/www.ifun.de\/apiv2\/wp\/v2\/posts\/174531\/revisions"}],"predecessor-version":[{"id":174533,"href":"https:\/\/www.ifun.de\/apiv2\/wp\/v2\/posts\/174531\/revisions\/174533"}],"wp:featuredmedia":[{"embeddable":true,"href":"https:\/\/www.ifun.de\/apiv2\/wp\/v2\/media\/174534"}],"wp:attachment":[{"href":"https:\/\/www.ifun.de\/apiv2\/wp\/v2\/media?parent=174531"}],"wp:term":[{"taxonomy":"category","embeddable":true,"href":"https:\/\/www.ifun.de\/apiv2\/wp\/v2\/categories?post=174531"},{"taxonomy":"post_tag","embeddable":true,"href":"https:\/\/www.ifun.de\/apiv2\/wp\/v2\/tags?post=174531"}],"curies":[{"name":"wp","href":"https:\/\/api.w.org\/{rel}","templated":true}]}}