{"id":174451,"date":"2021-08-20T15:28:51","date_gmt":"2021-08-20T13:28:51","guid":{"rendered":"https:\/\/www.ifun.de\/?p=174451"},"modified":"2021-08-25T07:04:49","modified_gmt":"2021-08-25T05:04:49","slug":"gegen-apples-foto-abgleich-internationale-unterschriften-aktion-laeuft","status":"publish","type":"post","link":"https:\/\/www.ifun.de\/gegen-apples-foto-abgleich-internationale-unterschriften-aktion-laeuft-174451\/","title":{"rendered":"Gegen Apples Foto-Abgleich: Internationale Unterschriften-Aktion l\u00e4uft"},"content":{"rendered":"<p>Die Netzaktivisten der amerikanischen &#8222;Electronic Frontier Foundation&#8220; (EFF) haben <a href=\"https:\/\/act.eff.org\/action\/tell-apple-don-t-scan-our-phones\">eine Unterschriften-Aktion<\/a> gegen die von Apple angek\u00fcndigten neuen System-Funktionen von iOS 15 und iPadOS 15 gestartet, die ausdr\u00fccklich auch internationale Nutzer dazu einl\u00e4dt den <a href=\"https:\/\/act.eff.org\/action\/tell-apple-don-t-scan-our-phones\">hier<\/a> abgedruckten Aufruf zu unterzeichnen.<\/p>\n<p>Die renommierte B\u00fcrgerrechtsorganisation geh\u00f6rte zu den ersten Interessengruppen, die Apples \u00fcberraschenden Vorsto\u00df Anfang des Monats lautstark kritisierte und fordert von Apple nun &#8222;Don\u2019t Scan Our Phones&#8220;.<\/p>\n<h2>&#8222;Don\u2019t Scan Our Phones&#8220;<\/h2>\n<p>Die in iOS 15 und macOS Monterey integrierten \u00c4nderungen f\u00fcr eine &#8222;bessere Sicherheit von Kindern&#8220;, so die Netzaktivisten, w\u00fcrden die die Privatsph\u00e4re der Nutzer untergraben und im fall von iMessage das von Apple gegebene Versprechen einer Ende-zu-Ende-Verschl\u00fcsselung brechen.<\/p>\n<p>Der Aufruf fordert Apple dazu auf die selbstgesetzten Pl\u00e4ne noch mal zu \u00fcberdenken, da der Foto-Abgleich die Endger\u00e4te nicht etwa sicherer machen sondern lediglich daf\u00fcr sorgen w\u00fcrde, Regierungen auf der ganzen Welt dazu anspornen, noch mehr \u00dcberwachungs- und Zensurm\u00f6glichkeiten einzufordern als diese ohnehin bereits gegeben sind.<\/p>\n<p><a href=\"https:\/\/images.ifun.de\/wp-content\/uploads\/2021\/08\/unterschriften-aktion-eff.jpg\"><img loading=\"lazy\" decoding=\"async\" class=\"aligncenter size-large wp-image-174452\" src=\"https:\/\/images.ifun.de\/wp-content\/uploads\/2021\/08\/unterschriften-aktion-eff-700x414.jpg\" alt=\"Unterschriften Aktion Eff\" width=\"700\" height=\"414\" srcset=\"https:\/\/images.ifun.de\/wp-content\/uploads\/2021\/08\/unterschriften-aktion-eff-700x414.jpg 700w, https:\/\/images.ifun.de\/wp-content\/uploads\/2021\/08\/unterschriften-aktion-eff-500x295.jpg 500w, https:\/\/images.ifun.de\/wp-content\/uploads\/2021\/08\/unterschriften-aktion-eff-768x454.jpg 768w, https:\/\/images.ifun.de\/wp-content\/uploads\/2021\/08\/unterschriften-aktion-eff.jpg 1400w\" sizes=\"auto, (max-width: 700px) 100vw, 700px\" \/><\/a><\/p>\n<p>Die Unterschriften-Aktion z\u00e4hlt zur Stunde bereits \u00fcber 11.000 Unterzeichner und verlangt zur Teilnahme Vor- und Zuname sowie eine g\u00fcltige E-Mail-Adresse und die Angabe eines Herkunftslandes. Auf Wunsch k\u00f6nnen Name und Region von der \u00f6ffentlich einsehbaren Unterschriftenliste ausgeschlossen werden.<\/p>\n<h2>Start mit iOS 15 und macOS Monterey in den USA<\/h2>\n<p>Apple hatte den Abgleich lokaler Fotos mit einer Datenbank bekannter Aufnahmen von sexueller Gewalt an Kindern <a href=\"https:\/\/www.ifun.de\/tag\/CSAM\/\">Anfang des Monats angek\u00fcndigt<\/a>. Der Konzern plant die neue Funktion bereits im Herbst in den USA auszurollen und will weitere Regionen auf der ganzen Welt anschlie\u00dfend schrittweise folgen lassen.<\/p>\n<p>Seit der Ank\u00fcndigung laufen Datensch\u00fctzer und Journalisten Sturm gegen Apples Pl\u00e4ne.<\/p>\n<p><img loading=\"lazy\" decoding=\"async\" src=\"https:\/\/vg09.met.vgwort.de\/na\/021f72ac46354f10a2de20e80c1e9642\" width=\"1\" height=\"1\" no-lazy class=\"tracking\"><\/p>\n","protected":false},"excerpt":{"rendered":"<a href=\"https:\/\/www.ifun.de\/gegen-apples-foto-abgleich-internationale-unterschriften-aktion-laeuft-174451\/\"><img width=\"150\" height=\"150\" src=\"https:\/\/images.ifun.de\/wp-content\/uploads\/2021\/08\/apple-unterschriftenaktion-150x150.jpg\" class=\"alignright tfe wp-post-image\" alt=\"Apple Unterschriftenaktion\" decoding=\"async\" loading=\"lazy\" \/><\/a><p>Die Netzaktivisten der amerikanischen &#8222;Electronic Frontier Foundation&#8220; (EFF) haben eine Unterschriften-Aktion gegen die von Apple angek\u00fcndigten neuen System-Funktionen von iOS 15 und iPadOS 15 gestartet, die ausdr\u00fccklich auch internationale Nutzer dazu einl\u00e4dt den hier abgedruckten Aufruf zu unterzeichnen. Die renommierte B\u00fcrgerrechtsorganisation geh\u00f6rte zu den ersten Interessengruppen, die Apples \u00fcberraschenden Vorsto\u00df Anfang des Monats lautstark kritisierte [&hellip;]<\/p>\n","protected":false},"author":1,"featured_media":174453,"comment_status":"open","ping_status":"closed","sticky":false,"template":"","format":"standard","meta":{"_acf_changed":false,"footnotes":""},"categories":[3,1783],"tags":[4736,5486,373],"class_list":["post-174451","post","type-post","status-publish","format-standard","has-post-thumbnail","hentry","category-apple","category-feature","tag-apple","tag-csam","tag-kritik"],"acf":[],"aioseo_notices":[],"featured_image":["https:\/\/images.ifun.de\/wp-content\/uploads\/2021\/08\/apple-unterschriftenaktion.jpg"],"subheadline":["\"Don\u2019t Scan Our Phones\""],"rest_api_enabler":{"featured_image":"https:\/\/images.ifun.de\/wp-content\/uploads\/2021\/08\/apple-unterschriftenaktion.jpg","subheadline":"\"Don\u2019t Scan Our Phones\""},"_links":{"self":[{"href":"https:\/\/www.ifun.de\/apiv2\/wp\/v2\/posts\/174451","targetHints":{"allow":["GET"]}}],"collection":[{"href":"https:\/\/www.ifun.de\/apiv2\/wp\/v2\/posts"}],"about":[{"href":"https:\/\/www.ifun.de\/apiv2\/wp\/v2\/types\/post"}],"author":[{"embeddable":true,"href":"https:\/\/www.ifun.de\/apiv2\/wp\/v2\/users\/1"}],"replies":[{"embeddable":true,"href":"https:\/\/www.ifun.de\/apiv2\/wp\/v2\/comments?post=174451"}],"version-history":[{"count":2,"href":"https:\/\/www.ifun.de\/apiv2\/wp\/v2\/posts\/174451\/revisions"}],"predecessor-version":[{"id":174455,"href":"https:\/\/www.ifun.de\/apiv2\/wp\/v2\/posts\/174451\/revisions\/174455"}],"wp:featuredmedia":[{"embeddable":true,"href":"https:\/\/www.ifun.de\/apiv2\/wp\/v2\/media\/174453"}],"wp:attachment":[{"href":"https:\/\/www.ifun.de\/apiv2\/wp\/v2\/media?parent=174451"}],"wp:term":[{"taxonomy":"category","embeddable":true,"href":"https:\/\/www.ifun.de\/apiv2\/wp\/v2\/categories?post=174451"},{"taxonomy":"post_tag","embeddable":true,"href":"https:\/\/www.ifun.de\/apiv2\/wp\/v2\/tags?post=174451"}],"curies":[{"name":"wp","href":"https:\/\/api.w.org\/{rel}","templated":true}]}}