{"id":174423,"date":"2021-08-20T10:58:03","date_gmt":"2021-08-20T08:58:03","guid":{"rendered":"https:\/\/www.ifun.de\/?p=174423"},"modified":"2021-08-20T11:01:55","modified_gmt":"2021-08-20T09:01:55","slug":"wahlswiper-zur-bundestagswahl-2021-im-web-auf-ipad-und-apple-tv","status":"publish","type":"post","link":"https:\/\/www.ifun.de\/wahlswiper-zur-bundestagswahl-2021-im-web-auf-ipad-und-apple-tv-174423\/","title":{"rendered":"WahlSwiper zur Bundestagswahl 2021 startet: Im Web, auf iPad, iPhone und Apple TV"},"content":{"rendered":"<p>Bis der <a href=\"https:\/\/www.bpb.de\/politik\/wahlen\/wahl-o-mat\/\">Wahl-O-Mat<\/a> der Bundeszentrale f\u00fcr politische Bildung zur Bundestagswahl 2021 an den Start geht, m\u00fcssen noch zwei Wochen verstreichen. Zur diesj\u00e4hrigen Bundestagswahl wird der Wahl-O-Mat erst am 2. September ver\u00f6ffentlicht.<\/p>\n<p><a href=\"https:\/\/images.ifun.de\/wp-content\/uploads\/2021\/08\/wahlswiper-parteien.jpg\"><img loading=\"lazy\" decoding=\"async\" src=\"https:\/\/images.ifun.de\/wp-content\/uploads\/2021\/08\/wahlswiper-parteien-500x281.jpg\" alt=\"Wahlswiper Parteien\" width=\"500\" height=\"281\" class=\"aligncenter size-medium wp-image-174429\" srcset=\"https:\/\/images.ifun.de\/wp-content\/uploads\/2021\/08\/wahlswiper-parteien-500x281.jpg 500w, https:\/\/images.ifun.de\/wp-content\/uploads\/2021\/08\/wahlswiper-parteien-700x394.jpg 700w, https:\/\/images.ifun.de\/wp-content\/uploads\/2021\/08\/wahlswiper-parteien-768x432.jpg 768w, https:\/\/images.ifun.de\/wp-content\/uploads\/2021\/08\/wahlswiper-parteien.jpg 1286w\" sizes=\"auto, (max-width: 500px) 100vw, 500px\" \/><\/a><\/p>\n<p>Bis es soweit ist, l\u00e4sst sich die Zuordnung der eigenen politischen Interessen zu den im Wahlprogramm der Parteien formulierten, allerdings schon mal \u00fcber die Alternativ-Anwendung <a href=\"https:\/\/www.voteswiper.org\/de\/deutschland\">WahlSwiper<\/a> vornehmen. Dieser ist heute in der neuen Version 3.4.1 verf\u00fcgbar und bietet seit wenigen Minuten den neuen Themen-Katalog zur Bundestagswahl 2021 an.<\/p>\n<h2>Auch f\u00fcr Berlin und Mecklenburg-Vorpommern<\/h2>\n<p>Dar\u00fcber hinaus ber\u00fccksichtigt die App zur Entscheidungsfindung auch die Wahl zum Abgeordnetenhaus von Berlin und die ebenfalls anstehende Landtagswahl in Mecklenburg-Vorpommern.<\/p>\n<p>Erstmals in der Geschichte des WahlSwiper lassen sich die Fragenkataloge zu den Wahlen und die ebenfalls hinterlegten Erkl\u00e4r-Videos in sieben Sprachen abrufen. Neben der Version in deutscher Sprache stehen diese auch in Arabisch, Englisch, Kurdisch, Persisch, Russisch und T\u00fcrkisch zur Verf\u00fcgung.<\/p>\n<p><a href=\"https:\/\/images.ifun.de\/wp-content\/uploads\/2021\/08\/wahlswiper-ipad.jpg\"><img loading=\"lazy\" decoding=\"async\" class=\"aligncenter size-large wp-image-174425\" src=\"https:\/\/images.ifun.de\/wp-content\/uploads\/2021\/08\/wahlswiper-ipad-700x458.jpg\" alt=\"Wahlswiper Ipad\" width=\"700\" height=\"458\" srcset=\"https:\/\/images.ifun.de\/wp-content\/uploads\/2021\/08\/wahlswiper-ipad-700x458.jpg 700w, https:\/\/images.ifun.de\/wp-content\/uploads\/2021\/08\/wahlswiper-ipad-500x327.jpg 500w, https:\/\/images.ifun.de\/wp-content\/uploads\/2021\/08\/wahlswiper-ipad-768x502.jpg 768w, https:\/\/images.ifun.de\/wp-content\/uploads\/2021\/08\/wahlswiper-ipad.jpg 1324w\" sizes=\"auto, (max-width: 700px) 100vw, 700px\" \/><\/a><\/p>\n<p>Die kostenfreie WahlSwiper-App l\u00e4sst sich auf iPhone, iPad und Apple TV starten und nutzen, der 38 Fragen starke Katalog kann aber <a href=\"https:\/\/www.voteswiper.org\/de\/deutschland\">auch auf der Webseite<\/a> der Anbieter durchlaufen werden.<\/p>\n<p>Der WahlSwiper ist ein Gemeinschaftsprojekt f\u00fcr dessen Umsetzung unter andere ein Team um den Politikwissenschaftler Prof. Uwe Wagschal von der Albert-Ludwigs-Universit\u00e4t Freiburg verantwortlich zeichnet.<\/p>\n<h2>Auf iPhone, iPad, Apple TV und im Web<\/h2>\n<p>Grunds\u00e4tzlich richtet sich die App an alle halbwegs politikinteressierten Anwender und Anwenderinnen und soll dabei helfen die entscheidende Frage zu beantworten: Welche Partei passt am besten zu mir?<\/p>\n<p>Der werbefreie Download befragt euch daf\u00fcr unter anderem nach euren Positionen in Sachen Mietendeckel, Mindestlohn und Corona-Pandemie.<\/p>\n<!-- WP-Appbox (Version: 4.5.12 \/\/ Store: appstore \/\/ ID: 1231104532) -->\t<!-- app-link -->\n\t<div id=\"article-single-app-preview\">\n\t\t<div id=\"article-single-app-preview-header\">\n\t\t\t<span class=\"title\">Laden im App Store<\/span>\n\t\t<\/div>\n\t\t<div id=\"article-single-app-preview-content\">\n\t\t\t<div id=\"article-single-app-preview-img\"><img loading=\"lazy\" decoding=\"async\" src=\"\/\/is1-ssl.mzstatic.com\/image\/thumb\/Purple115\/v4\/0b\/d2\/8b\/0bd28ba1-21f0-19a9-8fe9-681656db9dd5\/AppIcon-1x_U007emarketing-0-7-0-85-220.png\/200x200ia-75.png\" alt=\"WahlSwiper\"  height=\"72\" width=\"72\" class=\"asl-icon-img\" \/><\/div>\n\t\t\t<div id=\"article-single-app-preview-desc\">\n\t\t\t\t<span class=\"name\">WahlSwiper<\/span><br \/>\n\t\t\t\t<span class=\"seller\">Entwickler: <a target=\"_blank\" rel=\"nofollow\" href=\"https:\/\/apps.apple.com\/de\/developer\/movact-gmbh\/id1231104531\">MOVACT GmbH<\/a><\/span>\n\t\t\t<\/div>\n\t\t\t<a target=\"_blank\" rel=\"nofollow\" href=\"https:\/\/apps.apple.com\/de\/app\/wahlswiper\/id1231104532\"><div id=\"article-single-app-preview-download\">Preis: Kostenlos<br \/>\n\t\t\t<span class=\"size\">Laden<\/span><\/div><\/a>\n\t\t<\/div>\n\t\t<!-- <div id=\"article-single-app-preview-footer\"><\/div>\t-->\n\t<\/div>\n\t<!-- app-link\/ende --><!-- \/WP-Appbox -->\n<p><img loading=\"lazy\" decoding=\"async\" src=\"https:\/\/vg09.met.vgwort.de\/na\/cea3497925f7413d819b208554b23240\" width=\"1\" height=\"1\" no-lazy class=\"tracking\"><\/p>\n","protected":false},"excerpt":{"rendered":"<a href=\"https:\/\/www.ifun.de\/wahlswiper-zur-bundestagswahl-2021-im-web-auf-ipad-und-apple-tv-174423\/\"><img width=\"150\" height=\"150\" src=\"https:\/\/images.ifun.de\/wp-content\/uploads\/2021\/08\/wahlswiper-ipad-150x150.jpg\" class=\"alignright tfe wp-post-image\" alt=\"Wahlswiper Ipad\" decoding=\"async\" loading=\"lazy\" \/><\/a><p>Bis der Wahl-O-Mat der Bundeszentrale f\u00fcr politische Bildung zur Bundestagswahl 2021 an den Start geht, m\u00fcssen noch zwei Wochen verstreichen. Zur diesj\u00e4hrigen Bundestagswahl wird der Wahl-O-Mat erst am 2. September ver\u00f6ffentlicht. Bis es soweit ist, l\u00e4sst sich die Zuordnung der eigenen politischen Interessen zu den im Wahlprogramm der Parteien formulierten, allerdings schon mal \u00fcber die [&hellip;]<\/p>\n","protected":false},"author":1,"featured_media":174425,"comment_status":"open","ping_status":"closed","sticky":false,"template":"","format":"standard","meta":{"_acf_changed":false,"footnotes":""},"categories":[1],"tags":[26,4737,811,810,5470],"class_list":["post-174423","post","type-post","status-publish","format-standard","has-post-thumbnail","hentry","category-news","tag-apple-tv","tag-apps","tag-bundestag","tag-politik","tag-wahlen"],"acf":[],"aioseo_notices":[],"subheadline":["Wahl-O-Mat folgt am 2. September"],"featured_image":["https:\/\/images.ifun.de\/wp-content\/uploads\/2021\/08\/wahlswiper.jpg"],"rest_api_enabler":{"subheadline":"Wahl-O-Mat folgt am 2. September","featured_image":"https:\/\/images.ifun.de\/wp-content\/uploads\/2021\/08\/wahlswiper.jpg"},"_links":{"self":[{"href":"https:\/\/www.ifun.de\/apiv2\/wp\/v2\/posts\/174423","targetHints":{"allow":["GET"]}}],"collection":[{"href":"https:\/\/www.ifun.de\/apiv2\/wp\/v2\/posts"}],"about":[{"href":"https:\/\/www.ifun.de\/apiv2\/wp\/v2\/types\/post"}],"author":[{"embeddable":true,"href":"https:\/\/www.ifun.de\/apiv2\/wp\/v2\/users\/1"}],"replies":[{"embeddable":true,"href":"https:\/\/www.ifun.de\/apiv2\/wp\/v2\/comments?post=174423"}],"version-history":[{"count":6,"href":"https:\/\/www.ifun.de\/apiv2\/wp\/v2\/posts\/174423\/revisions"}],"predecessor-version":[{"id":174432,"href":"https:\/\/www.ifun.de\/apiv2\/wp\/v2\/posts\/174423\/revisions\/174432"}],"wp:featuredmedia":[{"embeddable":true,"href":"https:\/\/www.ifun.de\/apiv2\/wp\/v2\/media\/174425"}],"wp:attachment":[{"href":"https:\/\/www.ifun.de\/apiv2\/wp\/v2\/media?parent=174423"}],"wp:term":[{"taxonomy":"category","embeddable":true,"href":"https:\/\/www.ifun.de\/apiv2\/wp\/v2\/categories?post=174423"},{"taxonomy":"post_tag","embeddable":true,"href":"https:\/\/www.ifun.de\/apiv2\/wp\/v2\/tags?post=174423"}],"curies":[{"name":"wp","href":"https:\/\/api.w.org\/{rel}","templated":true}]}}