{"id":174221,"date":"2021-08-16T18:15:58","date_gmt":"2021-08-16T16:15:58","guid":{"rendered":"https:\/\/www.ifun.de\/?p=174221"},"modified":"2021-08-16T18:15:58","modified_gmt":"2021-08-16T16:15:58","slug":"herr-der-ringe-amazon-kuendigt-2-staffel-mit-drehort-uk-an","status":"publish","type":"post","link":"https:\/\/www.ifun.de\/herr-der-ringe-amazon-kuendigt-2-staffel-mit-drehort-uk-an-174221\/","title":{"rendered":"&#8222;Herr der Ringe&#8220;: Amazon k\u00fcndigt 2. Staffel mit Drehort UK an"},"content":{"rendered":"<p>Es dauert zwar noch gut ein Jahr, bis die Amazon-Originals-Serie \u201eDer Herr der Ringe\u201c <a href=\"https:\/\/www.ifun.de\/herr-der-ringe-startet-am-2-september-bei-prime-video-173665\/\" title=\"\u201eHerr der Ringe\u201c startet am 2. September 2022 bei Prime Video\">am 2. September 2022<\/a> bei Prime Video startet, das hindert den Videodienst aber nicht daran, bereits auf die kommende zweite Staffel hinzuweisen. Diese wird wird ebenfalls auf den \u201eDer Herr der Ringe\u201c-Werken basierend im Jahr 2023 im Vereinigten K\u00f6nigreich gedreht &#8211; die Vorproduktion wird bereits im kommenden Jahr anlaufen.<\/p>\n<p><a href=\"https:\/\/images.ifun.de\/wp-content\/uploads\/2019\/02\/Herr-der-ringe.jpg\"><img loading=\"lazy\" decoding=\"async\" src=\"https:\/\/images.ifun.de\/wp-content\/uploads\/2019\/02\/Herr-der-ringe-500x355.jpg\" alt=\"Herr Der Ringe\" width=\"500\" height=\"355\" class=\"alignnone size-medium wp-image-133963\" srcset=\"https:\/\/images.ifun.de\/wp-content\/uploads\/2019\/02\/Herr-der-ringe-500x355.jpg 500w, https:\/\/images.ifun.de\/wp-content\/uploads\/2019\/02\/Herr-der-ringe-768x545.jpg 768w, https:\/\/images.ifun.de\/wp-content\/uploads\/2019\/02\/Herr-der-ringe-700x496.jpg 700w, https:\/\/images.ifun.de\/wp-content\/uploads\/2019\/02\/Herr-der-ringe.jpg 1000w\" sizes=\"auto, (max-width: 500px) 100vw, 500px\" \/><\/a><\/p>\n<p>Amazon zufolge steht die Verlagerung der Dreharbeiten von Neuseeland nach Gro\u00dfbritannien im Einklang mit der Strategie, die Pr\u00e4senz seiner Studios und Produktionsst\u00e4tten dort zu erweitern. So seien zahlreiche f\u00fcr Prime Video wichtige Serien- und Filmproduktionen bereits dort angesiedelt.<\/p>\n<p>\u201eDer Herr der Ringe\u201c d\u00fcrfte in jedem Fall eine der wichtigsten Produktionen der letzte Jahre bei Prime Video sein. Somit ist nicht verwunderlich, dass bereits an einer Fortsetzung gearbeitet wird. Ein Titel f\u00fcr die zweite Staffel der Serie ist derzeit noch nicht bekannt.<\/p>\n","protected":false},"excerpt":{"rendered":"<a href=\"https:\/\/www.ifun.de\/herr-der-ringe-amazon-kuendigt-2-staffel-mit-drehort-uk-an-174221\/\"><img decoding=\"async\" width=\"150\" src=\"https:\/\/images.ifun.de\/wp-content\/uploads\/2019\/02\/Herr-der-ringe-500x355.jpg\" class=\"alignright wp-post-image tfe\" alt=\"Herr Der Ringe\" title=\"\" \/><\/a><p>Es dauert zwar noch gut ein Jahr, bis die Amazon-Originals-Serie \u201eDer Herr der Ringe\u201c am 2. September 2022 bei Prime Video startet, das hindert den Videodienst aber nicht daran, bereits auf die kommende zweite Staffel hinzuweisen. Diese wird wird ebenfalls auf den \u201eDer Herr der Ringe\u201c-Werken basierend im Jahr 2023 im Vereinigten K\u00f6nigreich gedreht &#8211; [&hellip;]<\/p>\n","protected":false},"author":2,"featured_media":0,"comment_status":"open","ping_status":"closed","sticky":false,"template":"","format":"standard","meta":{"_acf_changed":false,"footnotes":""},"categories":[1],"tags":[3135],"class_list":["post-174221","post","type-post","status-publish","format-standard","hentry","category-news","tag-prime-video"],"acf":[],"aioseo_notices":[],"subheadline":["Vorproduktion ab 2022"],"featured_image":["https:\/\/images.ifun.de\/wp-content\/uploads\/2021\/08\/amazon-prime-video-herr-der-ringe.jpg"],"rest_api_enabler":{"subheadline":"Vorproduktion ab 2022","featured_image":"https:\/\/images.ifun.de\/wp-content\/uploads\/2021\/08\/amazon-prime-video-herr-der-ringe.jpg"},"_links":{"self":[{"href":"https:\/\/www.ifun.de\/apiv2\/wp\/v2\/posts\/174221","targetHints":{"allow":["GET"]}}],"collection":[{"href":"https:\/\/www.ifun.de\/apiv2\/wp\/v2\/posts"}],"about":[{"href":"https:\/\/www.ifun.de\/apiv2\/wp\/v2\/types\/post"}],"author":[{"embeddable":true,"href":"https:\/\/www.ifun.de\/apiv2\/wp\/v2\/users\/2"}],"replies":[{"embeddable":true,"href":"https:\/\/www.ifun.de\/apiv2\/wp\/v2\/comments?post=174221"}],"version-history":[{"count":2,"href":"https:\/\/www.ifun.de\/apiv2\/wp\/v2\/posts\/174221\/revisions"}],"predecessor-version":[{"id":174223,"href":"https:\/\/www.ifun.de\/apiv2\/wp\/v2\/posts\/174221\/revisions\/174223"}],"wp:attachment":[{"href":"https:\/\/www.ifun.de\/apiv2\/wp\/v2\/media?parent=174221"}],"wp:term":[{"taxonomy":"category","embeddable":true,"href":"https:\/\/www.ifun.de\/apiv2\/wp\/v2\/categories?post=174221"},{"taxonomy":"post_tag","embeddable":true,"href":"https:\/\/www.ifun.de\/apiv2\/wp\/v2\/tags?post=174221"}],"curies":[{"name":"wp","href":"https:\/\/api.w.org\/{rel}","templated":true}]}}