{"id":174166,"date":"2021-08-13T20:06:20","date_gmt":"2021-08-13T18:06:20","guid":{"rendered":"https:\/\/www.ifun.de\/?p=174166"},"modified":"2021-08-13T20:06:20","modified_gmt":"2021-08-13T18:06:20","slug":"gemeinsamer-smarthome-standard-matter-kommt-erst-2022","status":"publish","type":"post","link":"https:\/\/www.ifun.de\/gemeinsamer-smarthome-standard-matter-kommt-erst-2022-174166\/","title":{"rendered":"Gemeinsamer Smarthome-Standard Matter kommt erst 2022"},"content":{"rendered":"<p>Die Einf\u00fchrung des neuen Smarthome-Standards Matter verschiebt sich um mehrere Monate. Als wir <a href=\"https:\/\/www.ifun.de\/matter-auch-apples-neuer-smart-home-standard-170265\/\" title=\"Matter: (Auch) Apples neuer Smart-Home-Standard\">im Fr\u00fchjahr<\/a> \u00fcber die Ank\u00fcndigung des von Unternehmen wie Apple, Amazon und Google unterst\u00fctzen Standards berichtet haben, war noch die Zertifizierung erster Ger\u00e4te bereits in diesem Jahr im Gespr\u00e4ch. Jetzt hat das hinter Matter stehende Konsortium die diesen Erwartungen zugrunde liegende Zeitleiste <a href=\"https:\/\/zigbeealliance.org\/news_and_articles\/building-a-standard-that-really-matters\/\">\u00fcberarbeitet<\/a>: Man plane nun, bis Jahresende eine Vorabversion der technischen Spezifikationen bereit zu haben. Das offizielle Zertifizierungsprogramm soll dann im ersten Halbjahr 2022 starten. Wenn dieser Zeitplan eingehalten wird, k\u00f6nnten wir in der zweiten H\u00e4lfte des kommenden Jahres dann die ersten mit Matter kompatiblen Produkte sehen.<\/p>\n<p><a href=\"https:\/\/images.ifun.de\/wp-content\/uploads\/2021\/05\/matter-1400.jpg\"><img loading=\"lazy\" decoding=\"async\" src=\"https:\/\/images.ifun.de\/wp-content\/uploads\/2021\/05\/matter-1400-700x358.jpg\" alt=\"Matter 1400\" width=\"700\" height=\"358\" class=\"alignnone size-large wp-image-170267\" srcset=\"https:\/\/images.ifun.de\/wp-content\/uploads\/2021\/05\/matter-1400-700x358.jpg 700w, https:\/\/images.ifun.de\/wp-content\/uploads\/2021\/05\/matter-1400-500x256.jpg 500w, https:\/\/images.ifun.de\/wp-content\/uploads\/2021\/05\/matter-1400-768x393.jpg 768w, https:\/\/images.ifun.de\/wp-content\/uploads\/2021\/05\/matter-1400.jpg 1400w\" sizes=\"auto, (max-width: 700px) 100vw, 700px\" \/><\/a><\/p>\n<p>Matter ist als plattform\u00fcbergreifendes Smarthome-Protokoll schon seit geraumer Zeit in der Mache. Die Grundlagen daf\u00fcr wurden bereits 2018 mit dem gemeinsam von Amazon, Apple und Google vorangetriebenen \u201eProject Connected Home over IP\u201c, auch CHIP genannt, geschaffen. Letztendlich hat sich mit der Ank\u00fcndigung im Mai nur der Name des gemeinschaftlichen Projekts ge\u00e4ndert, das Ziel bleibt unver\u00e4ndert die M\u00f6glichkeit, mithilfe eines einheitlichen Protokolls eine Interoperabilit\u00e4t f\u00fcr Smarthome-Ger\u00e4te zu schaffen. Dabei d\u00fcrften sich die drei Schwergewichte Amazon, Apple und Google gegenseitig erg\u00e4nzen. Im besten Fall lassen sich dann Ger\u00e4te von Amazon und Google auch \u00fcber HomeKit ansprechen, was einerseits diese Ger\u00e4te f\u00fcr HomeKit-Nutzer, umgekehrt aber auch HomeKit f\u00fcr Kunden aus der Smarthome-Welt von Amazon oder Google interessanter macht.<\/p>\n<p>Wie dieses Zusammenspiel im Detail funktioniert, m\u00fcssen die derzeit erarbeiteten Spezifikationen und darauf basierende erste Produkte zeigen. Unterm Strich pr\u00e4sentiert sich Matter zumindest aktuell als jener Smarthome-Standard, den wir uns l\u00e4ngst gew\u00fcnscht haben. Matter soll unterschiedliche Protokolle und Standards sowie die Produkte verschiedener Smarthome-Welten dazu bringen, ein und dieselbe Sprache zu sprechen.<\/p>\n<p>Weiterf\u00fchrende Infos und zudem einen kompetenten Podcast zum Thema Smarthome findet ihr bei <a href=\"https:\/\/staceyoniot.com\/does-it-matter-smart-home-standard-is-delayed-until-2022\/\">Stacy Higginbotham<\/a>.<img loading=\"lazy\" decoding=\"async\" src=\"https:\/\/vg09.met.vgwort.de\/na\/c188896c98e74971bcc01cc6635f33d9\" width=\"1\" height=\"1\" no-lazy class=\"tracking\"><\/p>\n","protected":false},"excerpt":{"rendered":"<a href=\"https:\/\/www.ifun.de\/gemeinsamer-smarthome-standard-matter-kommt-erst-2022-174166\/\"><img decoding=\"async\" width=\"150\" src=\"https:\/\/images.ifun.de\/wp-content\/uploads\/2021\/05\/matter-1400-700x358.jpg\" class=\"alignright wp-post-image tfe\" alt=\"Matter 1400\" title=\"\" \/><\/a><p>Die Einf\u00fchrung des neuen Smarthome-Standards Matter verschiebt sich um mehrere Monate. Als wir im Fr\u00fchjahr \u00fcber die Ank\u00fcndigung des von Unternehmen wie Apple, Amazon und Google unterst\u00fctzen Standards berichtet haben, war noch die Zertifizierung erster Ger\u00e4te bereits in diesem Jahr im Gespr\u00e4ch. Jetzt hat das hinter Matter stehende Konsortium die diesen Erwartungen zugrunde liegende Zeitleiste [&hellip;]<\/p>\n","protected":false},"author":2,"featured_media":0,"comment_status":"open","ping_status":"closed","sticky":false,"template":"","format":"standard","meta":{"_acf_changed":false,"footnotes":""},"categories":[1],"tags":[],"class_list":["post-174166","post","type-post","status-publish","format-standard","hentry","category-news"],"acf":[],"aioseo_notices":[],"subheadline":["Apple, Amazon und Google"],"featured_image":["https:\/\/images.ifun.de\/wp-content\/uploads\/2021\/05\/matter-feature.jpg"],"rest_api_enabler":{"subheadline":"Apple, Amazon und Google","featured_image":"https:\/\/images.ifun.de\/wp-content\/uploads\/2021\/05\/matter-feature.jpg"},"_links":{"self":[{"href":"https:\/\/www.ifun.de\/apiv2\/wp\/v2\/posts\/174166","targetHints":{"allow":["GET"]}}],"collection":[{"href":"https:\/\/www.ifun.de\/apiv2\/wp\/v2\/posts"}],"about":[{"href":"https:\/\/www.ifun.de\/apiv2\/wp\/v2\/types\/post"}],"author":[{"embeddable":true,"href":"https:\/\/www.ifun.de\/apiv2\/wp\/v2\/users\/2"}],"replies":[{"embeddable":true,"href":"https:\/\/www.ifun.de\/apiv2\/wp\/v2\/comments?post=174166"}],"version-history":[{"count":2,"href":"https:\/\/www.ifun.de\/apiv2\/wp\/v2\/posts\/174166\/revisions"}],"predecessor-version":[{"id":174168,"href":"https:\/\/www.ifun.de\/apiv2\/wp\/v2\/posts\/174166\/revisions\/174168"}],"wp:attachment":[{"href":"https:\/\/www.ifun.de\/apiv2\/wp\/v2\/media?parent=174166"}],"wp:term":[{"taxonomy":"category","embeddable":true,"href":"https:\/\/www.ifun.de\/apiv2\/wp\/v2\/categories?post=174166"},{"taxonomy":"post_tag","embeddable":true,"href":"https:\/\/www.ifun.de\/apiv2\/wp\/v2\/tags?post=174166"}],"curies":[{"name":"wp","href":"https:\/\/api.w.org\/{rel}","templated":true}]}}