{"id":174157,"date":"2021-08-13T17:12:27","date_gmt":"2021-08-13T15:12:27","guid":{"rendered":"https:\/\/www.ifun.de\/?p=174157"},"modified":"2021-08-13T17:12:27","modified_gmt":"2021-08-13T15:12:27","slug":"macos-monterey-neue-public-beta-und-neue-iwork-symbole","status":"publish","type":"post","link":"https:\/\/www.ifun.de\/macos-monterey-neue-public-beta-und-neue-iwork-symbole-174157\/","title":{"rendered":"macOS Monterey: Neue Public Beta und neue iWork-Symbole"},"content":{"rendered":"<p>Apples kommendes Mac-Betriebssystem macOS Monterey ist mittlerweile bei der vierten \u00f6ffentlich verf\u00fcgbaren Beta-Version angelangt. Das letzte Nacht freigegebene Update h\u00e4lt sich mit Neuerungen zur\u00fcck sondern legt den Fokus auf Fehlerbehebungen und Leistungsverbesserungen.<\/p>\n<p>macOS Monterey wurde <a href=\"https:\/\/www.ifun.de\/macos-12-monterey-universal-control-und-kurzbefehle-app-auf-dem-mac-171326\/\" title=\"macOS 12 Monterey: \u201eUniversal Control\u201c und Kurzbefehle-App auf dem Mac\">im Juni<\/a> auf der Apple-Entwicklerkonferenz WWDC vorgestellt und verspricht einen bunten Reigen von <a href=\"https:\/\/www.apple.com\/de\/macos\/monterey-preview\/features\/\">Funktionserweiterungen und Verbesserungen<\/a>. Allerdings wurden nicht alle von Apple angek\u00fcndigten Neuerungen von der Allgemeinheit mit Begeisterung aufgenommen, so wurde die urspr\u00fcnglich als Standard vorgesehene kompakte Men\u00fcleiste <a href=\"https:\/\/www.ifun.de\/safari-fuer-macos-monterey-apples-neuerungen-sind-nichts-fuer-power-user-171822\/\">auf Proteste von Anwendern hin<\/a> zur\u00fcckgestellt und steht nun als Option in den Safari-Einstellungen bereit.<\/p>\n<p>macOS Monterey wird aller Voraussicht nach im Oktober ver\u00f6ffentlicht. Interessierte Nutzer k\u00f6nnen das kommende Betriebssystem im Rahmen von <a href=\"https:\/\/beta.apple.com\/sp\/de\/betaprogram\/\" title=\"\u00f6ffentlichen Beta-Programm\">Apples \u00f6ffentlichem Beta-Programm<\/a> bereits jetzt testen, sollten sich allerdings dessen bewusst sein, dass noch nicht alle Funktionen zwingend wie geplant funktionieren oder bereitstehen.<\/p>\n<h2>Neue iWork-Icons orientieren sich an iOS<\/h2>\n<p>Wer sich f\u00fcr Details interessiert, sei auf die mit der neuesten Beta-Version von macOS Monterey verf\u00fcgbaren \u00fcberarbeiten Symbole f\u00fcr die iWork-Apps Pages, Numbers und Keynote hingewiesen. Apple l\u00f6st sich hier weitgehend von den alten Mac-Symbolen und orientiert sich an deren \u201eflachen\u201c iOS-Versionen, beh\u00e4lt mit Schatten- und Grafikeffekten aber dennoch ein klein wenig <a href=\"https:\/\/de.wikipedia.org\/wiki\/Skeuomorphismus\">Skeuomorphismus<\/a> bei.<\/p>\n<p><a href=\"https:\/\/images.ifun.de\/wp-content\/uploads\/2021\/08\/icons-iwork-apps.jpg\"><img loading=\"lazy\" decoding=\"async\" src=\"https:\/\/images.ifun.de\/wp-content\/uploads\/2021\/08\/icons-iwork-apps-700x613.jpg\" alt=\"Icons Iwork Apps\" width=\"700\" height=\"613\" class=\"alignnone size-large wp-image-174158\" srcset=\"https:\/\/images.ifun.de\/wp-content\/uploads\/2021\/08\/icons-iwork-apps-700x613.jpg 700w, https:\/\/images.ifun.de\/wp-content\/uploads\/2021\/08\/icons-iwork-apps-500x438.jpg 500w, https:\/\/images.ifun.de\/wp-content\/uploads\/2021\/08\/icons-iwork-apps-768x672.jpg 768w, https:\/\/images.ifun.de\/wp-content\/uploads\/2021\/08\/icons-iwork-apps.jpg 1400w\" sizes=\"auto, (max-width: 700px) 100vw, 700px\" \/><\/a><\/p>\n<h6>Bilder: <a href=\"https:\/\/www.macrumors.com\/2021\/08\/12\/macos-12-monterey-iwork-icons\/\">MacRumors<\/a>\/Apple<\/h6>\n","protected":false},"excerpt":{"rendered":"<a href=\"https:\/\/www.ifun.de\/macos-monterey-neue-public-beta-und-neue-iwork-symbole-174157\/\"><img width=\"150\" height=\"150\" src=\"https:\/\/images.ifun.de\/wp-content\/uploads\/2021\/08\/icons-iwork-apps-150x150.jpg\" class=\"alignright tfe wp-post-image\" alt=\"Icons Iwork Apps\" decoding=\"async\" loading=\"lazy\" \/><\/a><p>Apples kommendes Mac-Betriebssystem macOS Monterey ist mittlerweile bei der vierten \u00f6ffentlich verf\u00fcgbaren Beta-Version angelangt. Das letzte Nacht freigegebene Update h\u00e4lt sich mit Neuerungen zur\u00fcck sondern legt den Fokus auf Fehlerbehebungen und Leistungsverbesserungen. macOS Monterey wurde im Juni auf der Apple-Entwicklerkonferenz WWDC vorgestellt und verspricht einen bunten Reigen von Funktionserweiterungen und Verbesserungen. Allerdings wurden nicht alle [&hellip;]<\/p>\n","protected":false},"author":2,"featured_media":174158,"comment_status":"open","ping_status":"closed","sticky":false,"template":"","format":"standard","meta":{"_acf_changed":false,"footnotes":""},"categories":[1],"tags":[427,5492],"class_list":["post-174157","post","type-post","status-publish","format-standard","has-post-thumbnail","hentry","category-news","tag-iwork","tag-macos-montery"],"acf":[],"aioseo_notices":[],"subheadline":["Update f\u00fcr freiwillige Tester"],"featured_image":["https:\/\/images.ifun.de\/wp-content\/uploads\/2021\/06\/macos-monterey-header.jpg"],"rest_api_enabler":{"subheadline":"Update f\u00fcr freiwillige Tester","featured_image":"https:\/\/images.ifun.de\/wp-content\/uploads\/2021\/06\/macos-monterey-header.jpg"},"_links":{"self":[{"href":"https:\/\/www.ifun.de\/apiv2\/wp\/v2\/posts\/174157","targetHints":{"allow":["GET"]}}],"collection":[{"href":"https:\/\/www.ifun.de\/apiv2\/wp\/v2\/posts"}],"about":[{"href":"https:\/\/www.ifun.de\/apiv2\/wp\/v2\/types\/post"}],"author":[{"embeddable":true,"href":"https:\/\/www.ifun.de\/apiv2\/wp\/v2\/users\/2"}],"replies":[{"embeddable":true,"href":"https:\/\/www.ifun.de\/apiv2\/wp\/v2\/comments?post=174157"}],"version-history":[{"count":2,"href":"https:\/\/www.ifun.de\/apiv2\/wp\/v2\/posts\/174157\/revisions"}],"predecessor-version":[{"id":174160,"href":"https:\/\/www.ifun.de\/apiv2\/wp\/v2\/posts\/174157\/revisions\/174160"}],"wp:featuredmedia":[{"embeddable":true,"href":"https:\/\/www.ifun.de\/apiv2\/wp\/v2\/media\/174158"}],"wp:attachment":[{"href":"https:\/\/www.ifun.de\/apiv2\/wp\/v2\/media?parent=174157"}],"wp:term":[{"taxonomy":"category","embeddable":true,"href":"https:\/\/www.ifun.de\/apiv2\/wp\/v2\/categories?post=174157"},{"taxonomy":"post_tag","embeddable":true,"href":"https:\/\/www.ifun.de\/apiv2\/wp\/v2\/tags?post=174157"}],"curies":[{"name":"wp","href":"https:\/\/api.w.org\/{rel}","templated":true}]}}