{"id":174016,"date":"2021-08-10T20:20:29","date_gmt":"2021-08-10T18:20:29","guid":{"rendered":"https:\/\/www.ifun.de\/?p=174016"},"modified":"2021-08-10T20:20:29","modified_gmt":"2021-08-10T18:20:29","slug":"ikea-skvaeder-steckdosen-in-deutschland-airtags-wieder-fuer-100-euro","status":"publish","type":"post","link":"https:\/\/www.ifun.de\/ikea-skvaeder-steckdosen-in-deutschland-airtags-wieder-fuer-100-euro-174016\/","title":{"rendered":"IKEA \u00c5SKV\u00c4DER-Steckdosen in Deutschland &#8211; AirTags wieder f\u00fcr 100 Euro"},"content":{"rendered":"<p>Zu Jahresbeginn hat IKEA das modulare Steckdosensystem <a href=\"https:\/\/www.ifun.de\/ikea-smart-home-skvaeder-mehrfachsteckdosen-starten-in-skandinavien-165954\/\">\u00c5SKV\u00c4DER<\/a> vorgestellt. Bislang sind wir noch davon ausgegangen, dass der Vertrieb der etwas eigenwilligen Produktlinie auf den skandinavischen Markt beschr\u00e4nkt ist, doch tauchen die Produkte nun in den ersten deutschen IKEA-M\u00e4rkten auf. ifun.de-Leser R4inB0wD4sh berichtet, dass einzelne \u00c5SKV\u00c4DER-Komponenten bei IKEA Frankfurt auf Lager sind.<\/p>\n<p><a href=\"https:\/\/images.ifun.de\/wp-content\/uploads\/2021\/02\/steckdose.jpg\"><img loading=\"lazy\" decoding=\"async\" class=\"aligncenter size-medium wp-image-165955\" src=\"https:\/\/images.ifun.de\/wp-content\/uploads\/2021\/02\/steckdose-500x500.jpg\" alt=\"Steckdose\" width=\"500\" height=\"500\" srcset=\"https:\/\/images.ifun.de\/wp-content\/uploads\/2021\/02\/steckdose-500x500.jpg 500w, https:\/\/images.ifun.de\/wp-content\/uploads\/2021\/02\/steckdose-150x150.jpg 150w, https:\/\/images.ifun.de\/wp-content\/uploads\/2021\/02\/steckdose.jpg 700w\" sizes=\"auto, (max-width: 500px) 100vw, 500px\" \/><\/a><\/p>\n<p>Bei den Produkten aus der \u00c5SKV\u00c4DER-Reihe handelt es sich um kombinierbare ein- und zweifache Aufputz-Steckdosen, Schalt-Elemente, Verl\u00e4ngerungskabel und Wandhalterungen, die sich zumindest teilweise auch in das TR\u00c5DFRI-Smarthome-System des Einrichtungshauses integrieren lassen. Zu einem Termin f\u00fcr den offiziellen Verkaufsstart der Produkte hierzulande und auch deren m\u00f6gliche HomeKit-Kompatibilit\u00e4t will sich IKEA Deutschland bislang nicht \u00e4u\u00dfern.<\/p>\n<p><video poster=\"\" preload=\"auto\" controls=\"controls\" width=\"700\" height=\"390\"><source src=\"https:\/\/mmapi.ikea.com\/im\/productfilms\/videos\/fe001156.mp4\" \/><h2>4 AirTags wieder f\u00fcr 100 Euro erh\u00e4ltlich<\/h2>\n<p>Ein schneller Hinweis auch noch f\u00fcr all jene, die bei den vergangenen AirTags-Aktionen bei Amazon leer ausgegangen sind. Aktuell l\u00e4sst sich das <a rel=\"noindex, nofollow\" href=\"http:\/\/www.ifun.de\/amzn\/B0936LWNHQ\" title=\"4er-Pack mit Apples AirTags\">4er-Pack mit Apples AirTags<\/a> wieder zum Aktionspreis von 100 Euro bestellen, also 19 Euro g\u00fcnstiger als bei Apple selbst.<\/p>\n<p>Wie immer weisen wir damit verbunden gleich darauf hin, dass die Verf\u00fcgbarkeit hier stets sehr begrenzt war und ihr euch zudem auf etwas Wartezeit einstellen m\u00fcsst: Aktuell wird die Verf\u00fcgbarkeit mit dem 31. August angegeben , teils lassen sich die AirTags auch ohne konkretes Lieferdatum zum vor\u00fcbergehend verf\u00fcgbaren Aktionspreis in den Warenkorb legen.<\/p>\n<script>\r\n  function open_amazon(link) {\r\n    if (navigator.userAgent.indexOf(\"Firefox\") != -1) {\r\n      window.open(link, '_blank');\r\n    } else {\r\n      var tag = document.createElement('a');\r\n      tag.setAttribute('href', link);\r\n      tag.innerHTML = \"amzn\";\r\n      tag.click();\r\n    }\r\n  }\r\n<\/script>\r\n    <div id=\"article-single-amazon-preview\" onclick=\"return open_amazon('https:\/\/www.amazon.de\/dp\/B0936LWNHQ?tag=musicweb02&linkCode=ogi&th=1&psc=1');\">\n  <div id=\"article-single-amazon-preview-header\">\n    <span class=\"title\">Produkthinweis<\/span>\n      <\/div>\n  <div id=\"article-single-amazon-preview-content\">\n    <div id=\"article-single-amazon-preview-img\" style=\"background: url('https:\/\/m.media-amazon.com\/images\/I\/31pkFJyZbxL.jpg') center center no-repeat; background-size: cover;\"><\/div>\n    <div id=\"article-single-amazon-preview-desc\">\n      <span class=\"bezeichnung\"><a href=\"https:\/\/www.amazon.de\/dp\/B0936LWNHQ?tag=musicweb02&linkCode=ogi&th=1&psc=1\" style=\"text-decoration: none; border-bottom: 0px; box-shadow: none;\">Neu Apple AirTag 4er Pack<\/a><\/span>\n      <span class=\"preis--aktuell\"><\/span>\n      <span class=\"preis--alt\"><\/span>\n    <\/div>\n  <\/div>\n<\/div>\n","protected":false},"excerpt":{"rendered":"<a href=\"https:\/\/www.ifun.de\/ikea-skvaeder-steckdosen-in-deutschland-airtags-wieder-fuer-100-euro-174016\/\"><img decoding=\"async\" width=\"150\" src=\"https:\/\/images.ifun.de\/wp-content\/uploads\/2021\/02\/steckdose-500x500.jpg\" class=\"alignright wp-post-image tfe\" alt=\"Steckdose\" title=\"\" \/><\/a><p>Zu Jahresbeginn hat IKEA das modulare Steckdosensystem \u00c5SKV\u00c4DER vorgestellt. Bislang sind wir noch davon ausgegangen, dass der Vertrieb der etwas eigenwilligen Produktlinie auf den skandinavischen Markt beschr\u00e4nkt ist, doch tauchen die Produkte nun in den ersten deutschen IKEA-M\u00e4rkten auf. ifun.de-Leser R4inB0wD4sh berichtet, dass einzelne \u00c5SKV\u00c4DER-Komponenten bei IKEA Frankfurt auf Lager sind. Bei den Produkten aus [&hellip;]<\/p>\n","protected":false},"author":2,"featured_media":0,"comment_status":"open","ping_status":"closed","sticky":false,"template":"","format":"standard","meta":{"_acf_changed":false,"footnotes":""},"categories":[1],"tags":[],"class_list":["post-174016","post","type-post","status-publish","format-standard","hentry","category-news"],"acf":[],"aioseo_notices":[],"subheadline":["Kurz und knapp"],"featured_image":["https:\/\/images.ifun.de\/wp-content\/uploads\/2021\/02\/IKEA-AASKVAEDER.jpg"],"rest_api_enabler":{"subheadline":"Kurz und knapp","featured_image":"https:\/\/images.ifun.de\/wp-content\/uploads\/2021\/02\/IKEA-AASKVAEDER.jpg"},"_links":{"self":[{"href":"https:\/\/www.ifun.de\/apiv2\/wp\/v2\/posts\/174016","targetHints":{"allow":["GET"]}}],"collection":[{"href":"https:\/\/www.ifun.de\/apiv2\/wp\/v2\/posts"}],"about":[{"href":"https:\/\/www.ifun.de\/apiv2\/wp\/v2\/types\/post"}],"author":[{"embeddable":true,"href":"https:\/\/www.ifun.de\/apiv2\/wp\/v2\/users\/2"}],"replies":[{"embeddable":true,"href":"https:\/\/www.ifun.de\/apiv2\/wp\/v2\/comments?post=174016"}],"version-history":[{"count":3,"href":"https:\/\/www.ifun.de\/apiv2\/wp\/v2\/posts\/174016\/revisions"}],"predecessor-version":[{"id":174020,"href":"https:\/\/www.ifun.de\/apiv2\/wp\/v2\/posts\/174016\/revisions\/174020"}],"wp:attachment":[{"href":"https:\/\/www.ifun.de\/apiv2\/wp\/v2\/media?parent=174016"}],"wp:term":[{"taxonomy":"category","embeddable":true,"href":"https:\/\/www.ifun.de\/apiv2\/wp\/v2\/categories?post=174016"},{"taxonomy":"post_tag","embeddable":true,"href":"https:\/\/www.ifun.de\/apiv2\/wp\/v2\/tags?post=174016"}],"curies":[{"name":"wp","href":"https:\/\/api.w.org\/{rel}","templated":true}]}}