{"id":173993,"date":"2021-08-10T14:37:13","date_gmt":"2021-08-10T12:37:13","guid":{"rendered":"https:\/\/www.ifun.de\/?p=173993"},"modified":"2021-08-11T14:47:24","modified_gmt":"2021-08-11T12:47:24","slug":"apple-will-chefs-ueberzeugen-11-gruende-warum-der-mac-gut-fuers-business-ist","status":"publish","type":"post","link":"https:\/\/www.ifun.de\/apple-will-chefs-ueberzeugen-11-gruende-warum-der-mac-gut-fuers-business-ist-173993\/","title":{"rendered":"Apple will Chefs \u00fcberzeugen: &#8222;11 Gr\u00fcnde warum der Mac gut f\u00fcrs Business ist&#8220;"},"content":{"rendered":"<p>Wer seinen Chef davon \u00fcberzeugen will, dass ein Mac die bessere Alternative zum Windows-Rechner am Arbeitsplatz w\u00e4re, bekommt von Apple Deutschland jetzt einen Stapel Argumente frei Haus. Unter der \u00dcberschrift \u201e<a href=\"https:\/\/www.apple.com\/de\/business\/mac\/\">11 Gr\u00fcnde warum der Mac gut f\u00fcrs Business ist<\/a>\u201c fasst Apple die St\u00e4rken aktueller Mac-Computer zusammen und r\u00e4umt dabei auch mit l\u00e4ngst \u00fcberholten Vorurteilen auf.<\/p>\n<p>An erster Stelle der Argumentationskette steht zumindest aus Apples Sicht die herausragende Leistung der neuen Apple-Prozessoren und damit verbunden auch die M\u00f6glichkeit des effektiveren Arbeitens. Beim Einsatz von Notebooks kommt hier noch die au\u00dfergew\u00f6hnlich lange Batterielaufzeit der MacBooks mit bis zu 18 Stunden hinzu.<\/p>\n<p><a href=\"https:\/\/images.ifun.de\/wp-content\/uploads\/2021\/08\/apple-11-gruende-mac-business.jpg\"><img loading=\"lazy\" decoding=\"async\" src=\"https:\/\/images.ifun.de\/wp-content\/uploads\/2021\/08\/apple-11-gruende-mac-business-700x531.jpg\" alt=\"Apple 11 Gruende Mac Business\" width=\"700\" height=\"531\" class=\"alignnone size-large wp-image-173999\" srcset=\"https:\/\/images.ifun.de\/wp-content\/uploads\/2021\/08\/apple-11-gruende-mac-business-700x531.jpg 700w, https:\/\/images.ifun.de\/wp-content\/uploads\/2021\/08\/apple-11-gruende-mac-business-500x380.jpg 500w, https:\/\/images.ifun.de\/wp-content\/uploads\/2021\/08\/apple-11-gruende-mac-business-768x583.jpg 768w, https:\/\/images.ifun.de\/wp-content\/uploads\/2021\/08\/apple-11-gruende-mac-business.jpg 1324w\" sizes=\"auto, (max-width: 700px) 100vw, 700px\" \/><\/a><\/p>\n<p>Apple wirbt zudem mit intuitiven Nutzungsm\u00f6glichkeiten und einfacher Konfiguration sowie unternehmensfreundlichen Integrationsm\u00f6glichkeiten beispielsweise durch automatisierte Anwendungsbereitstellung und zentrale Verwaltung. Gleichzeitig will der Hersteller mit dem Vorurteil aufr\u00e4umen, dass etliche der in Unternehmen genutzten Apps nur f\u00fcr Windows-Computer bereitstehen und macht die Ansage, dass alle von Unternehmen ben\u00f6tigten Apps perfekt auch auf dem Mac laufen.<\/p>\n<p>Die neue, im Rahmen der Kampagne \u201eApple at Work\u201c ver\u00f6ffentlichte Webseite ist in den USA bereits seit mehreren Wochen abrufbar. Jetzt hat Apple Deutschland die \u201e11 Gr\u00fcnde\u201c auch in einer deutschen Version ver\u00f6ffentlicht und verlinkt von dort aus auch auf verwandte Themenbereiche wie <a href=\"https:\/\/www.apple.com\/de\/business\/it\/\">Macs in IT-Umgebungen<\/a> und <a href=\"https:\/\/www.apple.com\/de\/business\/apps\/\">Apps f\u00fcr den Unternehmenseinsatz<\/a>. Als <a href=\"https:\/\/www.apple.com\/de\/business\/partners\/\">Beispiele f\u00fcr den erfolgreichen Einsatz von Macs im Unternehmensumfeld<\/a> f\u00fchrt Apple unter anderem SAP, IBM und Salesforce an.<\/p>\n<p><a href=\"https:\/\/images.ifun.de\/wp-content\/uploads\/2021\/08\/apple-at-work.jpg\"><img loading=\"lazy\" decoding=\"async\" src=\"https:\/\/images.ifun.de\/wp-content\/uploads\/2021\/08\/apple-at-work-700x474.jpg\" alt=\"Apple At Work\" width=\"700\" height=\"474\" class=\"alignnone size-large wp-image-173998\" srcset=\"https:\/\/images.ifun.de\/wp-content\/uploads\/2021\/08\/apple-at-work-700x474.jpg 700w, https:\/\/images.ifun.de\/wp-content\/uploads\/2021\/08\/apple-at-work-500x338.jpg 500w, https:\/\/images.ifun.de\/wp-content\/uploads\/2021\/08\/apple-at-work-768x519.jpg 768w, https:\/\/images.ifun.de\/wp-content\/uploads\/2021\/08\/apple-at-work.jpg 1400w\" sizes=\"auto, (max-width: 700px) 100vw, 700px\" \/><\/a><\/p>\n<p>Im Rahmen seiner \u201eApple at Work\u201c-Kampagne will Apple die IT-Entscheidungen von Unternehmen nicht nur durch die Auflistung von Leistungsdaten und Anwendungsm\u00f6glichkeiten beeinflussen, sondern betont besonders auch den damit verbundenen Motivationsschub f\u00fcr die Mitarbeiter. Als Beispiel hierf\u00fcr soll die Erfolgsgeschichte des Finanzunternehmens Capital One herhalten: \u201e<a href=\"https:\/\/www.apple.com\/de\/business\/\">Wenn Menschen ihre Arbeit lieben, leisten sie auch gro\u00dfartige Arbeit<\/a>\u201c.<img loading=\"lazy\" decoding=\"async\" src=\"https:\/\/vg05.met.vgwort.de\/na\/b7d8b8f34f5d4e85838f99191705e655\" width=\"1\" height=\"1\" no-lazy class=\"tracking\"><\/p>\n","protected":false},"excerpt":{"rendered":"<a href=\"https:\/\/www.ifun.de\/apple-will-chefs-ueberzeugen-11-gruende-warum-der-mac-gut-fuers-business-ist-173993\/\"><img width=\"150\" height=\"150\" src=\"https:\/\/images.ifun.de\/wp-content\/uploads\/2021\/08\/macbook-mit-macos-big-sur-150x150.jpg\" class=\"alignright tfe wp-post-image\" alt=\"Macbook Mit Macos Big Sur\" decoding=\"async\" loading=\"lazy\" \/><\/a><p>Wer seinen Chef davon \u00fcberzeugen will, dass ein Mac die bessere Alternative zum Windows-Rechner am Arbeitsplatz w\u00e4re, bekommt von Apple Deutschland jetzt einen Stapel Argumente frei Haus. Unter der \u00dcberschrift \u201e11 Gr\u00fcnde warum der Mac gut f\u00fcrs Business ist\u201c fasst Apple die St\u00e4rken aktueller Mac-Computer zusammen und r\u00e4umt dabei auch mit l\u00e4ngst \u00fcberholten Vorurteilen auf. [&hellip;]<\/p>\n","protected":false},"author":2,"featured_media":174000,"comment_status":"open","ping_status":"closed","sticky":false,"template":"","format":"standard","meta":{"_acf_changed":false,"footnotes":""},"categories":[16],"tags":[6321,948,30],"class_list":["post-173993","post","type-post","status-publish","format-standard","has-post-thumbnail","hentry","category-mac","tag-mac","tag-unternehmen","tag-werbung"],"acf":[],"aioseo_notices":[],"subheadline":["Werbekampagne zielt auf Unternehmen"],"featured_image":["https:\/\/images.ifun.de\/wp-content\/uploads\/2021\/08\/macbook-mit-macos-big-sur.jpg"],"rest_api_enabler":{"subheadline":"Werbekampagne zielt auf Unternehmen","featured_image":"https:\/\/images.ifun.de\/wp-content\/uploads\/2021\/08\/macbook-mit-macos-big-sur.jpg"},"_links":{"self":[{"href":"https:\/\/www.ifun.de\/apiv2\/wp\/v2\/posts\/173993","targetHints":{"allow":["GET"]}}],"collection":[{"href":"https:\/\/www.ifun.de\/apiv2\/wp\/v2\/posts"}],"about":[{"href":"https:\/\/www.ifun.de\/apiv2\/wp\/v2\/types\/post"}],"author":[{"embeddable":true,"href":"https:\/\/www.ifun.de\/apiv2\/wp\/v2\/users\/2"}],"replies":[{"embeddable":true,"href":"https:\/\/www.ifun.de\/apiv2\/wp\/v2\/comments?post=173993"}],"version-history":[{"count":6,"href":"https:\/\/www.ifun.de\/apiv2\/wp\/v2\/posts\/173993\/revisions"}],"predecessor-version":[{"id":174054,"href":"https:\/\/www.ifun.de\/apiv2\/wp\/v2\/posts\/173993\/revisions\/174054"}],"wp:featuredmedia":[{"embeddable":true,"href":"https:\/\/www.ifun.de\/apiv2\/wp\/v2\/media\/174000"}],"wp:attachment":[{"href":"https:\/\/www.ifun.de\/apiv2\/wp\/v2\/media?parent=173993"}],"wp:term":[{"taxonomy":"category","embeddable":true,"href":"https:\/\/www.ifun.de\/apiv2\/wp\/v2\/categories?post=173993"},{"taxonomy":"post_tag","embeddable":true,"href":"https:\/\/www.ifun.de\/apiv2\/wp\/v2\/tags?post=173993"}],"curies":[{"name":"wp","href":"https:\/\/api.w.org\/{rel}","templated":true}]}}