{"id":173522,"date":"2021-07-29T17:05:45","date_gmt":"2021-07-29T15:05:45","guid":{"rendered":"https:\/\/www.ifun.de\/?p=173522"},"modified":"2021-07-29T17:05:45","modified_gmt":"2021-07-29T15:05:45","slug":"facebook-waechst-trotz-apples-anti-ad-tracking-massnahmen","status":"publish","type":"post","link":"https:\/\/www.ifun.de\/facebook-waechst-trotz-apples-anti-ad-tracking-massnahmen-173522\/","title":{"rendered":"Facebook w\u00e4chst trotz Apples Anti-Ad-Tracking-Ma\u00dfnahmen"},"content":{"rendered":"<p>Zu <a href=\"https:\/\/www.facebook.com\">Facebook<\/a> haben wir mit Blick auf die vergangen Monate eher negative Schlagzeilen im Kopf. Wer allerdings denkt, das Unternehmen befinde sich auf dem absteigenden Ast, t\u00e4uscht sich. \u00dcber die vergangene zw\u00f6lf Monate hinweg konnte Facebook positive Zahlen schreiben, sowohl die Zahl der aktiven Nutzer als auch die Einnahmen des Konzerns wachsen stabil.<\/p>\n<p>Details wurden im Rahmen der Bekanntgabe der aktuellen <a href=\"https:\/\/investor.fb.com\/investor-news\/press-release-details\/2021\/Facebook-Reports-Second-Quarter-2021-Results\/default.aspx\">Quartalszahlen von Facebook<\/a> einsehbar. Bemerkenswert ist sicher, dass Facebook auch bei den Werbeeinnahmen erneut zulegen konnte. So ist der durchschnittliche Preis pro Anzeige im Vergleich zum Vorjahr um 47 Prozent gestiegen und die Zahl der ausgelieferten Anzeigen konnte immerhin um sechs Prozent erh\u00f6ht werden &#8211; dies geht in etwa analog mit der im gleichen Zeitraum um sieben Prozent gestiegenen Zahl der aktiven Nutzer.<\/p>\n<p><a href=\"https:\/\/images.ifun.de\/wp-content\/uploads\/2021\/07\/facebook-quartalszahlen-q2-2021.jpg\"><img loading=\"lazy\" decoding=\"async\" src=\"https:\/\/images.ifun.de\/wp-content\/uploads\/2021\/07\/facebook-quartalszahlen-q2-2021-700x348.jpg\" alt=\"Facebook Quartalszahlen Q2 2021\" width=\"700\" height=\"348\" class=\"alignnone size-large wp-image-173525\" srcset=\"https:\/\/images.ifun.de\/wp-content\/uploads\/2021\/07\/facebook-quartalszahlen-q2-2021-700x348.jpg 700w, https:\/\/images.ifun.de\/wp-content\/uploads\/2021\/07\/facebook-quartalszahlen-q2-2021-500x248.jpg 500w, https:\/\/images.ifun.de\/wp-content\/uploads\/2021\/07\/facebook-quartalszahlen-q2-2021-768x381.jpg 768w, https:\/\/images.ifun.de\/wp-content\/uploads\/2021\/07\/facebook-quartalszahlen-q2-2021.jpg 1400w\" sizes=\"auto, (max-width: 700px) 100vw, 700px\" \/><\/a><\/p>\n<p>Facebook-Chef Mark Zuckerberg freut sich dann auch \u00fcber ein starkes zur\u00fcckliegendes Quartal, doch stimmt das Unternehmen seine Aktion\u00e4re auch auf kommende schwierigere Zeiten ein. So erwarte man, dass sich das Wachstum in den kommenden Monaten merklich verlangsame. Ein R\u00fcckgang im Jahresvergleich sei mit Blick auf den durch Corona verursachten Boom im vergangenen Jahr unvermeidbar. Auch werde sich die striktere Politik Apples im kommenden Quartal wohl deutlicher auf die Werbeeinnahmen von Facebook auswirken als in den letzten drei Monaten. Grund hierf\u00fcr seien die mit den letzten iOS-Updates eingef\u00fchrten \u00c4nderungen beim Tracking. Dennoch geht das Unternehmen davon aus, dass seine Werbeeinnahmen weiterhin steigen, die positiven Zahlen d\u00fcrften allerdings wie bereits im vergangenen Quartal vorrangig durch die gestiegenen Anzeigenpreise und nicht unbedingt durch zus\u00e4tzlich ausgelieferte Anzeigen zustande kommen.<\/p>\n<p>Der <a href=\"https:\/\/www.tagesschau.de\/wirtschaft\/boersenkurse\/facebook-aktie-a1jwvx\/\">Aktienmarkt<\/a> quittiert die Facebook-Ank\u00fcndigungen mit leichten Kursverlusten. Unterm Strich konnten die Aktien des Zuckerberg-Konzerns in diesem Jahr jedoch schon wieder um knapp 40 Prozent zulegen.<img loading=\"lazy\" decoding=\"async\" src=\"https:\/\/vg05.met.vgwort.de\/na\/a814a123c3714c6f966d72a2abc4a297\" width=\"1\" height=\"1\" no-lazy class=\"tracking\"><\/p>\n","protected":false},"excerpt":{"rendered":"<a href=\"https:\/\/www.ifun.de\/facebook-waechst-trotz-apples-anti-ad-tracking-massnahmen-173522\/\"><img width=\"150\" height=\"150\" src=\"https:\/\/images.ifun.de\/wp-content\/uploads\/2021\/07\/facebook-quartalszahlen-q2-2021-150x150.jpg\" class=\"alignright tfe wp-post-image\" alt=\"Facebook Quartalszahlen Q2 2021\" decoding=\"async\" loading=\"lazy\" \/><\/a><p>Zu Facebook haben wir mit Blick auf die vergangen Monate eher negative Schlagzeilen im Kopf. Wer allerdings denkt, das Unternehmen befinde sich auf dem absteigenden Ast, t\u00e4uscht sich. \u00dcber die vergangene zw\u00f6lf Monate hinweg konnte Facebook positive Zahlen schreiben, sowohl die Zahl der aktiven Nutzer als auch die Einnahmen des Konzerns wachsen stabil. Details wurden [&hellip;]<\/p>\n","protected":false},"author":2,"featured_media":173525,"comment_status":"open","ping_status":"closed","sticky":false,"template":"","format":"standard","meta":{"_acf_changed":false,"footnotes":""},"categories":[1],"tags":[234],"class_list":["post-173522","post","type-post","status-publish","format-standard","has-post-thumbnail","hentry","category-news","tag-facebook"],"acf":[],"aioseo_notices":[],"subheadline":["Quartalseinnahmen mit stabilem Plus"],"featured_image":["https:\/\/images.ifun.de\/wp-content\/uploads\/2015\/09\/facebook-header.jpg"],"rest_api_enabler":{"subheadline":"Quartalseinnahmen mit stabilem Plus","featured_image":"https:\/\/images.ifun.de\/wp-content\/uploads\/2015\/09\/facebook-header.jpg"},"_links":{"self":[{"href":"https:\/\/www.ifun.de\/apiv2\/wp\/v2\/posts\/173522","targetHints":{"allow":["GET"]}}],"collection":[{"href":"https:\/\/www.ifun.de\/apiv2\/wp\/v2\/posts"}],"about":[{"href":"https:\/\/www.ifun.de\/apiv2\/wp\/v2\/types\/post"}],"author":[{"embeddable":true,"href":"https:\/\/www.ifun.de\/apiv2\/wp\/v2\/users\/2"}],"replies":[{"embeddable":true,"href":"https:\/\/www.ifun.de\/apiv2\/wp\/v2\/comments?post=173522"}],"version-history":[{"count":3,"href":"https:\/\/www.ifun.de\/apiv2\/wp\/v2\/posts\/173522\/revisions"}],"predecessor-version":[{"id":173526,"href":"https:\/\/www.ifun.de\/apiv2\/wp\/v2\/posts\/173522\/revisions\/173526"}],"wp:featuredmedia":[{"embeddable":true,"href":"https:\/\/www.ifun.de\/apiv2\/wp\/v2\/media\/173525"}],"wp:attachment":[{"href":"https:\/\/www.ifun.de\/apiv2\/wp\/v2\/media?parent=173522"}],"wp:term":[{"taxonomy":"category","embeddable":true,"href":"https:\/\/www.ifun.de\/apiv2\/wp\/v2\/categories?post=173522"},{"taxonomy":"post_tag","embeddable":true,"href":"https:\/\/www.ifun.de\/apiv2\/wp\/v2\/tags?post=173522"}],"curies":[{"name":"wp","href":"https:\/\/api.w.org\/{rel}","templated":true}]}}