{"id":173481,"date":"2021-07-28T18:47:12","date_gmt":"2021-07-28T16:47:12","guid":{"rendered":"https:\/\/www.ifun.de\/?p=173481"},"modified":"2021-07-28T18:47:12","modified_gmt":"2021-07-28T16:47:12","slug":"tager-mac-app-individualisiert-ordner-icons-nach-bedarf","status":"publish","type":"post","link":"https:\/\/www.ifun.de\/tager-mac-app-individualisiert-ordner-icons-nach-bedarf-173481\/","title":{"rendered":"Tager: Mac-App Individualisiert Ordner-Icons nach Bedarf"},"content":{"rendered":"<p>Erst seit einer Woche im Mac App Store erh\u00e4ltlich, hat sich mit der kostenfreien Mac-Anwendung <a href=\"https:\/\/apps.apple.com\/de\/app\/tager-folder-classify-tool\/id1570945548\">Tager<\/a> nun ein w\u00fcrdiger Nachfolger unseres alten Favoriten <a href=\"https:\/\/www.ifun.de\/foldery-gratis-mac-app-faerbt-ordner-ein-79267\/\">Foldery<\/a> in Apple Softwarekaufhaus eingefunden.<\/p>\n<p><a href=\"https:\/\/images.ifun.de\/wp-content\/uploads\/2021\/07\/urlaub-icon-1400.jpg\"><img loading=\"lazy\" decoding=\"async\" class=\"aligncenter size-medium wp-image-173484\" src=\"https:\/\/images.ifun.de\/wp-content\/uploads\/2021\/07\/urlaub-icon-1400-500x400.jpg\" alt=\"Urlaub Icon 1400\" width=\"500\" height=\"400\" srcset=\"https:\/\/images.ifun.de\/wp-content\/uploads\/2021\/07\/urlaub-icon-1400-500x400.jpg 500w, https:\/\/images.ifun.de\/wp-content\/uploads\/2021\/07\/urlaub-icon-1400-700x561.jpg 700w, https:\/\/images.ifun.de\/wp-content\/uploads\/2021\/07\/urlaub-icon-1400-768x615.jpg 768w, https:\/\/images.ifun.de\/wp-content\/uploads\/2021\/07\/urlaub-icon-1400.jpg 1064w\" sizes=\"auto, (max-width: 500px) 100vw, 500px\" \/><\/a><\/p>\n<p>Wie <a href=\"https:\/\/www.ifun.de\/foldery-gratis-mac-app-faerbt-ordner-ein-79267\/\">Foldery<\/a> bzw. die Grafik-Alternative <a href=\"https:\/\/www.ifun.de\/plaster-schmueckt-mac-verzeichnisse-mit-bildern-140790\/\">Plaster<\/a> k\u00fcmmert sich auch die Tager-Anwendung darum, die Icons ausgew\u00e4hlter Ordner zu modifizieren, um diesen auch auf unaufger\u00e4umten Schreibtischen mehr Sichtbarkeit zu verleihen.<\/p>\n<p>W\u00e4hrend Foldery eure Ordner ausschlie\u00dflich einf\u00e4rbte beziehungsweise das Ordner-Icon durch ein eingef\u00e4rbtes austauschen konnte, bietet die erst gestern wieder aktualisierte Tager-Applikation deutlich mehr M\u00f6glichkeiten zur Ordner-Individualisierung an.<\/p>\n<h2>Mit Icon, Text und Farben<\/h2>\n<p>Daf\u00fcr sorgt eine breite Auswahl an Symbolen, mit denen sich eure Ordner verzieren lassen. Tager greif hier auf Apples &#8222;SF Symbols&#8220;-Bibliothek zu. Alternativ zu den Symbolen k\u00f6nnen auch Text-Label auf die Ordner &#8222;gedruckt&#8220; werden, zudem stehen in der aktuellen Version f\u00fcnf unterschiedliche Farben zur Verf\u00fcgung, die f\u00fcr Symbole und Texte genutzt werden k\u00f6nnen.<\/p>\n<p><a href=\"https:\/\/images.ifun.de\/wp-content\/uploads\/2021\/07\/tager-rechtsklick.jpg\"><img loading=\"lazy\" decoding=\"async\" class=\"aligncenter size-large wp-image-173483\" src=\"https:\/\/images.ifun.de\/wp-content\/uploads\/2021\/07\/tager-rechtsklick-700x458.jpg\" alt=\"Tager Rechtsklick\" width=\"700\" height=\"458\" srcset=\"https:\/\/images.ifun.de\/wp-content\/uploads\/2021\/07\/tager-rechtsklick-700x458.jpg 700w, https:\/\/images.ifun.de\/wp-content\/uploads\/2021\/07\/tager-rechtsklick-500x327.jpg 500w, https:\/\/images.ifun.de\/wp-content\/uploads\/2021\/07\/tager-rechtsklick-768x502.jpg 768w, https:\/\/images.ifun.de\/wp-content\/uploads\/2021\/07\/tager-rechtsklick.jpg 1481w\" sizes=\"auto, (max-width: 700px) 100vw, 700px\" \/><\/a><\/p>\n<p>In der Tager-Anwendung selbst lassen sich in kreativen Minuten Vorlagen-Icons anlegen, auf die jederzeit zur\u00fcckgegriffen werden kann. Um ausgew\u00e4hlter Ordner mit den so angelegten, neuen Verzeichnis-Symbolen zu versehen setzt Tager auf eine Finder-Erweiterung, die das nach einem Rechtsklick angezeigte Kontextmen\u00fc um die Auswahl der bereits angelegten Ordner-Symbole erweitert.<\/p>\n<h2>Per Rechtsklick austauschen<\/h2>\n<p>Anders formuliert: Habt ihr in Tager bereits eine Handvoll Ordner angelegt und die Finder-Erweiterung aktiviert, gestattet euch die App x-beliebige Ordner lediglich \u00fcber ein Rechtsklick mit einem neuen Ordner-Symbol zu versehen.<\/p>\n<p>Das eingebettete <a href=\"https:\/\/www.youtube.com\/watch?v=xhIkoeNeOSg\">Video<\/a> zeigt die 4 Megabyte kleine Anwendung, die g\u00e4nzlich auf In-App-K\u00e4ufe verzichtet, in Aktion.<\/p>\n<!-- WP-Appbox (Version: 4.5.12 \/\/ Store: appstore \/\/ ID: 1570945548) -->\t<!-- app-link -->\n\t<div id=\"article-single-app-preview\">\n\t\t<div id=\"article-single-app-preview-header\">\n\t\t\t<span class=\"title\">Laden im App Store<\/span>\n\t\t<\/div>\n\t\t<div id=\"article-single-app-preview-content\">\n\t\t\t<div id=\"article-single-app-preview-img\"><img loading=\"lazy\" decoding=\"async\" src=\"\/\/is1-ssl.mzstatic.com\/image\/thumb\/Purple211\/v4\/a4\/59\/14\/a459141c-df0c-2342-e0a9-021a9eb38ba6\/AppIcon-0-0-85-220-0-0-5-0-2x.png\/200x200ib-75.png\" alt=\"Folder Color Changer:RightMenu\"  height=\"72\" width=\"72\" class=\"asl-icon-img\" \/><\/div>\n\t\t\t<div id=\"article-single-app-preview-desc\">\n\t\t\t\t<span class=\"name\">Folder Color Changer:RightMenu<\/span><br \/>\n\t\t\t\t<span class=\"seller\">Entwickler: <a target=\"_blank\" rel=\"nofollow\" href=\"https:\/\/apps.apple.com\/de\/developer\/%E5%A5%95%E7%90%A6-%E5%86%AF\/id1257310449\">\u5955\u7426 \u51af<\/a><\/span>\n\t\t\t<\/div>\n\t\t\t<a target=\"_blank\" rel=\"nofollow\" href=\"https:\/\/apps.apple.com\/de\/app\/folder-color-changer-rightmenu\/id1570945548?mt=12\"><div id=\"article-single-app-preview-download\">Preis: Kostenlos<br \/>\n\t\t\t<span class=\"size\">Laden<\/span><\/div><\/a>\n\t\t<\/div>\n\t\t<!-- <div id=\"article-single-app-preview-footer\"><\/div>\t-->\n\t<\/div>\n\t<!-- app-link\/ende --><!-- \/WP-Appbox -->\n<p><div class=\"responsive-video\"><iframe loading=\"lazy\" src=\"https:\/\/www.youtube-nocookie.com\/embed\/xhIkoeNeOSg\" width=\"700\" height=\"371\" frameborder=\"0\" allowfullscreen=\"allowfullscreen\"><\/iframe><\/div><\/p>\n<p><img loading=\"lazy\" decoding=\"async\" src=\"https:\/\/vg08.met.vgwort.de\/na\/452b1f72ad0f49ffb5fe801d598af381\" width=\"1\" height=\"1\" no-lazy class=\"tracking\"><\/p>\n","protected":false},"excerpt":{"rendered":"<a href=\"https:\/\/www.ifun.de\/tager-mac-app-individualisiert-ordner-icons-nach-bedarf-173481\/\"><img width=\"150\" height=\"150\" src=\"https:\/\/images.ifun.de\/wp-content\/uploads\/2021\/07\/urlaub-icon-1400-150x150.jpg\" class=\"alignright tfe wp-post-image\" alt=\"Urlaub Icon 1400\" decoding=\"async\" loading=\"lazy\" \/><\/a><p>Erst seit einer Woche im Mac App Store erh\u00e4ltlich, hat sich mit der kostenfreien Mac-Anwendung Tager nun ein w\u00fcrdiger Nachfolger unseres alten Favoriten Foldery in Apple Softwarekaufhaus eingefunden. Wie Foldery bzw. die Grafik-Alternative Plaster k\u00fcmmert sich auch die Tager-Anwendung darum, die Icons ausgew\u00e4hlter Ordner zu modifizieren, um diesen auch auf unaufger\u00e4umten Schreibtischen mehr Sichtbarkeit zu [&hellip;]<\/p>\n","protected":false},"author":1,"featured_media":173484,"comment_status":"open","ping_status":"closed","sticky":false,"template":"","format":"standard","meta":{"_acf_changed":false,"footnotes":""},"categories":[5],"tags":[4737,250,3095,1904],"class_list":["post-173481","post","type-post","status-publish","format-standard","has-post-thumbnail","hentry","category-apps","tag-apps","tag-design","tag-macos","tag-ordner"],"acf":[],"aioseo_notices":[],"featured_image":["https:\/\/images.ifun.de\/wp-content\/uploads\/2021\/07\/tager-app-feature.jpg"],"subheadline":["Per Rechtsklick austauschen"],"rest_api_enabler":{"featured_image":"https:\/\/images.ifun.de\/wp-content\/uploads\/2021\/07\/tager-app-feature.jpg","subheadline":"Per Rechtsklick austauschen"},"_links":{"self":[{"href":"https:\/\/www.ifun.de\/apiv2\/wp\/v2\/posts\/173481","targetHints":{"allow":["GET"]}}],"collection":[{"href":"https:\/\/www.ifun.de\/apiv2\/wp\/v2\/posts"}],"about":[{"href":"https:\/\/www.ifun.de\/apiv2\/wp\/v2\/types\/post"}],"author":[{"embeddable":true,"href":"https:\/\/www.ifun.de\/apiv2\/wp\/v2\/users\/1"}],"replies":[{"embeddable":true,"href":"https:\/\/www.ifun.de\/apiv2\/wp\/v2\/comments?post=173481"}],"version-history":[{"count":1,"href":"https:\/\/www.ifun.de\/apiv2\/wp\/v2\/posts\/173481\/revisions"}],"predecessor-version":[{"id":173485,"href":"https:\/\/www.ifun.de\/apiv2\/wp\/v2\/posts\/173481\/revisions\/173485"}],"wp:featuredmedia":[{"embeddable":true,"href":"https:\/\/www.ifun.de\/apiv2\/wp\/v2\/media\/173484"}],"wp:attachment":[{"href":"https:\/\/www.ifun.de\/apiv2\/wp\/v2\/media?parent=173481"}],"wp:term":[{"taxonomy":"category","embeddable":true,"href":"https:\/\/www.ifun.de\/apiv2\/wp\/v2\/categories?post=173481"},{"taxonomy":"post_tag","embeddable":true,"href":"https:\/\/www.ifun.de\/apiv2\/wp\/v2\/tags?post=173481"}],"curies":[{"name":"wp","href":"https:\/\/api.w.org\/{rel}","templated":true}]}}