{"id":173468,"date":"2021-07-28T15:49:30","date_gmt":"2021-07-28T13:49:30","guid":{"rendered":"https:\/\/www.ifun.de\/?p=173468"},"modified":"2021-08-02T06:56:17","modified_gmt":"2021-08-02T04:56:17","slug":"imac-m1-nutzer-dokumentieren-stoerende-geraeusche","status":"publish","type":"post","link":"https:\/\/www.ifun.de\/imac-m1-nutzer-dokumentieren-stoerende-geraeusche-173468\/","title":{"rendered":"iMac M1: Nutzer dokumentieren st\u00f6rende Ger\u00e4usche"},"content":{"rendered":"<p>Die <a href=\"https:\/\/apple.sjv.io\/NKznq2\">neue iMac-Generation<\/a>, das in sieben Farben angebotene Modell mit Apples M1-Prozessor, hat seit seiner Markteinf\u00fchrung fast ausschlie\u00dflich gute Rezensionen, lobende Worte und so erstaunte wie zufriedene Performance-Bewertungen auf sich vereinen k\u00f6nnen.<\/p>\n<p><a href=\"https:\/\/images.ifun.de\/wp-content\/uploads\/2021\/04\/imac-blau-1400.jpg\"><img loading=\"lazy\" decoding=\"async\" class=\"aligncenter size-medium wp-image-169729\" src=\"https:\/\/images.ifun.de\/wp-content\/uploads\/2021\/04\/imac-blau-1400-500x281.jpg\" alt=\"Imac Blau 1400\" width=\"500\" height=\"281\" srcset=\"https:\/\/images.ifun.de\/wp-content\/uploads\/2021\/04\/imac-blau-1400-500x281.jpg 500w, https:\/\/images.ifun.de\/wp-content\/uploads\/2021\/04\/imac-blau-1400-700x394.jpg 700w, https:\/\/images.ifun.de\/wp-content\/uploads\/2021\/04\/imac-blau-1400-768x432.jpg 768w, https:\/\/images.ifun.de\/wp-content\/uploads\/2021\/04\/imac-blau-1400.jpg 1400w\" sizes=\"auto, (max-width: 500px) 100vw, 500px\" \/><\/a><\/p>\n<p>In der Community herrscht weitgehender Konsens: Die <a href=\"https:\/\/apple.sjv.io\/NKznq2\">offiziell ab 1449 Euro<\/a> erh\u00e4ltlichen Maschinen (inoffiziell gibt es die M1-Macs mittlerweile <a rel=\"noindex, nofollow\" href=\"http:\/\/www.ifun.de\/amzn\/B09336TNRX\">bereits ab 1319 Euro<\/a>) sehen hervorragend aus, werden mit wertigen Peripherie-Ger\u00e4ten ausgeliefert und machen Dank vern\u00fcnftiger Performance auch im trockenen Arbeitsalltag gro\u00dfen Spa\u00df.<\/p>\n<p>In letzter Zeit h\u00e4ufen sich jedoch die kritischen Stimmen frisch gebackener iMac-Besitzer, die \u00fcber hochfrequente St\u00f6rger\u00e4usche bei der Arbeit mit den neuen 24-Zoll-Rechnern berichten.<\/p>\n<h2>M1 iMac sondert hochfrequentes Piepsen ab<\/h2>\n<p>Mal als fiepen oder zischen, mal als surren oder piepsen beschrieben, geht es dabei nicht <a href=\"https:\/\/www.youtube.com\/watch?v=j76FobKC0-0\">um die beiden L\u00fcfter<\/a>, die Apple dem M1 iMac mit auf den Weg gegeben hat (das ebenfalls mit dem M1 ausgestattete MacBook Air verzichtet bekanntlich komplett auf eine aktive K\u00fchlung), sondern um ein Ger\u00e4usch, das bei hohen Arbeitslasten aus dem &#8222;Kinn&#8220; des Desktop-Rechners austritt.<\/p>\n<p><div class=\"responsive-video\"><iframe loading=\"lazy\" src=\"https:\/\/www.youtube-nocookie.com\/embed\/3elWPKOuIhk\" width=\"700\" height=\"371\" frameborder=\"0\" allowfullscreen=\"allowfullscreen\"><\/iframe><\/div><\/p>\n<p>Unter anderem hat uns ifun.de-Leser Marc auf die st\u00f6renden Ger\u00e4usche hingewiesen, die nicht nur von seinem ersten iMac, sondern auch von der daraufhin erhaltenen Austausch-Maschine abgesondert wurden.<\/p>\n<blockquote><p>Ich habe jetzt schon meinen zweiten M1 iMac erhalten und folgendes Problem: Man h\u00f6rt immer in bestimmten Situationen ein Fiepen vom unteren Rand des Geh\u00e4uses. Zuerst hatte ich den L\u00fcfter in Verdacht und lie\u00df den iMac Austauschen. Jetzt beim neuen Modell tritt dies wieder auf aber auch nicht immer, sodass es nicht der L\u00fcfter sein kann. [&#8230;]<\/p><\/blockquote>\n<h2>Monitor-Helligkeit regelt auch Ger\u00e4usche<\/h2>\n<p>Der erste Verdacht: Apples neuer iMac k\u00f6nnte Problem mit elektromagnetisch induziertem, akustischen L\u00e4rm haben. Von Bastlern gerne <a href=\"https:\/\/en.wikipedia.org\/wiki\/Electromagnetically_induced_acoustic_noise\">als sogenannte &#8222;coil noise&#8220;<\/a> beziehungsweise als &#8222;coil whine&#8220; (zu Deutsch &#8222;Spulen-Weinen&#8220;) beschrieben.<\/p>\n<p>Darauf scheinen auch Erfahrungen anderer Anwender hinzuweisen, so <a href=\"https:\/\/forums.macrumors.com\/threads\/m1-imac-fan-buzzing-noise.2298812\/post-29977264\">berichten erste Nutzer<\/a> dar\u00fcber, dass sie in der Lage sind den L\u00e4rm mit der Helligkeitssteuerung des iMac-Displays zu beeinflussen. Eine Beobachtung, die auch Marc gemacht hat. Auch bei seinem M1 l\u00e4sst ich die Ger\u00e4usch-Absonderung durch das Regeln der Helligkeit steuern.<\/p>\n<p>Apple hat bislang noch keinen Hilfeartikel zum Fehlerbild ver\u00f6ffentlicht. Betroffene Kunden m\u00fcssen den Support \u00fcber regul\u00e4re Kan\u00e4le kontaktieren.<\/p>\n<p><img loading=\"lazy\" decoding=\"async\" src=\"https:\/\/vg08.met.vgwort.de\/na\/65562a9c9a3e400495e84303bd4fbb85\" width=\"1\" height=\"1\" no-lazy class=\"tracking\"><\/p>\n","protected":false},"excerpt":{"rendered":"<a href=\"https:\/\/www.ifun.de\/imac-m1-nutzer-dokumentieren-stoerende-geraeusche-173468\/\"><img width=\"150\" height=\"150\" src=\"https:\/\/images.ifun.de\/wp-content\/uploads\/2021\/07\/imac-geraeusche-150x150.jpg\" class=\"alignright tfe wp-post-image\" alt=\"Imac Geraeusche\" decoding=\"async\" loading=\"lazy\" \/><\/a><p>Die neue iMac-Generation, das in sieben Farben angebotene Modell mit Apples M1-Prozessor, hat seit seiner Markteinf\u00fchrung fast ausschlie\u00dflich gute Rezensionen, lobende Worte und so erstaunte wie zufriedene Performance-Bewertungen auf sich vereinen k\u00f6nnen. In der Community herrscht weitgehender Konsens: Die offiziell ab 1449 Euro erh\u00e4ltlichen Maschinen (inoffiziell gibt es die M1-Macs mittlerweile bereits ab 1319 Euro) [&hellip;]<\/p>\n","protected":false},"author":1,"featured_media":173470,"comment_status":"open","ping_status":"closed","sticky":false,"template":"","format":"standard","meta":{"_acf_changed":false,"footnotes":""},"categories":[16,1783],"tags":[531,2659,393,5200,177],"class_list":["post-173468","post","type-post","status-publish","format-standard","has-post-thumbnail","hentry","category-mac","category-feature","tag-bug","tag-geraeusche","tag-imac","tag-m1-prozesor","tag-problem"],"acf":[],"aioseo_notices":[],"subheadline":["Hochfrequent und nervend"],"featured_image":["https:\/\/images.ifun.de\/wp-content\/uploads\/2021\/07\/imac-coil-whine-feature.jpg"],"rest_api_enabler":{"subheadline":"Hochfrequent und nervend","featured_image":"https:\/\/images.ifun.de\/wp-content\/uploads\/2021\/07\/imac-coil-whine-feature.jpg"},"_links":{"self":[{"href":"https:\/\/www.ifun.de\/apiv2\/wp\/v2\/posts\/173468","targetHints":{"allow":["GET"]}}],"collection":[{"href":"https:\/\/www.ifun.de\/apiv2\/wp\/v2\/posts"}],"about":[{"href":"https:\/\/www.ifun.de\/apiv2\/wp\/v2\/types\/post"}],"author":[{"embeddable":true,"href":"https:\/\/www.ifun.de\/apiv2\/wp\/v2\/users\/1"}],"replies":[{"embeddable":true,"href":"https:\/\/www.ifun.de\/apiv2\/wp\/v2\/comments?post=173468"}],"version-history":[{"count":6,"href":"https:\/\/www.ifun.de\/apiv2\/wp\/v2\/posts\/173468\/revisions"}],"predecessor-version":[{"id":173475,"href":"https:\/\/www.ifun.de\/apiv2\/wp\/v2\/posts\/173468\/revisions\/173475"}],"wp:featuredmedia":[{"embeddable":true,"href":"https:\/\/www.ifun.de\/apiv2\/wp\/v2\/media\/173470"}],"wp:attachment":[{"href":"https:\/\/www.ifun.de\/apiv2\/wp\/v2\/media?parent=173468"}],"wp:term":[{"taxonomy":"category","embeddable":true,"href":"https:\/\/www.ifun.de\/apiv2\/wp\/v2\/categories?post=173468"},{"taxonomy":"post_tag","embeddable":true,"href":"https:\/\/www.ifun.de\/apiv2\/wp\/v2\/tags?post=173468"}],"curies":[{"name":"wp","href":"https:\/\/api.w.org\/{rel}","templated":true}]}}