{"id":173424,"date":"2021-07-27T20:34:11","date_gmt":"2021-07-27T18:34:11","guid":{"rendered":"https:\/\/www.ifun.de\/?p=173424"},"modified":"2021-10-25T07:48:16","modified_gmt":"2021-10-25T05:48:16","slug":"neue-betas-ipados-15-rollt-safari-zurueck-livetext-auch-auf-intel-macs","status":"publish","type":"post","link":"https:\/\/www.ifun.de\/neue-betas-ipados-15-rollt-safari-zurueck-livetext-auch-auf-intel-macs-173424\/","title":{"rendered":"Neue Betas: iPadOS 15 rollt Safari zur\u00fcck &#8211; Livetext auch auf Intel-Macs"},"content":{"rendered":"<p>Die neu von Apple ver\u00f6ffentlichten Beta-4-Versionen von iPadOS 15 und macOS Monterey bringen zwei erw\u00e4hnenswerte Neuerungen. Wie das Apple-Blog <a href=\"https:\/\/www.macrumors.com\/2021\/07\/27\/macos-monterey-live-text-intel-based-macs\/\">MacRumors<\/a> berichtet, bringt iPadOS 15 das \u00fcberarbeitete Tab-Konzept von Safari auf das Apple-Tablet und mit der neuesten Testversion von macOS Monterey steht Livetext auch auf Macs mit Intel-Prozessor zur Verf\u00fcgung.<\/p>\n<p>Besonders die Bereitstellung von Livetext auf Macs mit Intel-Prozessoren \u00fcberrascht. Apple hatte die Texterkennungsfunktion zun\u00e4chst als eine jener rechenintensiven Aufgaben gelistet, die <a href=\"https:\/\/www.ifun.de\/macos-monterey-rechenintensive-neuerungen-nur-auf-m1-macs-171487\/\">ausschlie\u00dflich auf Macs mit Apple-Prozessoren<\/a> verf\u00fcgbar sind. Livetext macht in Fotos enthaltene Textelemente interaktiv. Die Textstellen werden erkannt und k\u00f6nnen f\u00fcr Funktionen wie Kopieren und Einf\u00fcgen, Nachschlagen und \u00dcbersetzen genutzt werden. Erkannte Adressen k\u00f6nnen angeklickt und in Karten ge\u00f6ffnet werden, E-Mail-Adressen sind mit der Mail-App verkn\u00fcpft und mehr.<\/p>\n<h2>Safari auf dem iPad mit zweizeiligem Kopf<\/h2>\n<p>Auch die vierte Beta-Version von iPadOS 15 kommt mit einer bemerkenswerten Neuerung. Apple orientiert sich hier an Safari auf dem Mac und baut die kombinierte Tab- und URL-Leiste zur\u00fcck. Nachdem zahlreiche Nutzer sich negativ \u00fcber das Verhalten der von Apple als platzsparende Neuerung beworbenen kombinierten Tab-Leiste ge\u00e4u\u00dfert hatten, hat Apple bereits vor zwei Wochen wieder den <a href=\"https:\/\/www.ifun.de\/zu-unruhig-apple-baut-neues-safari-design-zurueck-172905\/\" title=\"Zu unruhig: Apple baut neues Safari-Design zur\u00fcck\">zweizeiligen Safari-Kopf<\/a> auf dem Mac eingef\u00fchrt. Die neue alte Darstellung ist nun wieder Standard, jedoch nicht in Stein gemei\u00dfelt. Wie auf dem Mac l\u00e4sst sich die zur\u00fcckgenommene kombinierte Version der Tab- und. URL-Leiste \u00fcber die Einstellungen von iPadOS aktivieren.<\/p>\n<p><a href=\"https:\/\/images.ifun.de\/wp-content\/uploads\/2021\/07\/ipados-15-beta-safari-tabs-einstellungen.jpg\"><img loading=\"lazy\" decoding=\"async\" src=\"https:\/\/images.ifun.de\/wp-content\/uploads\/2021\/07\/ipados-15-beta-safari-tabs-einstellungen-700x291.jpg\" alt=\"Ipados 15 Beta Safari Tabs Einstellungen\" width=\"700\" height=\"291\" class=\"alignnone size-large wp-image-173427\" srcset=\"https:\/\/images.ifun.de\/wp-content\/uploads\/2021\/07\/ipados-15-beta-safari-tabs-einstellungen-700x291.jpg 700w, https:\/\/images.ifun.de\/wp-content\/uploads\/2021\/07\/ipados-15-beta-safari-tabs-einstellungen-500x208.jpg 500w, https:\/\/images.ifun.de\/wp-content\/uploads\/2021\/07\/ipados-15-beta-safari-tabs-einstellungen-768x320.jpg 768w, https:\/\/images.ifun.de\/wp-content\/uploads\/2021\/07\/ipados-15-beta-safari-tabs-einstellungen.jpg 1033w\" sizes=\"auto, (max-width: 700px) 100vw, 700px\" \/><\/a><\/p>\n<p>Apple hat neben iPadOS 15 und macOS Monterey auch iOS 15 und watchOS 8 in einer <a href=\"https:\/\/www.iphone-ticker.de\/ios-15-co-als-beta-4-fuer-entwickler-veroeffentlicht-177554\/\">vierten Beta-Version f\u00fcr Entwickler<\/a> freigegeben. Man kann davon ausgehen, dass Teilnehmer am \u00f6ffentlichen Beta-Programm des Herstellers in den n\u00e4chsten Tagen ebenfalls mit den neuen Testversionen ausgestattet werden. Die letzte Beta-Runde lief vor zwei Wochen, bis zur finalen Freigabe der neuen Software-Versionen ist allerdings noch etwas Zeit. Vor September d\u00fcrfte sich diesbez\u00fcglich nicht viel tun.<img loading=\"lazy\" decoding=\"async\" src=\"https:\/\/vg05.met.vgwort.de\/na\/75656b1265c74d00953fb88f151a8e19\" width=\"1\" height=\"1\" no-lazy class=\"tracking\"><\/p>\n","protected":false},"excerpt":{"rendered":"<a href=\"https:\/\/www.ifun.de\/neue-betas-ipados-15-rollt-safari-zurueck-livetext-auch-auf-intel-macs-173424\/\"><img width=\"150\" height=\"150\" src=\"https:\/\/images.ifun.de\/wp-content\/uploads\/2021\/07\/ipados-15-beta-safari-tabs-einstellungen-150x150.jpg\" class=\"alignright tfe wp-post-image\" alt=\"Ipados 15 Beta Safari Tabs Einstellungen\" decoding=\"async\" loading=\"lazy\" \/><\/a><p>Die neu von Apple ver\u00f6ffentlichten Beta-4-Versionen von iPadOS 15 und macOS Monterey bringen zwei erw\u00e4hnenswerte Neuerungen. Wie das Apple-Blog MacRumors berichtet, bringt iPadOS 15 das \u00fcberarbeitete Tab-Konzept von Safari auf das Apple-Tablet und mit der neuesten Testversion von macOS Monterey steht Livetext auch auf Macs mit Intel-Prozessor zur Verf\u00fcgung. Besonders die Bereitstellung von Livetext auf [&hellip;]<\/p>\n","protected":false},"author":2,"featured_media":173427,"comment_status":"open","ping_status":"closed","sticky":false,"template":"","format":"standard","meta":{"_acf_changed":false,"footnotes":""},"categories":[1],"tags":[5362,5414],"class_list":["post-173424","post","type-post","status-publish","format-standard","has-post-thumbnail","hentry","category-news","tag-ipados-15","tag-macos-monterey"],"acf":[],"aioseo_notices":[],"subheadline":["Entwickler-Updates mit Neuerungen"],"featured_image":["https:\/\/images.ifun.de\/wp-content\/uploads\/2021\/06\/macos-monterey-livetext.jpg"],"rest_api_enabler":{"subheadline":"Entwickler-Updates mit Neuerungen","featured_image":"https:\/\/images.ifun.de\/wp-content\/uploads\/2021\/06\/macos-monterey-livetext.jpg"},"_links":{"self":[{"href":"https:\/\/www.ifun.de\/apiv2\/wp\/v2\/posts\/173424","targetHints":{"allow":["GET"]}}],"collection":[{"href":"https:\/\/www.ifun.de\/apiv2\/wp\/v2\/posts"}],"about":[{"href":"https:\/\/www.ifun.de\/apiv2\/wp\/v2\/types\/post"}],"author":[{"embeddable":true,"href":"https:\/\/www.ifun.de\/apiv2\/wp\/v2\/users\/2"}],"replies":[{"embeddable":true,"href":"https:\/\/www.ifun.de\/apiv2\/wp\/v2\/comments?post=173424"}],"version-history":[{"count":5,"href":"https:\/\/www.ifun.de\/apiv2\/wp\/v2\/posts\/173424\/revisions"}],"predecessor-version":[{"id":177338,"href":"https:\/\/www.ifun.de\/apiv2\/wp\/v2\/posts\/173424\/revisions\/177338"}],"wp:featuredmedia":[{"embeddable":true,"href":"https:\/\/www.ifun.de\/apiv2\/wp\/v2\/media\/173427"}],"wp:attachment":[{"href":"https:\/\/www.ifun.de\/apiv2\/wp\/v2\/media?parent=173424"}],"wp:term":[{"taxonomy":"category","embeddable":true,"href":"https:\/\/www.ifun.de\/apiv2\/wp\/v2\/categories?post=173424"},{"taxonomy":"post_tag","embeddable":true,"href":"https:\/\/www.ifun.de\/apiv2\/wp\/v2\/tags?post=173424"}],"curies":[{"name":"wp","href":"https:\/\/api.w.org\/{rel}","templated":true}]}}