{"id":173321,"date":"2021-07-26T09:29:25","date_gmt":"2021-07-26T07:29:25","guid":{"rendered":"https:\/\/www.ifun.de\/?p=173321"},"modified":"2021-07-26T09:29:25","modified_gmt":"2021-07-26T07:29:25","slug":"akzentfarben-der-neuen-imacs-auf-beliebigen-apple-rechnern-verwenden","status":"publish","type":"post","link":"https:\/\/www.ifun.de\/akzentfarben-der-neuen-imacs-auf-beliebigen-apple-rechnern-verwenden-173321\/","title":{"rendered":"Akzentfarben der neuen iMacs auf beliebigen Apple-Rechnern verwenden"},"content":{"rendered":"<p>Mit der Mac-Anwendung <a href=\"https:\/\/mahdi.jp\/apps\/accents\">Accents<\/a> stehen Apples zus\u00e4tzliche Akzentfarben auch f\u00fcr jene Mac-Nutzer zur Verf\u00fcgung, die sich keinen von Apples neuen iMacs zugelegt haben.<\/p>\n<p>Apple hat ja im Fr\u00fchjahr neue <a href=\"https:\/\/www.ifun.de\/der-neue-imac-in-sieben-farben-mit-apples-m1-chip-169217\/\" title=\"Der neue iMac: In sieben Farben mit Apples M1-Chip und Touch ID\">iMacs in sieben verschiedenen Geh\u00e4usefarben<\/a> vorgestellt. Damit verbunden hat der Hersteller auch verschiedene Gimmicks auf den Weg gebracht, neben <a href=\"https:\/\/www.ifun.de\/apple-sagt-hello-neue-bildschirmschoner-und-wallpaper-mit-botschaft-169362\/\">farblich angepassten Hintergrundbildern<\/a> und einem neuen Bildschirmschoner haben Besitzer eines neuen iMac auch die M\u00f6glichkeit, eine zum Geh\u00e4use und allgemeinen Erscheinungsbild des Ger\u00e4ts passende Akzentfarbe zu w\u00e4hlen.<\/p>\n<p><a href=\"https:\/\/images.ifun.de\/wp-content\/uploads\/2021\/07\/accents-app-mac.jpg\"><img loading=\"lazy\" decoding=\"async\" src=\"https:\/\/images.ifun.de\/wp-content\/uploads\/2021\/07\/accents-app-mac-700x381.jpg\" alt=\"Accents App Mac\" width=\"700\" height=\"381\" class=\"alignnone size-large wp-image-173323\" srcset=\"https:\/\/images.ifun.de\/wp-content\/uploads\/2021\/07\/accents-app-mac-700x381.jpg 700w, https:\/\/images.ifun.de\/wp-content\/uploads\/2021\/07\/accents-app-mac-500x272.jpg 500w, https:\/\/images.ifun.de\/wp-content\/uploads\/2021\/07\/accents-app-mac-768x418.jpg 768w, https:\/\/images.ifun.de\/wp-content\/uploads\/2021\/07\/accents-app-mac.jpg 965w\" sizes=\"auto, (max-width: 700px) 100vw, 700px\" \/><\/a><\/p>\n<p>Bei der Akzentfarbe handelt es sich um eine Einstellung \u00fcber die Auswahlfarbe hinaus, hier wird neben dieser auch der Farbton f\u00fcr auf dem Bildschirm angezeigte Tasten, Einblendmen\u00fcs und andere Elemente der Benutzeroberfl\u00e4che festgelegt.<\/p>\n<p>Die vom Entwickler Mahdi Bchatnia kostenlos angebotene Accents-App macht nun nichts anderes, als diese zus\u00e4tzlichen Farbvarianten auch auf anderen Apple-Rechnern als den iMacs mit Modelljahr 2021 bereitzustellen. Die Zusatz-App l\u00e4sst sich in Verbindung mit den Systemeinstellungen &#8222;Allgemein&#8220; verwenden.<\/p>\n","protected":false},"excerpt":{"rendered":"<a href=\"https:\/\/www.ifun.de\/akzentfarben-der-neuen-imacs-auf-beliebigen-apple-rechnern-verwenden-173321\/\"><img width=\"150\" height=\"150\" src=\"https:\/\/images.ifun.de\/wp-content\/uploads\/2021\/07\/accents-app-mac-150x150.jpg\" class=\"alignright tfe wp-post-image\" alt=\"Accents App Mac\" decoding=\"async\" loading=\"lazy\" \/><\/a><p>Mit der Mac-Anwendung Accents stehen Apples zus\u00e4tzliche Akzentfarben auch f\u00fcr jene Mac-Nutzer zur Verf\u00fcgung, die sich keinen von Apples neuen iMacs zugelegt haben. Apple hat ja im Fr\u00fchjahr neue iMacs in sieben verschiedenen Geh\u00e4usefarben vorgestellt. Damit verbunden hat der Hersteller auch verschiedene Gimmicks auf den Weg gebracht, neben farblich angepassten Hintergrundbildern und einem neuen Bildschirmschoner [&hellip;]<\/p>\n","protected":false},"author":2,"featured_media":173323,"comment_status":"open","ping_status":"closed","sticky":false,"template":"","format":"standard","meta":{"_acf_changed":false,"footnotes":""},"categories":[16],"tags":[4737,6321],"class_list":["post-173321","post","type-post","status-publish","format-standard","has-post-thumbnail","hentry","category-mac","tag-apps","tag-mac"],"acf":[],"aioseo_notices":[],"subheadline":["Mini-App \"Accents\""],"featured_image":["https:\/\/images.ifun.de\/wp-content\/uploads\/2021\/04\/apple-m1-imac-24-zoll.jpg"],"rest_api_enabler":{"subheadline":"Mini-App \"Accents\"","featured_image":"https:\/\/images.ifun.de\/wp-content\/uploads\/2021\/04\/apple-m1-imac-24-zoll.jpg"},"_links":{"self":[{"href":"https:\/\/www.ifun.de\/apiv2\/wp\/v2\/posts\/173321","targetHints":{"allow":["GET"]}}],"collection":[{"href":"https:\/\/www.ifun.de\/apiv2\/wp\/v2\/posts"}],"about":[{"href":"https:\/\/www.ifun.de\/apiv2\/wp\/v2\/types\/post"}],"author":[{"embeddable":true,"href":"https:\/\/www.ifun.de\/apiv2\/wp\/v2\/users\/2"}],"replies":[{"embeddable":true,"href":"https:\/\/www.ifun.de\/apiv2\/wp\/v2\/comments?post=173321"}],"version-history":[{"count":2,"href":"https:\/\/www.ifun.de\/apiv2\/wp\/v2\/posts\/173321\/revisions"}],"predecessor-version":[{"id":173324,"href":"https:\/\/www.ifun.de\/apiv2\/wp\/v2\/posts\/173321\/revisions\/173324"}],"wp:featuredmedia":[{"embeddable":true,"href":"https:\/\/www.ifun.de\/apiv2\/wp\/v2\/media\/173323"}],"wp:attachment":[{"href":"https:\/\/www.ifun.de\/apiv2\/wp\/v2\/media?parent=173321"}],"wp:term":[{"taxonomy":"category","embeddable":true,"href":"https:\/\/www.ifun.de\/apiv2\/wp\/v2\/categories?post=173321"},{"taxonomy":"post_tag","embeddable":true,"href":"https:\/\/www.ifun.de\/apiv2\/wp\/v2\/tags?post=173321"}],"curies":[{"name":"wp","href":"https:\/\/api.w.org\/{rel}","templated":true}]}}