{"id":173178,"date":"2021-07-21T14:51:59","date_gmt":"2021-07-21T12:51:59","guid":{"rendered":"https:\/\/www.ifun.de\/?p=173178"},"modified":"2021-07-21T16:13:22","modified_gmt":"2021-07-21T14:13:22","slug":"apple-tv-trailert-reiche-maenner-schwanzvergleich","status":"publish","type":"post","link":"https:\/\/www.ifun.de\/apple-tv-trailert-reiche-maenner-schwanzvergleich-173178\/","title":{"rendered":"Apple TV+ trailert Reiche-M\u00e4nner-Schwanzvergleich"},"content":{"rendered":"<p>Was aus europ\u00e4ischer Perspektive wie ein vielleicht etwas zu sehr in die L\u00e4nge gezogener aber an sich durchaus nachvollziehbarer Scherz auf Kosten der Milliard\u00e4re Elon Musk, Jeff Bezos und Richard Branson wirkt, schl\u00e4gt nach amerikanischen Ma\u00dfst\u00e4ben fast schon unter der G\u00fcrtellinie ein.<\/p>\n<blockquote class=\"twitter-tweet\">\n<p dir=\"ltr\" lang=\"en\">Sorry for the aborted launch!!! I\u2019m a bad twitterer.<br \/>\nEnjoy this small step for man! <a href=\"https:\/\/t.co\/6gBHHJLByQ\">pic.twitter.com\/6gBHHJLByQ<\/a><\/p>\n<p>\u2014 Jon Stewart (@jonstewart) <a href=\"https:\/\/twitter.com\/jonstewart\/status\/1417557259886940162?ref_src=twsrc%5Etfw\">July 20, 2021<\/a><\/p><\/blockquote>\n<p><script async src=\"https:\/\/platform.twitter.com\/widgets.js\" charset=\"utf-8\"><\/script><\/p>\n<p>Vor allem mit Blick auf die sonst von Apple kultivierte Pr\u00fcderie, ist der kurze Video-Clip, der auf die neue Apple TV+-Serie des amerikanischen Late-Night-Talkers und Polit-Kommentators Jon Stewart aufmerksam soll, ungew\u00f6hnlich explizit.<\/p>\n<h2>The Problem With Jon Stewart<\/h2>\n<p>Stewart, dessen neue Show &#8222;The Problem With Jon Stewart&#8220; im Herbst auf Apple TV+ starten wird, nimmt in dem 3-Minuten-Clip das Weltraum-Wettrennen aufs Korn, das sich Jeff Bezos und Richard Branson in den vergangenen Wochen geleistet haben und baut die gleiche Analogie auf, die zuvor schon von einem Gro\u00dfteil der weltweiten Berichterstatter bem\u00fcht wurde: Unter den Superreichen 2021 ist nicht mehr der traditionelle Lamborghini die ad\u00e4quate Substitution f\u00fcr einen kleinen Penis, sondern die eigene Rakete, die den kurzen Ausflug unterhalb des Low Earth Orbits m\u00f6glich macht.<\/p>\n<p><a href=\"https:\/\/images.ifun.de\/wp-content\/uploads\/2021\/07\/the-problem-apple-tv.jpg\"><img loading=\"lazy\" decoding=\"async\" src=\"https:\/\/images.ifun.de\/wp-content\/uploads\/2021\/07\/the-problem-apple-tv-700x394.jpg\" alt=\"The Problem Apple Tv\" width=\"700\" height=\"394\" class=\"aligncenter size-large wp-image-173180\" srcset=\"https:\/\/images.ifun.de\/wp-content\/uploads\/2021\/07\/the-problem-apple-tv-700x394.jpg 700w, https:\/\/images.ifun.de\/wp-content\/uploads\/2021\/07\/the-problem-apple-tv-500x281.jpg 500w, https:\/\/images.ifun.de\/wp-content\/uploads\/2021\/07\/the-problem-apple-tv-768x432.jpg 768w, https:\/\/images.ifun.de\/wp-content\/uploads\/2021\/07\/the-problem-apple-tv.jpg 960w\" sizes=\"auto, (max-width: 700px) 100vw, 700px\" \/><\/a><\/p>\n<p>Was als tagesaktueller Kommentar auf dem ansonsten eher ruhigen Twitter-Account Stewarts platziert wurde, ist f\u00fcr den ansonsten wortgewandten Stewart aber auch f\u00fcr Apple TV+ fast einen Zacken zu platt. Daran \u00e4ndert auch das Mitwirken des Seinfeld-Stars Jason Alexander und der kurze Auftritt des aus 30 Rock bekannten Tracy Morgan nichts.<\/p>\n<h2>\u00dcberschattet von verbalem Fehltritt<\/h2>\n<p>Doch mit Kritik am Trailer muss sich Stewart nicht auseinandersetzen. Diese zieht Amazon-Chef Jeff Bezos seit der Pressekonferenz im Anschluss an <a href=\"https:\/\/www.iphone-ticker.de\/bezos-fliegt-ins-all-ab-1500-uhr-in-supercluster-app-und-livestream-177260\/\">seinen gestrigen Weltraum-Ausflug<\/a> auf sich.<\/p>\n<p>So hatte sich der reichste Mann des Planeten nach der Landung der New Shepard bei allen Amazon-K\u00e4ufern und Angestellten <a href=\"https:\/\/twitter.com\/therecount\/status\/1417514663886180356\">f\u00fcr die M\u00f6glichkeit bedankt<\/a> die Erde kurz zu verlassen: &#8222;I wanna thank every Amazon employee and every Amazon customer because you guys paid for all this.&#8220;<\/p>\n<p><center><\/p>\n<blockquote class=\"twitter-tweet\">\n<p lang=\"en\" dir=\"ltr\">Jeff Bezos: &quot;I wanna thank every Amazon employee and every Amazon customer because you guys paid for all this.&quot; <a href=\"https:\/\/t.co\/HTLORzbfnY\">pic.twitter.com\/HTLORzbfnY<\/a><\/p>\n<p>&mdash; The Recount (@therecount) <a href=\"https:\/\/twitter.com\/therecount\/status\/1417514663886180356?ref_src=twsrc%5Etfw\">July 20, 2021<\/a><\/p><\/blockquote>\n<p> <script async src=\"https:\/\/platform.twitter.com\/widgets.js\" charset=\"utf-8\"><\/script><\/center><\/p>\n<p><img loading=\"lazy\" decoding=\"async\" src=\"https:\/\/vg08.met.vgwort.de\/na\/9a6ea89535e843ccb38b370c9195f603\" width=\"1\" height=\"1\" no-lazy class=\"tracking\"><\/p>\n","protected":false},"excerpt":{"rendered":"<a href=\"https:\/\/www.ifun.de\/apple-tv-trailert-reiche-maenner-schwanzvergleich-173178\/\"><img width=\"150\" height=\"150\" src=\"https:\/\/images.ifun.de\/wp-content\/uploads\/2021\/07\/the-problem-apple-tv-150x150.jpg\" class=\"alignright tfe wp-post-image\" alt=\"The Problem Apple Tv\" decoding=\"async\" loading=\"lazy\" \/><\/a><p>Was aus europ\u00e4ischer Perspektive wie ein vielleicht etwas zu sehr in die L\u00e4nge gezogener aber an sich durchaus nachvollziehbarer Scherz auf Kosten der Milliard\u00e4re Elon Musk, Jeff Bezos und Richard Branson wirkt, schl\u00e4gt nach amerikanischen Ma\u00dfst\u00e4ben fast schon unter der G\u00fcrtellinie ein. Sorry for the aborted launch!!! I\u2019m a bad twitterer. Enjoy this small step [&hellip;]<\/p>\n","protected":false},"author":1,"featured_media":173180,"comment_status":"open","ping_status":"closed","sticky":false,"template":"","format":"standard","meta":{"_acf_changed":false,"footnotes":""},"categories":[3],"tags":[4467,5127,31],"class_list":["post-173178","post","type-post","status-publish","format-standard","has-post-thumbnail","hentry","category-apple","tag-apple-tv-plus","tag-jon-stewart","tag-video"],"acf":[],"aioseo_notices":[],"featured_image":["https:\/\/images.ifun.de\/wp-content\/uploads\/2021\/07\/apple-tv-plus-steward-feature.jpg"],"subheadline":["Schon unter der G\u00fcrtellinie?"],"rest_api_enabler":{"featured_image":"https:\/\/images.ifun.de\/wp-content\/uploads\/2021\/07\/apple-tv-plus-steward-feature.jpg","subheadline":"Schon unter der G\u00fcrtellinie?"},"_links":{"self":[{"href":"https:\/\/www.ifun.de\/apiv2\/wp\/v2\/posts\/173178","targetHints":{"allow":["GET"]}}],"collection":[{"href":"https:\/\/www.ifun.de\/apiv2\/wp\/v2\/posts"}],"about":[{"href":"https:\/\/www.ifun.de\/apiv2\/wp\/v2\/types\/post"}],"author":[{"embeddable":true,"href":"https:\/\/www.ifun.de\/apiv2\/wp\/v2\/users\/1"}],"replies":[{"embeddable":true,"href":"https:\/\/www.ifun.de\/apiv2\/wp\/v2\/comments?post=173178"}],"version-history":[{"count":3,"href":"https:\/\/www.ifun.de\/apiv2\/wp\/v2\/posts\/173178\/revisions"}],"predecessor-version":[{"id":173187,"href":"https:\/\/www.ifun.de\/apiv2\/wp\/v2\/posts\/173178\/revisions\/173187"}],"wp:featuredmedia":[{"embeddable":true,"href":"https:\/\/www.ifun.de\/apiv2\/wp\/v2\/media\/173180"}],"wp:attachment":[{"href":"https:\/\/www.ifun.de\/apiv2\/wp\/v2\/media?parent=173178"}],"wp:term":[{"taxonomy":"category","embeddable":true,"href":"https:\/\/www.ifun.de\/apiv2\/wp\/v2\/categories?post=173178"},{"taxonomy":"post_tag","embeddable":true,"href":"https:\/\/www.ifun.de\/apiv2\/wp\/v2\/tags?post=173178"}],"curies":[{"name":"wp","href":"https:\/\/api.w.org\/{rel}","templated":true}]}}