{"id":172356,"date":"2021-07-02T06:31:16","date_gmt":"2021-07-02T04:31:16","guid":{"rendered":"https:\/\/www.ifun.de\/?p=172356"},"modified":"2021-07-02T07:44:06","modified_gmt":"2021-07-02T05:44:06","slug":"hinter-dem-mac-promis-und-entwickler-werben-fuer-den-mac","status":"publish","type":"post","link":"https:\/\/www.ifun.de\/hinter-dem-mac-promis-und-entwickler-werben-fuer-den-mac-172356\/","title":{"rendered":"&#8222;Hinter dem Mac&#8220;: Promis und Entwickler werben f\u00fcr den Mac"},"content":{"rendered":"<p>Mit einer besonderen Kampagne wirbt Apple jetzt direkt auf der Startseite von <a href=\"https:\/\/www.apple.com\/de\/\">Apple.de<\/a> f\u00fcr die hauseigenen Rechner. Unter dem Motto \u201e<a href=\"https:\/\/www.apple.com\/de\/mac\/behind-the-mac\/\">Hinter dem Mac<\/a>\u201c pr\u00e4sentiert der Hersteller 24 prominente deutsche Mac-Nutzer.<\/p>\n<p><a href=\"https:\/\/images.ifun.de\/wp-content\/uploads\/2021\/07\/apple-hinter-dem-mac.jpg\"><img loading=\"lazy\" decoding=\"async\" src=\"https:\/\/images.ifun.de\/wp-content\/uploads\/2021\/07\/apple-hinter-dem-mac-500x345.jpg\" alt=\"Apple Hinter Dem Mac\" width=\"500\" height=\"345\" class=\"alignnone size-medium wp-image-172365\" srcset=\"https:\/\/images.ifun.de\/wp-content\/uploads\/2021\/07\/apple-hinter-dem-mac-500x345.jpg 500w, https:\/\/images.ifun.de\/wp-content\/uploads\/2021\/07\/apple-hinter-dem-mac-700x484.jpg 700w, https:\/\/images.ifun.de\/wp-content\/uploads\/2021\/07\/apple-hinter-dem-mac-768x530.jpg 768w, https:\/\/images.ifun.de\/wp-content\/uploads\/2021\/07\/apple-hinter-dem-mac.jpg 1400w\" sizes=\"auto, (max-width: 500px) 100vw, 500px\" \/><\/a><\/p>\n<p>Die in kurzen Textabschnitten vorgestellten Firmen und Einzelpersonen haben alle eines gemeinsam: Sie nutzen Apple-Rechner um sich kreativ und produktiv auf unterschiedlichen Feldern zu bet\u00e4tigen. Apple f\u00fchrt diese Beispiele als Beleg daf\u00fcr an, dass der Mac der richtige Computer f\u00fcr vielf\u00e4ltige Ideen und insbesondere den Einsatz im kreativen Bereich ist.<\/p>\n<p>In kurzen Pr\u00e4sentationen sowie einer Videosequenz sind unter anderem die Moderatorin Linda Zervakis, der Rapper RIN und die Musikerin Ellen Allien sowie verschiedene Entwickler zu sehen.<\/p>\n<p><video poster=\"\" preload=\"auto\" controls=\"controls\" width=\"700\" height=\"390\"><source src=\"https:\/\/www.apple.com\/105\/media\/de\/mac\/2021\/5e004d75-3ad6-4bb9-ab59-41f891fc52f0\/films\/behind-the-mac\/mac-behind-the-mac-tpl-de-2021_1280x720h.mp4\" \/><\/video><\/p>\n<p>Die neu von Apple ver\u00f6ffentlichte Sonderseite macht zugleich auch Werbung f\u00fcr das <a href=\"https:\/\/www.ifun.de\/apple-startet-neues-0-finanzierungs-angebot-171852\/\" title=\"Apple startet neues 0%-Finanzierungs-Angebot\">aktuelle Finanzierungsangebot<\/a> des Mac-Herstellers. Wir haben bereits im Juni \u00fcber diese zun\u00e4chst bis Ende des Monats befristete Sonderaktion berichtet.<\/p>\n<p>Die Werbereihe \u201eHinter dem Mac\u201c l\u00e4uft bereits seit 2018 bei Apple. Seit vergangenem Jahr setzt der Hersteller hier vorwiegend auf Schwarzwei\u00df-\u00c4sthetik und hat neben einem <a href=\"https:\/\/www.ifun.de\/hinter-dem-mac-apple-video-zum-weltfrauentag-150810\/\" title=\"Hinter dem Mac: Apple-Video zum Weltfrauentag\">Video zum Weltfrauentag<\/a> auch eine <a href=\"https:\/\/www.ifun.de\/behind-the-mac-apple-fuehrt-seine-schwarzweiss-werbekampagne-fort-168839\/\" title=\"\u201eBehind the Mac\u201c: Apple f\u00fchrt seine Schwarzwei\u00df-Werbekampagne fort\">\u201eBehind the Mac\u201c-Folge mit Studierenden im Fokus<\/a> sowie das unten eingebettete Video \u201eGro\u00dfartige Dinge\u201c ver\u00f6ffentlicht, dass man durchaus an Apples legend\u00e4ren \u201eThink Different\u201c-Spot \u201eHere\u2019s to the crazy ones\u201c angelehnt sehen darf.<\/p>\n<h2>Apple &#8222;Hinter dem Mac&#8220;: Gro\u00dfartige Dinge<\/h2>\n<p><div class=\"responsive-video\"><iframe loading=\"lazy\" width=\"700\" height=\"371\" src=\"https:\/\/www.youtube-nocookie.com\/embed\/Wtrt90qJ2lA\" frameborder=\"0\" allowfullscreen><\/iframe><\/div><\/p>\n<h2>Apple &#8222;Think Different&#8220;: Here&#8217;s to the crazy ones<\/h2>\n<p><div class=\"responsive-video\"><iframe loading=\"lazy\" width=\"700\" height=\"371\" src=\"https:\/\/www.youtube-nocookie.com\/embed\/AL3TQtJDr0U\" frameborder=\"0\" allowfullscreen><\/iframe><\/div><\/p>\n","protected":false},"excerpt":{"rendered":"<a href=\"https:\/\/www.ifun.de\/hinter-dem-mac-promis-und-entwickler-werben-fuer-den-mac-172356\/\"><img width=\"150\" height=\"150\" src=\"https:\/\/images.ifun.de\/wp-content\/uploads\/2021\/07\/apple-hinter-dem-mac-werbung-150x150.jpg\" class=\"alignright tfe wp-post-image\" alt=\"Apple Hinter Dem Mac Werbung\" decoding=\"async\" loading=\"lazy\" \/><\/a><p>Mit einer besonderen Kampagne wirbt Apple jetzt direkt auf der Startseite von Apple.de f\u00fcr die hauseigenen Rechner. Unter dem Motto \u201eHinter dem Mac\u201c pr\u00e4sentiert der Hersteller 24 prominente deutsche Mac-Nutzer. Die in kurzen Textabschnitten vorgestellten Firmen und Einzelpersonen haben alle eines gemeinsam: Sie nutzen Apple-Rechner um sich kreativ und produktiv auf unterschiedlichen Feldern zu bet\u00e4tigen. [&hellip;]<\/p>\n","protected":false},"author":2,"featured_media":172364,"comment_status":"open","ping_status":"closed","sticky":false,"template":"","format":"standard","meta":{"_acf_changed":false,"footnotes":""},"categories":[16],"tags":[4736,5441,30],"class_list":["post-172356","post","type-post","status-publish","format-standard","has-post-thumbnail","hentry","category-mac","tag-apple","tag-hinter-dem-mac","tag-werbung"],"acf":[],"aioseo_notices":[],"featured_image":["https:\/\/images.ifun.de\/wp-content\/uploads\/2021\/07\/apple-hinter-dem-mac-werbung.jpg"],"subheadline":["Webseite und Video"],"rest_api_enabler":{"featured_image":"https:\/\/images.ifun.de\/wp-content\/uploads\/2021\/07\/apple-hinter-dem-mac-werbung.jpg","subheadline":"Webseite und Video"},"_links":{"self":[{"href":"https:\/\/www.ifun.de\/apiv2\/wp\/v2\/posts\/172356","targetHints":{"allow":["GET"]}}],"collection":[{"href":"https:\/\/www.ifun.de\/apiv2\/wp\/v2\/posts"}],"about":[{"href":"https:\/\/www.ifun.de\/apiv2\/wp\/v2\/types\/post"}],"author":[{"embeddable":true,"href":"https:\/\/www.ifun.de\/apiv2\/wp\/v2\/users\/2"}],"replies":[{"embeddable":true,"href":"https:\/\/www.ifun.de\/apiv2\/wp\/v2\/comments?post=172356"}],"version-history":[{"count":12,"href":"https:\/\/www.ifun.de\/apiv2\/wp\/v2\/posts\/172356\/revisions"}],"predecessor-version":[{"id":172370,"href":"https:\/\/www.ifun.de\/apiv2\/wp\/v2\/posts\/172356\/revisions\/172370"}],"wp:featuredmedia":[{"embeddable":true,"href":"https:\/\/www.ifun.de\/apiv2\/wp\/v2\/media\/172364"}],"wp:attachment":[{"href":"https:\/\/www.ifun.de\/apiv2\/wp\/v2\/media?parent=172356"}],"wp:term":[{"taxonomy":"category","embeddable":true,"href":"https:\/\/www.ifun.de\/apiv2\/wp\/v2\/categories?post=172356"},{"taxonomy":"post_tag","embeddable":true,"href":"https:\/\/www.ifun.de\/apiv2\/wp\/v2\/tags?post=172356"}],"curies":[{"name":"wp","href":"https:\/\/api.w.org\/{rel}","templated":true}]}}