{"id":172135,"date":"2021-06-28T07:28:08","date_gmt":"2021-06-28T05:28:08","guid":{"rendered":"https:\/\/www.ifun.de\/?p=172135"},"modified":"2021-06-28T07:28:08","modified_gmt":"2021-06-28T05:28:08","slug":"apple-ausblick-macbook-pro-m1x-bis-herbst-groessere-ipads-im-gespraech","status":"publish","type":"post","link":"https:\/\/www.ifun.de\/apple-ausblick-macbook-pro-m1x-bis-herbst-groessere-ipads-im-gespraech-172135\/","title":{"rendered":"Apple-Ausblick: MacBook Pro M1X bis Herbst, gr\u00f6\u00dfere iPads im Gespr\u00e4ch"},"content":{"rendered":"<p>Unter dem Titel \u201e<a href=\"https:\/\/www.bloomberg.com\/news\/newsletters\/2021-06-27\/big-ipads-apple-car-changes-amazon-ar-glasses-inside-big-tech-labs\">Power On<\/a>\u201c informiert der Bloomberg-Reporter Mark Gurman einmal pro Woche \u00fcber seine Einsch\u00e4tzungen und Erwartungen mit Blick die Entwicklung im Technologiebereich, dazu z\u00e4hlen insbesondere auch kommende Apple-Produkte. Gurman bezieht sein Wissen zu einem gro\u00dfen Teil auch von Insidern und ist von daher f\u00fcr recht realistische Voraussagen bekannt. In dieser Woche sind neben gr\u00f6\u00dferen iPad-Bildschirmen auch die anstehenden Produktneuerungen von Apple, darunter die mit Spannung erwarteten neuen Mac-Modelle Thema.<\/p>\n<p>Ohne Frage stehen in diesem Jahr noch leistungsf\u00e4higere Varianten des MacBook Pro auf dem Zeitplan von Apple. Wir hatten uns deren Ank\u00fcndigung ja bereits im Juni erhofft. Obgleich Apple selbst allem Anschein nach sogar schon Details zum Namen der n\u00e4chsten Genreration der Apple-Prozessoren \u201eausgeplaudert\u201c und die Tags \u201eM1X\u201c und \u201eM1X MacBook Pro\u201c <a href=\"https:\/\/www.ifun.de\/apples-keynote-tags-erwaehnen-m1x-prozessor-und-m1x-macbook-pro-171432\/\" title=\"Apples Keynote-Tags erw\u00e4hnen \u201eM1X\u201c-Prozessor und \u201eM1X MacBook Pro\u201c\">auf YouTube vergeben hat<\/a>, ist dergleichen bislang allerdings ausgeblieben.<\/p>\n<h2>Neue MacBooks sp\u00e4testens im Herbst<\/h2>\n<p>Als sp\u00e4testes Datum f\u00fcr die Neuvorstellung der leistungsf\u00e4higeren Apple-Notebooks wird nun der f\u00fcr Herbst angek\u00fcndigte Start von macOS Monterey gehandelt. Gurman spricht von der Einf\u00fchrung neuer MacBook-Pro-Modelle \u201esp\u00e4ter im Jahr\u201c und h\u00e4lt damit die M\u00f6glichkeit offen, dass die neuen Rechner auch schon fr\u00fcher erscheinen. Auch ein neues Einsteiger-iPad sowie eine neue Version des iPad mini sollen bis zum Herbst folgen. Ansonsten liege nat\u00fcrlich alle Aufmerksamkeit des Herstellers auf den in nur noch etwa drei Monaten erwarteten neuen Modellen von iPhone und Apple Watch.<\/p>\n<p><a href=\"https:\/\/images.ifun.de\/wp-content\/uploads\/2021\/05\/macbook-pro-intel-16-zoll.jpg\"><img loading=\"lazy\" decoding=\"async\" src=\"https:\/\/images.ifun.de\/wp-content\/uploads\/2021\/05\/macbook-pro-intel-16-zoll-700x436.jpg\" alt=\"Macbook Pro Intel 16 Zoll\" width=\"700\" height=\"436\" class=\"alignnone size-large wp-image-170509\" srcset=\"https:\/\/images.ifun.de\/wp-content\/uploads\/2021\/05\/macbook-pro-intel-16-zoll-700x436.jpg 700w, https:\/\/images.ifun.de\/wp-content\/uploads\/2021\/05\/macbook-pro-intel-16-zoll-500x311.jpg 500w, https:\/\/images.ifun.de\/wp-content\/uploads\/2021\/05\/macbook-pro-intel-16-zoll-768x478.jpg 768w, https:\/\/images.ifun.de\/wp-content\/uploads\/2021\/05\/macbook-pro-intel-16-zoll.jpg 1400w\" sizes=\"auto, (max-width: 700px) 100vw, 700px\" \/><\/a><\/p>\n<h6>Apples (noch) aktuelles Intel-MacBook-Pro<\/h6>\n<p>Die Erwartungen an die neuen MacBook-Modelle sind hoch. So sollen ein \u00fcberarbeitetes Geh\u00e4use und leistungsf\u00e4higere Prozessoren daf\u00fcr sorgen, dass sich seitlich <a href=\"https:\/\/www.ifun.de\/macbook-pro-mit-leistungsfaehigerem-apple-prozessor-soll-im-sommer-kommen-170503\/\">wieder mehr Anschl\u00fcsse<\/a> platzieren lassen &#8211; darunter neben einer HDMI-Buchse auch eine neue Version von Apples magnetischem MagSafe-Ladeanschluss. Umstritten ist derzeit noch, ob Apple im Zuge der Aktualisierung wieder g\u00e4nzlich auf die ber\u00fchrungsempfindliche Eingabeleiste Touch Bar verzichtet, um zu klassischen Funktionstasten zur\u00fcckzukehren. So oder so, Apples leistungsf\u00e4higeree \u201eMacBook Pro M1X\u201c wird dann wohl in Varianten mit 14 und 16 Zoll Bildschirmgr\u00f6\u00dfe angeboten werden.<\/p>\n<h2>iPad mit 14\u201c oder 16\u201c Bildschirmgr\u00f6\u00dfe?<\/h2>\n<p>Unabh\u00e4ngig vom Zeitplan der anstehenden Mac-Ver\u00f6ffentlichungen erw\u00e4hnt Gurman auch, dass Apple mit gr\u00f6\u00dferen iPad-Modellen experimentiert. Wohlgemerkt handle es sich hierbei keinesfalls schon um konkrete Produktpl\u00e4ne, doch \u00fcberlege man, das Tablet mit deutlich mehr Bildschirmfl\u00e4che anzubieten und fahre entsprechende Tests. <\/p>\n<p>Aktuell verkauft Apple das iPad Pro mit maximal 12,9 Zoll Bildschirmgr\u00f6\u00dfe. Mit Blick auf die Tests bei Apple nennt Gurman zwar keine Zahlen, doch tr\u00e4umt er selbst von iPads mit Bildschirmen in der Kategorie des MacBook Pro, also mit 14 oder gar 16 Zoll Gr\u00f6\u00dfe, die sich in Verbindung mit den in neuen iPads verbauten Mac-Prozessoren und Software-Anpassungen optimal ausreizen lassen.<\/p>\n<p>Eine entsprechende Ank\u00fcndigung brauche in den n\u00e4chsten zwei Jahren allerdings niemand erwarten. Wenn \u00fcberhaupt, werde man solche Apple-Ger\u00e4te fr\u00fchestens im Jahr 2023 zu sehen bekommen.<img loading=\"lazy\" decoding=\"async\" src=\"https:\/\/vg02.met.vgwort.de\/na\/338b774cece5403d80eb3bdf5cfc1bd3\" width=\"1\" height=\"1\" no-lazy class=\"tracking\"><\/p>\n","protected":false},"excerpt":{"rendered":"<a href=\"https:\/\/www.ifun.de\/apple-ausblick-macbook-pro-m1x-bis-herbst-groessere-ipads-im-gespraech-172135\/\"><img decoding=\"async\" width=\"150\" src=\"https:\/\/images.ifun.de\/wp-content\/uploads\/2021\/05\/macbook-pro-intel-16-zoll-700x436.jpg\" class=\"alignright wp-post-image tfe\" alt=\"Macbook Pro Intel 16 Zoll\" title=\"\" \/><\/a><p>Unter dem Titel \u201ePower On\u201c informiert der Bloomberg-Reporter Mark Gurman einmal pro Woche \u00fcber seine Einsch\u00e4tzungen und Erwartungen mit Blick die Entwicklung im Technologiebereich, dazu z\u00e4hlen insbesondere auch kommende Apple-Produkte. Gurman bezieht sein Wissen zu einem gro\u00dfen Teil auch von Insidern und ist von daher f\u00fcr recht realistische Voraussagen bekannt. In dieser Woche sind neben [&hellip;]<\/p>\n","protected":false},"author":2,"featured_media":0,"comment_status":"open","ping_status":"closed","sticky":false,"template":"","format":"standard","meta":{"_acf_changed":false,"footnotes":""},"categories":[3],"tags":[4740,224],"class_list":["post-172135","post","type-post","status-publish","format-standard","hentry","category-apple","tag-ipad","tag-macbook-pro"],"acf":[],"aioseo_notices":[],"subheadline":["Bloomberg-Autor Mark Gurman:"],"featured_image":["https:\/\/images.ifun.de\/wp-content\/uploads\/2020\/11\/craig-macbook-air.jpg"],"rest_api_enabler":{"subheadline":"Bloomberg-Autor Mark Gurman:","featured_image":"https:\/\/images.ifun.de\/wp-content\/uploads\/2020\/11\/craig-macbook-air.jpg"},"_links":{"self":[{"href":"https:\/\/www.ifun.de\/apiv2\/wp\/v2\/posts\/172135","targetHints":{"allow":["GET"]}}],"collection":[{"href":"https:\/\/www.ifun.de\/apiv2\/wp\/v2\/posts"}],"about":[{"href":"https:\/\/www.ifun.de\/apiv2\/wp\/v2\/types\/post"}],"author":[{"embeddable":true,"href":"https:\/\/www.ifun.de\/apiv2\/wp\/v2\/users\/2"}],"replies":[{"embeddable":true,"href":"https:\/\/www.ifun.de\/apiv2\/wp\/v2\/comments?post=172135"}],"version-history":[{"count":3,"href":"https:\/\/www.ifun.de\/apiv2\/wp\/v2\/posts\/172135\/revisions"}],"predecessor-version":[{"id":172138,"href":"https:\/\/www.ifun.de\/apiv2\/wp\/v2\/posts\/172135\/revisions\/172138"}],"wp:attachment":[{"href":"https:\/\/www.ifun.de\/apiv2\/wp\/v2\/media?parent=172135"}],"wp:term":[{"taxonomy":"category","embeddable":true,"href":"https:\/\/www.ifun.de\/apiv2\/wp\/v2\/categories?post=172135"},{"taxonomy":"post_tag","embeddable":true,"href":"https:\/\/www.ifun.de\/apiv2\/wp\/v2\/tags?post=172135"}],"curies":[{"name":"wp","href":"https:\/\/api.w.org\/{rel}","templated":true}]}}