{"id":172106,"date":"2021-06-25T12:32:10","date_gmt":"2021-06-25T10:32:10","guid":{"rendered":"https:\/\/www.ifun.de\/?p=172106"},"modified":"2021-06-25T12:32:10","modified_gmt":"2021-06-25T10:32:10","slug":"mac-updates-itsycal-mactracker-audiobook-builder","status":"publish","type":"post","link":"https:\/\/www.ifun.de\/mac-updates-itsycal-mactracker-audiobook-builder-172106\/","title":{"rendered":"Mac-Updates: Itsycal, Mactracker, Audiobook Builder"},"content":{"rendered":"<p>Das kostenlos erh\u00e4ltliche Hobbyprojekt <a href=\"https:\/\/www.mowglii.com\/itsycal\/\">Itsycal<\/a> geh\u00f6rt zu den Werkzeugen, die wir auf neuen Maschinen mit als erstes installieren &#8211; der Kalender f\u00fcr die Mac-Men\u00fcleiste ist kostenfrei, verdammt praktisch und jetzt in Version 0.13 erschienen.<\/p>\n<p><a href=\"https:\/\/images.ifun.de\/wp-content\/uploads\/2021\/06\/itsycalbanner2@2x.png\"><img loading=\"lazy\" decoding=\"async\" class=\"aligncenter size-medium wp-image-172109\" src=\"https:\/\/images.ifun.de\/wp-content\/uploads\/2021\/06\/itsycalbanner2@2x-500x430.png\" alt=\"Itsycalbanner2@2x\" width=\"500\" height=\"430\" srcset=\"https:\/\/images.ifun.de\/wp-content\/uploads\/2021\/06\/itsycalbanner2@2x-500x430.png 500w, https:\/\/images.ifun.de\/wp-content\/uploads\/2021\/06\/itsycalbanner2@2x-700x602.png 700w, https:\/\/images.ifun.de\/wp-content\/uploads\/2021\/06\/itsycalbanner2@2x-768x660.png 768w, https:\/\/images.ifun.de\/wp-content\/uploads\/2021\/06\/itsycalbanner2@2x.png 1000w\" sizes=\"auto, (max-width: 500px) 100vw, 500px\" \/><\/a><\/p>\n<h2>Men\u00fcleisten-Kalender Itsycal<\/h2>\n<p>Die vergleichsweise gro\u00dfe Itsycal-Aktualisierung k\u00fcmmert sich um Verbesserungen bei der deutschen \u00dcbersetzung, ist fortan f\u00fcr den Einsatz auf M1-Macs optimiert, \u00f6ffnet den Standard-Kalender bei Doppelklick auf Event-Eintr\u00e4ge und integriert zahlreiche Fehlerbehebungen. Zum <a href=\"https:\/\/www.mowglii.com\/itsycal\/\">Download bitte hier entlang<\/a>.<\/p>\n<p><a href=\"https:\/\/images.ifun.de\/wp-content\/uploads\/2021\/06\/itsycal-1400.jpg\"><img loading=\"lazy\" decoding=\"async\" class=\"aligncenter size-medium wp-image-172108\" src=\"https:\/\/images.ifun.de\/wp-content\/uploads\/2021\/06\/itsycal-1400-500x241.jpg\" alt=\"Itsycal 1400\" width=\"500\" height=\"241\" srcset=\"https:\/\/images.ifun.de\/wp-content\/uploads\/2021\/06\/itsycal-1400-500x241.jpg 500w, https:\/\/images.ifun.de\/wp-content\/uploads\/2021\/06\/itsycal-1400-700x338.jpg 700w, https:\/\/images.ifun.de\/wp-content\/uploads\/2021\/06\/itsycal-1400-768x371.jpg 768w, https:\/\/images.ifun.de\/wp-content\/uploads\/2021\/06\/itsycal-1400.jpg 1024w\" sizes=\"auto, (max-width: 500px) 100vw, 500px\" \/><\/a><\/p>\n<h2>Apple-Datenbank Mactracker<\/h2>\n<p>Die nahezu allwissende Apple-Datenbank <a href=\"https:\/\/mactracker.ca\/\">Mactracker<\/a> ist bereits seit ihrem letzten Update auch f\u00fcr Macs mit Apple-Prozessoren optimiert und k\u00fcmmert sich heute wieder um ihre Inhalte.<\/p>\n<p>Der Entwickler vermeldet im Zusammenhang mit der neu ver\u00f6ffentlichten Version 7.10.4 die folgenden Neuzug\u00e4nge im Interaktiven Hardware-Verzeichnis:<\/p>\n<ul>\n<li>iMac (24-Zoll, M1, 2021)<\/li>\n<li>iPad Pro 11-Zoll (3. Generation)<\/li>\n<li>iPad Pro 12.9-Zoll (5. Generation)<\/li>\n<li>Apple TV 4K (2. Generation)<\/li>\n<li>Siri Remote (2. Generation)<\/li>\n<li>F\u00fcgt Details zu den neuesten OS-Versionen hinzu<\/li>\n<li>Integriert einen Hinweis auf die Sidecar-Unterst\u00fctzung in die Informationen zu den Anzeigemodi<\/li>\n<li>Aktualisiert den Support-Status f\u00fcr die neuesten Vintage- und Obsolete-Produkte von Apple<\/li>\n<\/ul>\n<p><a href=\"https:\/\/images.ifun.de\/wp-content\/uploads\/2021\/06\/mactracker-1400.jpg\"><img loading=\"lazy\" decoding=\"async\" class=\"aligncenter size-large wp-image-172110\" src=\"https:\/\/images.ifun.de\/wp-content\/uploads\/2021\/06\/mactracker-1400-700x472.jpg\" alt=\"Mactracker 1400\" width=\"700\" height=\"472\" srcset=\"https:\/\/images.ifun.de\/wp-content\/uploads\/2021\/06\/mactracker-1400-700x472.jpg 700w, https:\/\/images.ifun.de\/wp-content\/uploads\/2021\/06\/mactracker-1400-500x337.jpg 500w, https:\/\/images.ifun.de\/wp-content\/uploads\/2021\/06\/mactracker-1400-768x518.jpg 768w, https:\/\/images.ifun.de\/wp-content\/uploads\/2021\/06\/mactracker-1400.jpg 1400w\" sizes=\"auto, (max-width: 700px) 100vw, 700px\" \/><\/a><\/p>\n<h2>H\u00f6rbuch-App Audiobook Builder<\/h2>\n<p>Auch der schon etwas in die Jahre gekommene Download <a href=\"https:\/\/www.splasm.com\/audiobookbuilder\/\">Audiobook Builder<\/a>, der H\u00f6rbuch-Dateien aus mehreren einzelnen MP3s erstellen kann, meldet sich mit einem \u00fcberraschenden Update zu Wort.<\/p>\n<p><a href=\"https:\/\/www.splasm.com\/audiobookbuilder\/update.html\">Version 2.1.3<\/a> optimiert die Speicherung von Kapitel-Bildern und behebt einen Fehler, der dazu f\u00fchren konnte dass zu Projekten hinzugef\u00fcgte MP3s unter macOS 11.4 Big Sur k\u00fcrzelr ausfallen konnten. Der Audiobook Builder wird auf der Entwickler-Seite f\u00fcr mehr als faire 5,59 Euro angeboten.<\/p>\n<p><a href=\"https:\/\/images.ifun.de\/wp-content\/uploads\/2021\/06\/Bildschirmfoto-2021-06-25-um-12.27.34-1400.jpg\"><img loading=\"lazy\" decoding=\"async\" class=\"aligncenter size-medium wp-image-172111\" src=\"https:\/\/images.ifun.de\/wp-content\/uploads\/2021\/06\/Bildschirmfoto-2021-06-25-um-12.27.34-1400-500x397.jpg\" alt=\"Bildschirmfoto 2021 06 25 Um 12.27.34 1400\" width=\"500\" height=\"397\" srcset=\"https:\/\/images.ifun.de\/wp-content\/uploads\/2021\/06\/Bildschirmfoto-2021-06-25-um-12.27.34-1400-500x397.jpg 500w, https:\/\/images.ifun.de\/wp-content\/uploads\/2021\/06\/Bildschirmfoto-2021-06-25-um-12.27.34-1400-700x555.jpg 700w, https:\/\/images.ifun.de\/wp-content\/uploads\/2021\/06\/Bildschirmfoto-2021-06-25-um-12.27.34-1400-768x609.jpg 768w, https:\/\/images.ifun.de\/wp-content\/uploads\/2021\/06\/Bildschirmfoto-2021-06-25-um-12.27.34-1400.jpg 1180w\" sizes=\"auto, (max-width: 500px) 100vw, 500px\" \/><\/a><\/p>\n<p><img loading=\"lazy\" decoding=\"async\" src=\"https:\/\/vg01.met.vgwort.de\/na\/fc1b86f1ea844913b5f0ee911191830f\" width=\"1\" height=\"1\" no-lazy class=\"tracking\"><\/p>\n","protected":false},"excerpt":{"rendered":"<a href=\"https:\/\/www.ifun.de\/mac-updates-itsycal-mactracker-audiobook-builder-172106\/\"><img width=\"150\" height=\"150\" src=\"https:\/\/images.ifun.de\/wp-content\/uploads\/2021\/06\/tracker-itsy-audio-feature-150x150.jpg\" class=\"alignright tfe wp-post-image\" alt=\"Tracker Itsy Audio Feature\" decoding=\"async\" loading=\"lazy\" \/><\/a><p>Das kostenlos erh\u00e4ltliche Hobbyprojekt Itsycal geh\u00f6rt zu den Werkzeugen, die wir auf neuen Maschinen mit als erstes installieren &#8211; der Kalender f\u00fcr die Mac-Men\u00fcleiste ist kostenfrei, verdammt praktisch und jetzt in Version 0.13 erschienen. Men\u00fcleisten-Kalender Itsycal Die vergleichsweise gro\u00dfe Itsycal-Aktualisierung k\u00fcmmert sich um Verbesserungen bei der deutschen \u00dcbersetzung, ist fortan f\u00fcr den Einsatz auf M1-Macs [&hellip;]<\/p>\n","protected":false},"author":1,"featured_media":172112,"comment_status":"open","ping_status":"closed","sticky":false,"template":"","format":"standard","meta":{"_acf_changed":false,"footnotes":""},"categories":[1],"tags":[4737,6321,52,69],"class_list":["post-172106","post","type-post","status-publish","format-standard","has-post-thumbnail","hentry","category-news","tag-apps","tag-mac","tag-software","tag-update"],"acf":[],"aioseo_notices":[],"subheadline":["Drei Favoriten aktualisiert","Drei Favoriten aktualisiert"],"featured_image":["https:\/\/images.ifun.de\/wp-content\/uploads\/2021\/06\/tracker-itsy-audio-feature.jpg"],"rest_api_enabler":{"subheadline":["Drei Favoriten aktualisiert","Drei Favoriten aktualisiert"],"featured_image":"https:\/\/images.ifun.de\/wp-content\/uploads\/2021\/06\/tracker-itsy-audio-feature.jpg"},"_links":{"self":[{"href":"https:\/\/www.ifun.de\/apiv2\/wp\/v2\/posts\/172106","targetHints":{"allow":["GET"]}}],"collection":[{"href":"https:\/\/www.ifun.de\/apiv2\/wp\/v2\/posts"}],"about":[{"href":"https:\/\/www.ifun.de\/apiv2\/wp\/v2\/types\/post"}],"author":[{"embeddable":true,"href":"https:\/\/www.ifun.de\/apiv2\/wp\/v2\/users\/1"}],"replies":[{"embeddable":true,"href":"https:\/\/www.ifun.de\/apiv2\/wp\/v2\/comments?post=172106"}],"version-history":[{"count":2,"href":"https:\/\/www.ifun.de\/apiv2\/wp\/v2\/posts\/172106\/revisions"}],"predecessor-version":[{"id":172113,"href":"https:\/\/www.ifun.de\/apiv2\/wp\/v2\/posts\/172106\/revisions\/172113"}],"wp:featuredmedia":[{"embeddable":true,"href":"https:\/\/www.ifun.de\/apiv2\/wp\/v2\/media\/172112"}],"wp:attachment":[{"href":"https:\/\/www.ifun.de\/apiv2\/wp\/v2\/media?parent=172106"}],"wp:term":[{"taxonomy":"category","embeddable":true,"href":"https:\/\/www.ifun.de\/apiv2\/wp\/v2\/categories?post=172106"},{"taxonomy":"post_tag","embeddable":true,"href":"https:\/\/www.ifun.de\/apiv2\/wp\/v2\/tags?post=172106"}],"curies":[{"name":"wp","href":"https:\/\/api.w.org\/{rel}","templated":true}]}}