{"id":171993,"date":"2021-06-23T07:06:20","date_gmt":"2021-06-23T05:06:20","guid":{"rendered":"https:\/\/www.ifun.de\/?p=171993"},"modified":"2021-06-23T07:06:45","modified_gmt":"2021-06-23T05:06:45","slug":"apple-stores-planen-mehrmonatige-creative-studios","status":"publish","type":"post","link":"https:\/\/www.ifun.de\/apple-stores-planen-mehrmonatige-creative-studios-171993\/","title":{"rendered":"Apple Stores planen mehrmonatige &#8222;Creative Studios&#8220;"},"content":{"rendered":"<p>Unter der \u00dcberschrift &#8222;<a href=\"https:\/\/www.apple.com\/de\/today\/\">Today at Apple<\/a>&#8220; bietet Apple schon l\u00e4nger einen bunten Mix aus kostenfreien Veranstaltungen an, die in den Ladengesch\u00e4ften Cupertinos stattfinden und die M\u00f6glichkeiten der eigenen Produkte herausarbeiten und bewerben sollen.<\/p>\n<p><a href=\"https:\/\/images.ifun.de\/wp-content\/uploads\/2017\/05\/today-at-apple-union-square.jpg\"><img decoding=\"async\" class=\"aligncenter size-full wp-image-107747\" src=\"https:\/\/images.ifun.de\/wp-content\/uploads\/2017\/05\/today-at-apple-union-square.jpg\" alt=\"Today At Apple Union Square\" width=\"500\" srcset=\"https:\/\/images.ifun.de\/wp-content\/uploads\/2017\/05\/today-at-apple-union-square.jpg 700w, https:\/\/images.ifun.de\/wp-content\/uploads\/2017\/05\/today-at-apple-union-square-300x185.jpg 300w\" sizes=\"(max-width: 700px) 100vw, 700px\" \/><\/a><\/p>\n<h2>Eher Messepr\u00e4sentation als Volkshochschule<\/h2>\n<p>Allerdings geht es Apple hier nicht vorrangig um den Verkauf neuer Hardware sondern eher um die Schulung von Anwendern, die bereits zugeschlagen haben und bessere Fotos aufnehmen, saubere Skizzen zeichnen oder ihren neuen Mac besser kennenlernen m\u00f6chten.<\/p>\n<p>Informationsveranstaltungen, die in der Apple-Filiale ums Eck und (zumindest vor der Pandemie) h\u00e4ufig direkt vor laufendem Publikumsverkehr stattfinden. Die rundherum sehr amerikanische Veranstaltungsreihe wird auch hierzulande angeboten, wirkt f\u00fcr hiesige Betrachter aber oft deplatziert und d\u00fcrfte eher Assoziationen mit Messepr\u00e4sentationen, als mit einem Abstecher zur Volkshochschule hervorrufen.<\/p>\n<h2>&#8222;Creative Studios&#8220; f\u00fcr unterrepr\u00e4sentierte Communitys<\/h2>\n<p>Jetzt hat Apple angek\u00fcndigt &#8222;Today at Apple&#8220; um sogenannte &#8222;Creative Studios&#8220; ausbauen zu wollen. Die &#8222;Creative Studios&#8220; beschreibt der Konzern als globale Initiative, die sich an unterrepr\u00e4sentierte Communitys richtet und diesen nicht nur den Zugang zu Apple kompletter Produktpalette bieten wird, sondern kostenfrei professionelles Training, kreative Ressourcen und karrieref\u00f6rderndes Mentoring bereitstellen will.<\/p>\n<p>Die &#8222;Creative Studios&#8220; sollen immer in Kooperation mit gemeinn\u00fctzigen Organisationen angeboten werden und werden in Los Angeles und Peking starten. Noch im laufenden Jahr sollen dann Bangkok, London, Chicago und Washington, D.C. folgen.<\/p>\n<ul>\n<li>In LA deb\u00fctiert Apple mit der Music Forward Foundation und dem Inner-City Arts and Social Justice Learning Institute und wird die Teilnehmer neun Wochen lang beim Erstellen eines &#8222;visuellen Albums&#8220; begleiten, in dem diese &#8222;ihre neuen F\u00e4higkeiten einsetzen, um ihre Geschichten durch Musik, Design und Bilder zu erz\u00e4hlen&#8220;.<\/li>\n<li>In Peking geht es zusammen mit der China Foundation for Poverty Alleviation und der China Social Entrepreneur Foundation satte 12 Wochen um die Themen Fotografie und Videografie, Musik und App-Design.<\/li>\n<\/ul>\n<p>Allerdings betont Apple:<\/p>\n<blockquote><p>\u201eToday at Apple\u201c wird auch \u00f6ffentliche Sessions anbieten, die f\u00fcr jede:n zug\u00e4nglich sind und von den inspirierenden K\u00fcnstler:innen geleitet werden, die den jungen Teilnehmer:innen der \u201eToday at Apple Creative Studios\u201c als Mentor:innen zur Seite stehen. Jede:r ist eingeladen, sich f\u00fcr diese Sessions unter <a href=\"https:\/\/www.apple.com\/de\/today\/\">apple.com\/today<\/a> zu registrieren.<\/p><\/blockquote>\n<p><img loading=\"lazy\" decoding=\"async\" src=\"https:\/\/vg01.met.vgwort.de\/na\/9a375af69640402e90048a53f421351b\" width=\"1\" height=\"1\" no-lazy class=\"tracking\"><\/p>\n","protected":false},"excerpt":{"rendered":"<a href=\"https:\/\/www.ifun.de\/apple-stores-planen-mehrmonatige-creative-studios-171993\/\"><img decoding=\"async\" width=\"150\" src=\"https:\/\/images.ifun.de\/wp-content\/uploads\/2017\/05\/today-at-apple-union-square.jpg\" class=\"alignright wp-post-image tfe\" alt=\"Today At Apple Union Square\" title=\"\" \/><\/a><p>Unter der \u00dcberschrift &#8222;Today at Apple&#8220; bietet Apple schon l\u00e4nger einen bunten Mix aus kostenfreien Veranstaltungen an, die in den Ladengesch\u00e4ften Cupertinos stattfinden und die M\u00f6glichkeiten der eigenen Produkte herausarbeiten und bewerben sollen. Eher Messepr\u00e4sentation als Volkshochschule Allerdings geht es Apple hier nicht vorrangig um den Verkauf neuer Hardware sondern eher um die Schulung von [&hellip;]<\/p>\n","protected":false},"author":1,"featured_media":0,"comment_status":"open","ping_status":"closed","sticky":false,"template":"","format":"standard","meta":{"_acf_changed":false,"footnotes":""},"categories":[3],"tags":[4736,49,3705],"class_list":["post-171993","post","type-post","status-publish","format-standard","hentry","category-apple","tag-apple","tag-apple-store","tag-today-at-apple"],"acf":[],"aioseo_notices":[],"subheadline":["F\u00fcr unterrepr\u00e4sentierte Communitys"],"featured_image":["https:\/\/images.ifun.de\/wp-content\/uploads\/2018\/01\/today-apple.jpg"],"rest_api_enabler":{"subheadline":"F\u00fcr unterrepr\u00e4sentierte Communitys","featured_image":"https:\/\/images.ifun.de\/wp-content\/uploads\/2018\/01\/today-apple.jpg"},"_links":{"self":[{"href":"https:\/\/www.ifun.de\/apiv2\/wp\/v2\/posts\/171993","targetHints":{"allow":["GET"]}}],"collection":[{"href":"https:\/\/www.ifun.de\/apiv2\/wp\/v2\/posts"}],"about":[{"href":"https:\/\/www.ifun.de\/apiv2\/wp\/v2\/types\/post"}],"author":[{"embeddable":true,"href":"https:\/\/www.ifun.de\/apiv2\/wp\/v2\/users\/1"}],"replies":[{"embeddable":true,"href":"https:\/\/www.ifun.de\/apiv2\/wp\/v2\/comments?post=171993"}],"version-history":[{"count":2,"href":"https:\/\/www.ifun.de\/apiv2\/wp\/v2\/posts\/171993\/revisions"}],"predecessor-version":[{"id":171995,"href":"https:\/\/www.ifun.de\/apiv2\/wp\/v2\/posts\/171993\/revisions\/171995"}],"wp:attachment":[{"href":"https:\/\/www.ifun.de\/apiv2\/wp\/v2\/media?parent=171993"}],"wp:term":[{"taxonomy":"category","embeddable":true,"href":"https:\/\/www.ifun.de\/apiv2\/wp\/v2\/categories?post=171993"},{"taxonomy":"post_tag","embeddable":true,"href":"https:\/\/www.ifun.de\/apiv2\/wp\/v2\/tags?post=171993"}],"curies":[{"name":"wp","href":"https:\/\/api.w.org\/{rel}","templated":true}]}}