{"id":171915,"date":"2021-06-21T17:33:41","date_gmt":"2021-06-21T15:33:41","guid":{"rendered":"https:\/\/www.ifun.de\/?p=171915"},"modified":"2021-06-21T17:33:41","modified_gmt":"2021-06-21T15:33:41","slug":"apple-tv-zeigt-neuen-trailer-fuer-ted-lasso","status":"publish","type":"post","link":"https:\/\/www.ifun.de\/apple-tv-zeigt-neuen-trailer-fuer-ted-lasso-171915\/","title":{"rendered":"Apple TV+ zeigt neuen Trailer f\u00fcr Ted Lasso"},"content":{"rendered":"<p>In gut vier Wochen startet die zweite Staffel von <a href=\"https:\/\/apple.co\/_TedLasso\">Ted Lasso<\/a> auf Apple TV+. Apple hat den Starttermin 23. Juli bereits im April angek\u00fcndigt und r\u00fchrt jetzt mit einem neuen, gut zwei Minuten langen Trailer erneut die Werbetrommel f\u00fcr die wohl bislang erfolgreichste Serie auf Apple TV+.<\/p>\n<p><a href=\"https:\/\/images.ifun.de\/wp-content\/uploads\/2021\/06\/ted-lasso-staffel-2.jpg\"><img loading=\"lazy\" decoding=\"async\" src=\"https:\/\/images.ifun.de\/wp-content\/uploads\/2021\/06\/ted-lasso-staffel-2-500x309.jpg\" alt=\"Ted Lasso Staffel 2\" width=\"500\" height=\"309\" class=\"alignnone size-medium wp-image-171917\" srcset=\"https:\/\/images.ifun.de\/wp-content\/uploads\/2021\/06\/ted-lasso-staffel-2-500x309.jpg 500w, https:\/\/images.ifun.de\/wp-content\/uploads\/2021\/06\/ted-lasso-staffel-2-700x433.jpg 700w, https:\/\/images.ifun.de\/wp-content\/uploads\/2021\/06\/ted-lasso-staffel-2-768x475.jpg 768w, https:\/\/images.ifun.de\/wp-content\/uploads\/2021\/06\/ted-lasso-staffel-2.jpg 1400w\" sizes=\"auto, (max-width: 500px) 100vw, 500px\" \/><\/a><\/p>\n<p>Jason Sudeikis spielt in Ted Lasso den namengebenden, und nur bedingt erfolgreichen Trainer eines englischen Premier-League-Clubs namens FC Richmond. Der neue Trailer f\u00fcr die zweite Staffel der Serie macht Lust auf die Fortsetzung und deutet an, dass die neuen Episoden von Ted Lasso in Sachen Unterhaltungswert durchaus an die erste Staffel ankn\u00fcpfen k\u00f6nnen.<\/p>\n<p>Im Gegensatz zu den ersten Folgen wird die zweite Staffel von Ted Lasso allerdings f\u00fcr viele Nutzer nur noch kostenpflichtig abrufbar sein. Der von Apple anfangs teils weit \u00fcber ein Jahr hinaus angebotene Gratiszeitraum d\u00fcrfte in den meisten F\u00e4llen abgelaufen sein. Ohnehin zeigt sich Apple hier mittlerweile auch l\u00e4ngst nicht mehr so gro\u00dfz\u00fcgig wie bisher. Statt bislang einem Jahr gibt es das kostenlose Probeabo f\u00fcr K\u00e4ufer neuer Hardware in Zukunft nur noch <a href=\"https:\/\/www.ifun.de\/apple-tv-verkuerzter-gratis-zeitraum-und-staffel-2-von-the-morning-show-171670\/\">\u00fcber drei Monate hinweg<\/a>.<\/p>\n<p><div class=\"responsive-video\"><iframe loading=\"lazy\" width=\"700\" height=\"371\" src=\"https:\/\/www.youtube-nocookie.com\/embed\/reP1gVGpFKo\" frameborder=\"0\" allowfullscreen><\/iframe><\/div><\/p>\n","protected":false},"excerpt":{"rendered":"<a href=\"https:\/\/www.ifun.de\/apple-tv-zeigt-neuen-trailer-fuer-ted-lasso-171915\/\"><img width=\"150\" height=\"150\" src=\"https:\/\/images.ifun.de\/wp-content\/uploads\/2021\/06\/ted-lasso-staffel-2-150x150.jpg\" class=\"alignright tfe wp-post-image\" alt=\"Ted Lasso Staffel 2\" decoding=\"async\" loading=\"lazy\" \/><\/a><p>In gut vier Wochen startet die zweite Staffel von Ted Lasso auf Apple TV+. Apple hat den Starttermin 23. Juli bereits im April angek\u00fcndigt und r\u00fchrt jetzt mit einem neuen, gut zwei Minuten langen Trailer erneut die Werbetrommel f\u00fcr die wohl bislang erfolgreichste Serie auf Apple TV+. Jason Sudeikis spielt in Ted Lasso den namengebenden, [&hellip;]<\/p>\n","protected":false},"author":2,"featured_media":171917,"comment_status":"open","ping_status":"closed","sticky":false,"template":"","format":"standard","meta":{"_acf_changed":false,"footnotes":""},"categories":[20],"tags":[26,5131],"class_list":["post-171915","post","type-post","status-publish","format-standard","has-post-thumbnail","hentry","category-videos","tag-apple-tv","tag-ted-lasso"],"acf":[],"aioseo_notices":[],"subheadline":["Neue Staffel ab 23. Juli"],"featured_image":["https:\/\/images.ifun.de\/wp-content\/uploads\/2021\/06\/apple-tv-plus-ted-lasso-trailer.jpg"],"rest_api_enabler":{"subheadline":"Neue Staffel ab 23. Juli","featured_image":"https:\/\/images.ifun.de\/wp-content\/uploads\/2021\/06\/apple-tv-plus-ted-lasso-trailer.jpg"},"_links":{"self":[{"href":"https:\/\/www.ifun.de\/apiv2\/wp\/v2\/posts\/171915","targetHints":{"allow":["GET"]}}],"collection":[{"href":"https:\/\/www.ifun.de\/apiv2\/wp\/v2\/posts"}],"about":[{"href":"https:\/\/www.ifun.de\/apiv2\/wp\/v2\/types\/post"}],"author":[{"embeddable":true,"href":"https:\/\/www.ifun.de\/apiv2\/wp\/v2\/users\/2"}],"replies":[{"embeddable":true,"href":"https:\/\/www.ifun.de\/apiv2\/wp\/v2\/comments?post=171915"}],"version-history":[{"count":2,"href":"https:\/\/www.ifun.de\/apiv2\/wp\/v2\/posts\/171915\/revisions"}],"predecessor-version":[{"id":171919,"href":"https:\/\/www.ifun.de\/apiv2\/wp\/v2\/posts\/171915\/revisions\/171919"}],"wp:featuredmedia":[{"embeddable":true,"href":"https:\/\/www.ifun.de\/apiv2\/wp\/v2\/media\/171917"}],"wp:attachment":[{"href":"https:\/\/www.ifun.de\/apiv2\/wp\/v2\/media?parent=171915"}],"wp:term":[{"taxonomy":"category","embeddable":true,"href":"https:\/\/www.ifun.de\/apiv2\/wp\/v2\/categories?post=171915"},{"taxonomy":"post_tag","embeddable":true,"href":"https:\/\/www.ifun.de\/apiv2\/wp\/v2\/tags?post=171915"}],"curies":[{"name":"wp","href":"https:\/\/api.w.org\/{rel}","templated":true}]}}