{"id":171654,"date":"2021-06-15T09:47:52","date_gmt":"2021-06-15T07:47:52","guid":{"rendered":"https:\/\/www.ifun.de\/?p=171654"},"modified":"2021-06-15T09:47:52","modified_gmt":"2021-06-15T07:47:52","slug":"trump-regierung-nutzte-apple-zur-feindueberwachung","status":"publish","type":"post","link":"https:\/\/www.ifun.de\/trump-regierung-nutzte-apple-zur-feindueberwachung-171654\/","title":{"rendered":"Trump-Regierung nutzte Apple zur Feind\u00fcberwachung"},"content":{"rendered":"<p>Auf der Suche nach Quellen, die geheime Regierungsinformationen an Medien wie die New York Times durchgestochen haben, soll die Trump-Regierung mehrfach auf Apple zugegangen und den Konzern mit Vorladungen des Justizministeriums dazu gebracht haben, Daten \u00fcber demokratische Kongress-Abgeordnete preiszugeben.<\/p>\n<p><a href=\"https:\/\/images.ifun.de\/wp-content\/uploads\/2016\/11\/trump-500.jpg\"><img loading=\"lazy\" decoding=\"async\" class=\"aligncenter size-full wp-image-100608\" src=\"https:\/\/images.ifun.de\/wp-content\/uploads\/2016\/11\/trump-500.jpg\" alt=\"Trump 500\" width=\"500\" height=\"333\" srcset=\"https:\/\/images.ifun.de\/wp-content\/uploads\/2016\/11\/trump-500.jpg 500w, https:\/\/images.ifun.de\/wp-content\/uploads\/2016\/11\/trump-500-300x200.jpg 300w\" sizes=\"auto, (max-width: 500px) 100vw, 500px\" \/><\/a><\/p>\n<p>Die f\u00fcr die Trump-Administration t\u00e4tigen Strafverfolger sollen auf der Suche nach Quellen gewesen sein, die Journalisten Hintergrundinformationen \u00fcber Russland-Kontakte von Trump-Vertrauten zugesteckt haben. Betroffen von den fragw\u00fcrdigen Praktiken soll <a href=\"https:\/\/edition.cnn.com\/2021\/06\/10\/politics\/house-intelligence-committee-apple-data-trump-justice-department-doj\/\">nach Angaben<\/a> des Nachrichtensenders CNN auch der Vorsitzende des Geheimdienstausschusses, Adam Schiff, gewesen sein.<\/p>\n<h2>Redeverbot lief erst im Mai 2021 aus<\/h2>\n<p>Bereits 2018 soll sich das FBI im Zuge der Untersuchungen an Apple gewandt und den Konzern zur Freigabe pers\u00f6nlicher Daten von \u00fcber 100 Accounts aufgefordert haben. Begleitet wurde der Datenzugriff von einer sogenannten &#8222;gag order&#8220;, die es der F\u00fchrungsetage Cupertinos untersagte die \u00d6ffentlichkeit \u00fcber den Kontakt mit den Strafverfolgern zu unterrichten. Das Redeverbot wurde nach Recherchen von CNN drei Mal erneuert, ehe dies im vergangene Monat endg\u00fcltig auslieft. Im Mai unterrichtete Apple die betroffenen Abgeordneten dann \u00fcber die Vorkommnisse w\u00e4hrend der Untersuchungen.<\/p>\n<p>Diese beschr\u00e4nkten sich nicht nur auf Politiker der amerikanischen Demokraten, sonder umfassten in vielen F\u00e4llen auch Familienmitglieder, Bekannte und Mitarbeiter der Abgeordneten.<\/p>\n<p>Nach <a href=\"https:\/\/www.nytimes.com\/2021\/06\/10\/us\/politics\/justice-department-leaks-trump-administration.html\">Angaben der New York Times<\/a> soll Apple die Strafverfolger zwar nur mit Metadaten und grundlegenden Account-Informationen versorgt haben und weder Fotos noch E-Mails weitergereicht haben. Wie umfangreich die Informationen ausfallen k\u00f6nnen, die sich allein aus Metadaten extrahieren lassen ist jedoch <a href=\"https:\/\/www.bitsoffreedom.nl\/2014\/07\/30\/how-your-innocent-smartphone-passes-on-almost-your-entire-life-to-the-secret-service\/\">sp\u00e4testens seit 2014<\/a> kein Geheimnis mehr.<\/p>\n<p>Von CNN und der New York Times um ein Stellungnahme gebeten, wollte Apple die Berichte nicht kommentieren.<\/p>\n<p><img loading=\"lazy\" decoding=\"async\" src=\"https:\/\/vg01.met.vgwort.de\/na\/f291a737a50140a294790d870b86c68f\" width=\"1\" height=\"1\" no-lazy class=\"tracking\"><\/p>\n","protected":false},"excerpt":{"rendered":"<a href=\"https:\/\/www.ifun.de\/trump-regierung-nutzte-apple-zur-feindueberwachung-171654\/\"><img decoding=\"async\" width=\"150\" src=\"https:\/\/images.ifun.de\/wp-content\/uploads\/2016\/11\/trump-500.jpg\" class=\"alignright wp-post-image tfe\" alt=\"Trump 500\" title=\"\" \/><\/a><p>Auf der Suche nach Quellen, die geheime Regierungsinformationen an Medien wie die New York Times durchgestochen haben, soll die Trump-Regierung mehrfach auf Apple zugegangen und den Konzern mit Vorladungen des Justizministeriums dazu gebracht haben, Daten \u00fcber demokratische Kongress-Abgeordnete preiszugeben. Die f\u00fcr die Trump-Administration t\u00e4tigen Strafverfolger sollen auf der Suche nach Quellen gewesen sein, die Journalisten [&hellip;]<\/p>\n","protected":false},"author":1,"featured_media":0,"comment_status":"open","ping_status":"closed","sticky":false,"template":"","format":"standard","meta":{"_acf_changed":false,"footnotes":""},"categories":[3],"tags":[555,4736,990,373,5425],"class_list":["post-171654","post","type-post","status-publish","format-standard","hentry","category-apple","tag-amerika","tag-apple","tag-datenschutz","tag-kritik","tag-tump"],"acf":[],"aioseo_notices":[],"subheadline":["Redeverbot lief erst im Mai 2021 aus"],"featured_image":["https:\/\/images.ifun.de\/wp-content\/uploads\/2016\/11\/trump-f.jpg"],"rest_api_enabler":{"subheadline":"Redeverbot lief erst im Mai 2021 aus","featured_image":"https:\/\/images.ifun.de\/wp-content\/uploads\/2016\/11\/trump-f.jpg"},"_links":{"self":[{"href":"https:\/\/www.ifun.de\/apiv2\/wp\/v2\/posts\/171654","targetHints":{"allow":["GET"]}}],"collection":[{"href":"https:\/\/www.ifun.de\/apiv2\/wp\/v2\/posts"}],"about":[{"href":"https:\/\/www.ifun.de\/apiv2\/wp\/v2\/types\/post"}],"author":[{"embeddable":true,"href":"https:\/\/www.ifun.de\/apiv2\/wp\/v2\/users\/1"}],"replies":[{"embeddable":true,"href":"https:\/\/www.ifun.de\/apiv2\/wp\/v2\/comments?post=171654"}],"version-history":[{"count":1,"href":"https:\/\/www.ifun.de\/apiv2\/wp\/v2\/posts\/171654\/revisions"}],"predecessor-version":[{"id":171655,"href":"https:\/\/www.ifun.de\/apiv2\/wp\/v2\/posts\/171654\/revisions\/171655"}],"wp:attachment":[{"href":"https:\/\/www.ifun.de\/apiv2\/wp\/v2\/media?parent=171654"}],"wp:term":[{"taxonomy":"category","embeddable":true,"href":"https:\/\/www.ifun.de\/apiv2\/wp\/v2\/categories?post=171654"},{"taxonomy":"post_tag","embeddable":true,"href":"https:\/\/www.ifun.de\/apiv2\/wp\/v2\/tags?post=171654"}],"curies":[{"name":"wp","href":"https:\/\/api.w.org\/{rel}","templated":true}]}}