{"id":171633,"date":"2021-06-14T17:00:39","date_gmt":"2021-06-14T15:00:39","guid":{"rendered":"https:\/\/www.ifun.de\/?p=171633"},"modified":"2021-06-17T09:46:14","modified_gmt":"2021-06-17T07:46:14","slug":"eu-kommissarin-vestager-app-store-alternative-ist-die-zukunft","status":"publish","type":"post","link":"https:\/\/www.ifun.de\/eu-kommissarin-vestager-app-store-alternative-ist-die-zukunft-171633\/","title":{"rendered":"EU-Kommissarin Vestager: App Store-Alternative ist die Zukunft"},"content":{"rendered":"<p>Die f\u00fcr ihr Durchsetzungsverm\u00f6gen bekannte EU-Kommissarin Margrethe Vestager ist in einem am Wochenende ver\u00f6ffentlichten Interview mit der New York Times erstmals spezifisch auf die Vorw\u00fcrfe eingegangen, mit denen sich Apple Software-Kaufhaus im Rahmen mehrerer wettbewerbsrechtlicher Untersuchungen seit einigen Monaten konfrontiert sieht.<\/p>\n<p><a href=\"https:\/\/images.ifun.de\/wp-content\/uploads\/2020\/06\/vestager.jpg\"><img loading=\"lazy\" decoding=\"async\" class=\"aligncenter size-medium wp-image-155282\" src=\"https:\/\/images.ifun.de\/wp-content\/uploads\/2020\/06\/vestager-500x303.jpg\" alt=\"Vestager\" width=\"500\" height=\"303\" srcset=\"https:\/\/images.ifun.de\/wp-content\/uploads\/2020\/06\/vestager-500x303.jpg 500w, https:\/\/images.ifun.de\/wp-content\/uploads\/2020\/06\/vestager.jpg 639w\" sizes=\"auto, (max-width: 500px) 100vw, 500px\" \/><\/a><\/p>\n<p>In <a href=\"https:\/\/www.nytimes.com\/2021\/06\/10\/opinion\/sway-kara-swisher-margrethe-vestager.html\">einem halbst\u00fcndigen Gespr\u00e4ch<\/a> mit der Reporterin Kara Swisher kam die f\u00fcr den innereurop\u00e4ischen Wettbewerb zust\u00e4ndige Kommissaren dabei auch auf Apple Gatekeeper-Position zu sprechen und adressierte den Kern der Kritik, mit der sich Apple sowohl in Europa als auch in den Vereinigten Staaten auseinandersetzen muss: Apps, die auf iPhone und iPad angeboten werden, k\u00f6nnen bislang ausschlie\u00dflich \u00fcber Apples App Store bezogen werden. Hier fordert Apple dann nicht nur eine Umsatzbeteiligung ein, sondern legt auch fest welche Apps dort \u00fcberhaupt zugelassen werden.<\/p>\n<h2>Klare Positionierung f\u00fcr alternativen App Store<\/h2>\n<p>Eine dominierende Position, die Margrethe Vestager so nicht guthei\u00dfen wird und durchblicken l\u00e4sst, in welche Richtung die momentan noch laufende EU-Untersuchung ausfallen d\u00fcrfte. So fordert die Kommissarin erstmals \u00f6ffentlich, dass Apple neben dem eigenen einen zweiten App Store zum Kauf mobile Anwendungen zulassen m\u00fcsse.<\/p>\n<p>Die d\u00e4nische Politikerin verglich Apples Software-Kaufhaus dabei mit einem herk\u00f6mmlichen Supermarkt ums Eck. Sollten Verbraucher die dort verlangten, zu hohen Preise nicht zahlen wollen, k\u00f6nnten diese immer auch eine alternative Kette besuchen. Beim App Store h\u00e4tte man viel zu lange zugelassen, dass gar keine Alternativen angeboten werden.<\/p>\n<p><center><\/p>\n<blockquote class=\"twitter-tweet\">\n<p lang=\"en\" dir=\"ltr\">There is a red thread in all our <a href=\"https:\/\/twitter.com\/hashtag\/antitrust?src=hash&amp;ref_src=twsrc%5Etfw\">#antitrust<\/a> cases: when markets are closed by dominant players, consumers lose out. We work so that people always have more options, whether more <a href=\"https:\/\/twitter.com\/hashtag\/musicstreaming?src=hash&amp;ref_src=twsrc%5Etfw\">#musicstreaming<\/a> services or another <a href=\"https:\/\/twitter.com\/hashtag\/AppStore?src=hash&amp;ref_src=twsrc%5Etfw\">#AppStore<\/a>. Great scan-through our cases with <a href=\"https:\/\/twitter.com\/karaswisher?ref_src=twsrc%5Etfw\">@karaswisher<\/a> <a href=\"https:\/\/t.co\/rnJ3wsntdN\">https:\/\/t.co\/rnJ3wsntdN<\/a><\/p>\n<p>&mdash; Margrethe Vestager (@vestager) <a href=\"https:\/\/twitter.com\/vestager\/status\/1403351826058067980?ref_src=twsrc%5Etfw\">June 11, 2021<\/a><\/p><\/blockquote>\n<p> <script async src=\"https:\/\/platform.twitter.com\/widgets.js\" charset=\"utf-8\"><\/script><\/center><\/p>\n<p>Auf das Verfahren zwischen Epic und Apple angesprochen, unterstrich Vestager, dass man dieses in Europa aufmerksam mitverfolgt und auch hier der Meinung sei, dass Epics Vorw\u00fcrfe gegen Apple durch das Vorhandensein eines alternativen App Stores aus der Welt ger\u00e4umt werden k\u00f6nnten.<\/p>\n<p>Darauf angesprochen, ob auch eine andere L\u00f6sung neben einem alternativen App Store gangbar w\u00e4re, betont Vestager dass man sich perspektivisch auf einen zweiten Store einstellen wird m\u00fcssen.<\/p>\n<blockquote><p>\nNow, I think a second app store, that is in the future. That will take time, because it\u2019s in a legislative proposal that we have tabled in front of the European Parliament. But I would hope that we could conclude this case in good time. And then we\u2019d see how to remedy this. Depends, of course, very much on the Apple answer to our concerns. Some of the music streaming services, the smaller ones, they\u2019re not doing too good. And no one can judge what would actually be the market performance of those who are still doing quite well. We have seen in other cases how damaging it can be if things takes a lot of time \u2014 then the market moves on. So obviously, we never compromise on the quality of our case work and on due process, but we need speed, because a digital marketplace and a digital world is a world where things are moving fast.<\/p><\/blockquote>\n<p><img loading=\"lazy\" decoding=\"async\" src=\"https:\/\/vg01.met.vgwort.de\/na\/74be2f5373ef4dedb3c9e588fc4fae3b\" width=\"1\" height=\"1\" no-lazy class=\"tracking\"><\/p>\n","protected":false},"excerpt":{"rendered":"<a href=\"https:\/\/www.ifun.de\/eu-kommissarin-vestager-app-store-alternative-ist-die-zukunft-171633\/\"><img width=\"150\" height=\"150\" src=\"https:\/\/images.ifun.de\/wp-content\/uploads\/2021\/06\/iphone-europa-150x150.jpg\" class=\"alignright tfe wp-post-image\" alt=\"Iphone Europa\" decoding=\"async\" loading=\"lazy\" \/><\/a><p>Die f\u00fcr ihr Durchsetzungsverm\u00f6gen bekannte EU-Kommissarin Margrethe Vestager ist in einem am Wochenende ver\u00f6ffentlichten Interview mit der New York Times erstmals spezifisch auf die Vorw\u00fcrfe eingegangen, mit denen sich Apple Software-Kaufhaus im Rahmen mehrerer wettbewerbsrechtlicher Untersuchungen seit einigen Monaten konfrontiert sieht. In einem halbst\u00fcndigen Gespr\u00e4ch mit der Reporterin Kara Swisher kam die f\u00fcr den innereurop\u00e4ischen [&hellip;]<\/p>\n","protected":false},"author":1,"featured_media":171635,"comment_status":"open","ping_status":"closed","sticky":false,"template":"","format":"standard","meta":{"_acf_changed":false,"footnotes":""},"categories":[3,1783],"tags":[23,4736,246,373,553],"class_list":["post-171633","post","type-post","status-publish","format-standard","has-post-thumbnail","hentry","category-apple","category-feature","tag-app-store","tag-apple","tag-europa","tag-kritik","tag-recht"],"acf":[],"aioseo_notices":[],"subheadline":["Margrethe Vestager im Times-Interview"],"featured_image":["https:\/\/images.ifun.de\/wp-content\/uploads\/2021\/06\/iphone-europa.jpg"],"rest_api_enabler":{"subheadline":"Margrethe Vestager im Times-Interview","featured_image":"https:\/\/images.ifun.de\/wp-content\/uploads\/2021\/06\/iphone-europa.jpg"},"_links":{"self":[{"href":"https:\/\/www.ifun.de\/apiv2\/wp\/v2\/posts\/171633","targetHints":{"allow":["GET"]}}],"collection":[{"href":"https:\/\/www.ifun.de\/apiv2\/wp\/v2\/posts"}],"about":[{"href":"https:\/\/www.ifun.de\/apiv2\/wp\/v2\/types\/post"}],"author":[{"embeddable":true,"href":"https:\/\/www.ifun.de\/apiv2\/wp\/v2\/users\/1"}],"replies":[{"embeddable":true,"href":"https:\/\/www.ifun.de\/apiv2\/wp\/v2\/comments?post=171633"}],"version-history":[{"count":3,"href":"https:\/\/www.ifun.de\/apiv2\/wp\/v2\/posts\/171633\/revisions"}],"predecessor-version":[{"id":171637,"href":"https:\/\/www.ifun.de\/apiv2\/wp\/v2\/posts\/171633\/revisions\/171637"}],"wp:featuredmedia":[{"embeddable":true,"href":"https:\/\/www.ifun.de\/apiv2\/wp\/v2\/media\/171635"}],"wp:attachment":[{"href":"https:\/\/www.ifun.de\/apiv2\/wp\/v2\/media?parent=171633"}],"wp:term":[{"taxonomy":"category","embeddable":true,"href":"https:\/\/www.ifun.de\/apiv2\/wp\/v2\/categories?post=171633"},{"taxonomy":"post_tag","embeddable":true,"href":"https:\/\/www.ifun.de\/apiv2\/wp\/v2\/tags?post=171633"}],"curies":[{"name":"wp","href":"https:\/\/api.w.org\/{rel}","templated":true}]}}