{"id":171400,"date":"2021-06-09T08:10:03","date_gmt":"2021-06-09T06:10:03","guid":{"rendered":"https:\/\/www.ifun.de\/?p=171400"},"modified":"2021-06-09T08:10:03","modified_gmt":"2021-06-09T06:10:03","slug":"calendr-freie-itsycal-alternative-fuer-die-mac-menueleiste","status":"publish","type":"post","link":"https:\/\/www.ifun.de\/calendr-freie-itsycal-alternative-fuer-die-mac-menueleiste-171400\/","title":{"rendered":"Calendr: Freie Itsycal-Alternative f\u00fcr die Mac-Men\u00fcleiste"},"content":{"rendered":"<p>Das kostenlos erh\u00e4ltliche Hobbyprojekt <a href=\"https:\/\/www.mowglii.com\/itsycal\/\">Itsycal<\/a> geh\u00f6rt zu den Werkzeugen, die wir auf neuen Maschinen mit als erstes installieren &#8211; entsprechend empfehlen wir die fantastisch-kompakte Kalenderanzeige seit ihrem Deb\u00fct 2015.<\/p>\n<p>Doch nat\u00fcrlich bewirbt sich Itsycal nicht allein um einen Platz in eurer Mac-Men\u00fcleiste. Um einen schnellen Blick auf bevorstehende Termine und anderen Kalendereintr\u00e4ge zu werfen, k\u00f6nnt ihr euch auch auf <a href=\"https:\/\/www.ifun.de\/day-o-menueleisten-kalender-ist-bereit-fuer-macos-catalina-152566\/\">Day-O<\/a>, <a href=\"https:\/\/apps.apple.com\/de\/app\/calendarmenu\/id510684580?mt=12\">CalendarMenu<\/a> oder <a href=\"https:\/\/www.ifun.de\/dato-mac-menueleistenuhr-mit-zeitzonen-140415\/\">Dato<\/a> verlassen. Zudem verf\u00fcgt auch der bei vielen Anwendern beliebte Abo-Kalender <a href=\"https:\/\/flexibits.com\/fantastical\/\">Fantastical<\/a> \u00fcber eine kompakte Mini-Anzeige in der Mac-Men\u00fcleiste.<\/p>\n<h2>2021 gestartet: Die Freeware Calendr<\/h2>\n<p>Mit <a href=\"https:\/\/github.com\/pakerwreah\/Calendr\">Calendr<\/a> buhlt seit Anfang des Jahres ein weiteres Open-Source-Projekt um eure Gunst, das sich nach eigenen Angaben stark von Itsycal hat inspirieren lassen, allerdings von Grund auf neu unter Zuhilfenahme von RxSwift entwickelt wurde.<\/p>\n<p><a href=\"https:\/\/images.ifun.de\/wp-content\/uploads\/2021\/06\/Calendr.jpg\"><img loading=\"lazy\" decoding=\"async\" class=\"aligncenter size-large wp-image-171401\" src=\"https:\/\/images.ifun.de\/wp-content\/uploads\/2021\/06\/Calendr-700x700.jpg\" alt=\"Calendr\" width=\"700\" height=\"700\" srcset=\"https:\/\/images.ifun.de\/wp-content\/uploads\/2021\/06\/Calendr-700x700.jpg 700w, https:\/\/images.ifun.de\/wp-content\/uploads\/2021\/06\/Calendr-500x500.jpg 500w, https:\/\/images.ifun.de\/wp-content\/uploads\/2021\/06\/Calendr-150x150.jpg 150w, https:\/\/images.ifun.de\/wp-content\/uploads\/2021\/06\/Calendr-768x768.jpg 768w, https:\/\/images.ifun.de\/wp-content\/uploads\/2021\/06\/Calendr.jpg 1044w\" sizes=\"auto, (max-width: 700px) 100vw, 700px\" \/><\/a><\/p>\n<p>Die 12 Megabyte kleine Applikation sitzt nach dem Start, wie Itsycal, in der Men\u00fcleiste und blendet in den Standardeinstellungen hier das aktuelle Datum und ein kleines Icon ein, das sich auf Wunsch auch deaktivieren l\u00e4sst.<\/p>\n<p>Das Format des Datums l\u00e4sst sich in den Einstellungen der kostenfreien Anwendung konfigurieren und auf Wunsch mit Informationen zum n\u00e4chsten anstehenden Event anreichern. Auf Mausklick klappt Calendr seine Monats\u00fcbersicht aus, die mit und ohne Kalenderwochen angezeigt werden kann und informiert hier mit farbigen Punkten \u00fcber vorhandene Termine, die nach dem Klick auf den entsprechenden Tag in einer Detail-Ansicht dargestellt werden.<\/p>\n<p><a href=\"https:\/\/images.ifun.de\/wp-content\/uploads\/2021\/06\/einstellungen-calendr.jpg\"><img loading=\"lazy\" decoding=\"async\" class=\"aligncenter size-large wp-image-171402\" src=\"https:\/\/images.ifun.de\/wp-content\/uploads\/2021\/06\/einstellungen-calendr-700x415.jpg\" alt=\"Einstellungen Calendr\" width=\"700\" height=\"415\" srcset=\"https:\/\/images.ifun.de\/wp-content\/uploads\/2021\/06\/einstellungen-calendr-700x415.jpg 700w, https:\/\/images.ifun.de\/wp-content\/uploads\/2021\/06\/einstellungen-calendr-500x296.jpg 500w, https:\/\/images.ifun.de\/wp-content\/uploads\/2021\/06\/einstellungen-calendr-768x455.jpg 768w, https:\/\/images.ifun.de\/wp-content\/uploads\/2021\/06\/einstellungen-calendr-1536x910.jpg 1536w, https:\/\/images.ifun.de\/wp-content\/uploads\/2021\/06\/einstellungen-calendr-2048x1213.jpg 2048w\" sizes=\"auto, (max-width: 700px) 100vw, 700px\" \/><\/a><\/p>\n<p>In den Einstellungen der Freeware k\u00f6nnt ihr dabei selbst w\u00e4hlen welche Kalender <a href=\"https:\/\/github.com\/pakerwreah\/Calendr\">Calendr<\/a> in seiner Anzeige ber\u00fccksichtigen soll.<\/p>\n<p>Noch kann Calendr seinem Vorbild Itsycal funktional nicht das Wasser reichen, allerdings ist die in Version 1.2 vorliegende Alternative schon so umfangreich, dass ihr diese durchaus mal ausprobieren k\u00f6nnt.<\/p>\n<p><img loading=\"lazy\" decoding=\"async\" src=\"https:\/\/vg01.met.vgwort.de\/na\/af0e0bc3536944ddbb8c2cb74ace1f28\" width=\"1\" height=\"1\" no-lazy class=\"tracking\"><\/p>\n","protected":false},"excerpt":{"rendered":"<a href=\"https:\/\/www.ifun.de\/calendr-freie-itsycal-alternative-fuer-die-mac-menueleiste-171400\/\"><img width=\"150\" height=\"150\" src=\"https:\/\/images.ifun.de\/wp-content\/uploads\/2021\/06\/calendr-feature-150x150.jpg\" class=\"alignright tfe wp-post-image\" alt=\"Calendr Feature\" decoding=\"async\" loading=\"lazy\" \/><\/a><p>Das kostenlos erh\u00e4ltliche Hobbyprojekt Itsycal geh\u00f6rt zu den Werkzeugen, die wir auf neuen Maschinen mit als erstes installieren &#8211; entsprechend empfehlen wir die fantastisch-kompakte Kalenderanzeige seit ihrem Deb\u00fct 2015. Doch nat\u00fcrlich bewirbt sich Itsycal nicht allein um einen Platz in eurer Mac-Men\u00fcleiste. Um einen schnellen Blick auf bevorstehende Termine und anderen Kalendereintr\u00e4ge zu werfen, k\u00f6nnt [&hellip;]<\/p>\n","protected":false},"author":1,"featured_media":171403,"comment_status":"open","ping_status":"closed","sticky":false,"template":"","format":"standard","meta":{"_acf_changed":false,"footnotes":""},"categories":[5],"tags":[4737,879,151,6321,52],"class_list":["post-171400","post","type-post","status-publish","format-standard","has-post-thumbnail","hentry","category-apps","tag-apps","tag-freeware","tag-kalender","tag-mac","tag-software"],"acf":[],"aioseo_notices":[],"featured_image":["https:\/\/images.ifun.de\/wp-content\/uploads\/2021\/06\/calendr-feature.jpg"],"subheadline":["Von Grund auf neu entwickelt"],"rest_api_enabler":{"featured_image":"https:\/\/images.ifun.de\/wp-content\/uploads\/2021\/06\/calendr-feature.jpg","subheadline":"Von Grund auf neu entwickelt"},"_links":{"self":[{"href":"https:\/\/www.ifun.de\/apiv2\/wp\/v2\/posts\/171400","targetHints":{"allow":["GET"]}}],"collection":[{"href":"https:\/\/www.ifun.de\/apiv2\/wp\/v2\/posts"}],"about":[{"href":"https:\/\/www.ifun.de\/apiv2\/wp\/v2\/types\/post"}],"author":[{"embeddable":true,"href":"https:\/\/www.ifun.de\/apiv2\/wp\/v2\/users\/1"}],"replies":[{"embeddable":true,"href":"https:\/\/www.ifun.de\/apiv2\/wp\/v2\/comments?post=171400"}],"version-history":[{"count":1,"href":"https:\/\/www.ifun.de\/apiv2\/wp\/v2\/posts\/171400\/revisions"}],"predecessor-version":[{"id":171404,"href":"https:\/\/www.ifun.de\/apiv2\/wp\/v2\/posts\/171400\/revisions\/171404"}],"wp:featuredmedia":[{"embeddable":true,"href":"https:\/\/www.ifun.de\/apiv2\/wp\/v2\/media\/171403"}],"wp:attachment":[{"href":"https:\/\/www.ifun.de\/apiv2\/wp\/v2\/media?parent=171400"}],"wp:term":[{"taxonomy":"category","embeddable":true,"href":"https:\/\/www.ifun.de\/apiv2\/wp\/v2\/categories?post=171400"},{"taxonomy":"post_tag","embeddable":true,"href":"https:\/\/www.ifun.de\/apiv2\/wp\/v2\/tags?post=171400"}],"curies":[{"name":"wp","href":"https:\/\/api.w.org\/{rel}","templated":true}]}}