{"id":171337,"date":"2021-06-08T06:56:29","date_gmt":"2021-06-08T04:56:29","guid":{"rendered":"https:\/\/www.ifun.de\/?p=171337"},"modified":"2021-06-08T06:56:29","modified_gmt":"2021-06-08T04:56:29","slug":"apples-systemvoraussetzungen-auf-diesen-rechnern-laeuft-macos-monterey","status":"publish","type":"post","link":"https:\/\/www.ifun.de\/apples-systemvoraussetzungen-auf-diesen-rechnern-laeuft-macos-monterey-171337\/","title":{"rendered":"Apples Systemvoraussetzungen: Auf diesen Rechnern l\u00e4uft macOS Monterey"},"content":{"rendered":"<p>Im Anschluss an die Pr\u00e4sentation von <a href=\"https:\/\/www.apple.com\/macos\/monterey-preview\/\">macOS 12 Monterey<\/a> hat Apple auch mitgeteilt, welche Hardware ben\u00f6tigt wird, um das neue Mac-Betriebssystem zu installieren. Teils werden noch Mac-Modelle aus dem Jahr 2013 unterst\u00fctzt, die vollst\u00e4ndige Liste der kompatiblen Ger\u00e4te h\u00e4ngen wir unten an. <\/p>\n<p>macOS Monterey kann in einer ersten Vorabversion bereits von Entwicklern installiert werden. Die Freigabe einer \u00f6ffentlichen Beta-Version soll Apple zufolge im Juli erfolgen. Ab Herbst wird das neue Betriebssystem dann f\u00fcr alle Nutzer als Update zur Verf\u00fcgung stehen.<\/p>\n<p><a href=\"https:\/\/images.ifun.de\/wp-content\/uploads\/2021\/06\/macos-12-monterey-funktionen.jpg\"><img loading=\"lazy\" decoding=\"async\" src=\"https:\/\/images.ifun.de\/wp-content\/uploads\/2021\/06\/macos-12-monterey-funktionen-500x279.jpg\" alt=\"Macos 12 Monterey Funktionen\" width=\"500\" height=\"279\" class=\"alignnone size-medium wp-image-171339\" srcset=\"https:\/\/images.ifun.de\/wp-content\/uploads\/2021\/06\/macos-12-monterey-funktionen-500x279.jpg 500w, https:\/\/images.ifun.de\/wp-content\/uploads\/2021\/06\/macos-12-monterey-funktionen-700x391.jpg 700w, https:\/\/images.ifun.de\/wp-content\/uploads\/2021\/06\/macos-12-monterey-funktionen-768x429.jpg 768w, https:\/\/images.ifun.de\/wp-content\/uploads\/2021\/06\/macos-12-monterey-funktionen.jpg 1400w\" sizes=\"auto, (max-width: 500px) 100vw, 500px\" \/><\/a><\/p>\n<p>macOS 12 bringt mit SharePlay ein neues Feature zum Teilen von Inhalten in FaceTime. Die Funktion \u201eMit dir geteilt\u201c zeigt in den Anwendungen Fotos, Safari, Apple Podcasts und der Apple TV App an, welche Inhalte \u00fcber Nachrichte mit einem geteilt worden sind. Safari erh\u00e4lt eine \u00fcberarbeitete Tableiste inklusive der M\u00f6glichkeit zur Anordnung von Tabs mit Tab-Gruppen. Weiter bringt Apple die von iOS bekannten Kurzbefehle auf den Mac. \u201eUniversal Control\u201c erlaubt die Nutzung von Eingabeinstrumenten Ger\u00e4te\u00fcbergreifend und \u00fcber \u201eAirPlay zum Mac\u201c lassen sich die Apple-Rechner als AirPlay-Lautsprecher verwenden.<\/p>\n<p>macOS 12 Monterey wird Apple zufolge so viele Mac-Modelle wie nie zuvor unterst\u00fctzen. Im Detail werden die folgende Rechner als kompatibel gef\u00fchrt.<\/p>\n<h2>Systemvoraussetzungen f\u00fcr macOS 12 Monterey:<\/h2>\n<ul>\n<li>iMac (Ende 2015 und neuer)<\/li>\n<li>iMac Pro (Ende 2017 und neuer)<\/li>\n<li>Mac Pro (Ende 2013 und neuer)<\/li>\n<li>Mac mini (Ende 2014 und neuer)<\/li>\n<li>MacBook Air (Anfang 2015 und neuer)<\/li>\n<li>MacBook (Anfang 2016 und neuer)<\/li>\n<li>MacBook Pro (Anfang 2015 und neuer)<\/li>\n<\/ul>\n<p>Im Zusammenhang mit den einzelnen Funktionen gibt es auf \u00e4lteren Rechnern teilweise Einschr\u00e4nkungen. Hier weist Apple darauf hin, dass f\u00fcr Spatial Audio mindestens ein Mac aus dem Jahr 2018 n\u00f6tig ist. Der Portr\u00e4tmodus steht nun auf Rechnern mit Apple-Prozessoren zur Verf\u00fcgung. Universal Control setzt einen Rechner aus mindestens 2016 sowie ein iPad Air 3, iPad 6 oder iPad mini 5 voraus. F\u00fcr AirPlay zum Mac wird mindestens ein Mac aus dem Jahr 2017 oder neuer ben\u00f6tigt. Details zu diesen Vorgaben finden sich am Ende von Apples <a href=\"https:\/\/www.apple.com\/macos\/monterey-preview\/\">Produktvorschau zu macOS 12 Monterey<\/a>.<img loading=\"lazy\" decoding=\"async\" src=\"https:\/\/vg08.met.vgwort.de\/na\/3776e676c9fb419b832949b9136a2ba0\" width=\"1\" height=\"1\" no-lazy class=\"tracking\"><\/p>\n","protected":false},"excerpt":{"rendered":"<a href=\"https:\/\/www.ifun.de\/apples-systemvoraussetzungen-auf-diesen-rechnern-laeuft-macos-monterey-171337\/\"><img width=\"150\" height=\"150\" src=\"https:\/\/images.ifun.de\/wp-content\/uploads\/2021\/06\/macos-monterey-header-150x150.jpg\" class=\"alignright tfe wp-post-image\" alt=\"Macos Monterey Header\" decoding=\"async\" loading=\"lazy\" \/><\/a><p>Im Anschluss an die Pr\u00e4sentation von macOS 12 Monterey hat Apple auch mitgeteilt, welche Hardware ben\u00f6tigt wird, um das neue Mac-Betriebssystem zu installieren. Teils werden noch Mac-Modelle aus dem Jahr 2013 unterst\u00fctzt, die vollst\u00e4ndige Liste der kompatiblen Ger\u00e4te h\u00e4ngen wir unten an. macOS Monterey kann in einer ersten Vorabversion bereits von Entwicklern installiert werden. Die [&hellip;]<\/p>\n","protected":false},"author":2,"featured_media":171341,"comment_status":"open","ping_status":"closed","sticky":false,"template":"","format":"standard","meta":{"_acf_changed":false,"footnotes":""},"categories":[1],"tags":[5332,5414,979],"class_list":["post-171337","post","type-post","status-publish","format-standard","has-post-thumbnail","hentry","category-news","tag-macos-12","tag-macos-monterey","tag-systemvoraussetzungen"],"acf":[],"aioseo_notices":[],"featured_image":["https:\/\/images.ifun.de\/wp-content\/uploads\/2021\/06\/macos-monterey-header.jpg"],"subheadline":["Ab Baujahr 2013"],"rest_api_enabler":{"featured_image":"https:\/\/images.ifun.de\/wp-content\/uploads\/2021\/06\/macos-monterey-header.jpg","subheadline":"Ab Baujahr 2013"},"_links":{"self":[{"href":"https:\/\/www.ifun.de\/apiv2\/wp\/v2\/posts\/171337","targetHints":{"allow":["GET"]}}],"collection":[{"href":"https:\/\/www.ifun.de\/apiv2\/wp\/v2\/posts"}],"about":[{"href":"https:\/\/www.ifun.de\/apiv2\/wp\/v2\/types\/post"}],"author":[{"embeddable":true,"href":"https:\/\/www.ifun.de\/apiv2\/wp\/v2\/users\/2"}],"replies":[{"embeddable":true,"href":"https:\/\/www.ifun.de\/apiv2\/wp\/v2\/comments?post=171337"}],"version-history":[{"count":3,"href":"https:\/\/www.ifun.de\/apiv2\/wp\/v2\/posts\/171337\/revisions"}],"predecessor-version":[{"id":171342,"href":"https:\/\/www.ifun.de\/apiv2\/wp\/v2\/posts\/171337\/revisions\/171342"}],"wp:featuredmedia":[{"embeddable":true,"href":"https:\/\/www.ifun.de\/apiv2\/wp\/v2\/media\/171341"}],"wp:attachment":[{"href":"https:\/\/www.ifun.de\/apiv2\/wp\/v2\/media?parent=171337"}],"wp:term":[{"taxonomy":"category","embeddable":true,"href":"https:\/\/www.ifun.de\/apiv2\/wp\/v2\/categories?post=171337"},{"taxonomy":"post_tag","embeddable":true,"href":"https:\/\/www.ifun.de\/apiv2\/wp\/v2\/tags?post=171337"}],"curies":[{"name":"wp","href":"https:\/\/api.w.org\/{rel}","templated":true}]}}