{"id":171168,"date":"2021-06-03T18:05:32","date_gmt":"2021-06-03T16:05:32","guid":{"rendered":"https:\/\/www.ifun.de\/?p=171168"},"modified":"2021-06-03T18:05:32","modified_gmt":"2021-06-03T16:05:32","slug":"akku-zulassung-macht-hoffnung-auf-neue-macbooks-zur-wwdc","status":"publish","type":"post","link":"https:\/\/www.ifun.de\/akku-zulassung-macht-hoffnung-auf-neue-macbooks-zur-wwdc-171168\/","title":{"rendered":"Akku-Zulassung macht Hoffnung auf neue MacBooks zur WWDC"},"content":{"rendered":"<p>Stellt Apple im Rahmen der Entwicklerkonferenz <a href=\"https:\/\/developer.apple.com\/wwdc21\/\" title=\"WWDC\">WWDC<\/a> n\u00e4chste Woche neue Rechner vor? Die Chancen diesbez\u00fcglich scheinen zu steigen. In der Datenbank einer chinesischen Regulierungsbeh\u00f6rde ist ein Hinweis auf ein neues MacBook-Modell aufgetaucht.<\/p>\n<p>Das Apple-Blog <a href=\"https:\/\/www.macrumors.com\/2021\/06\/03\/16-inch-macbook-pro-regulatory-filing\/\">MacRumors<\/a> macht auf eine Anmeldung des Apple-Zulieferers Sunwoda Electronic aufmerksam, bei der es sich um den Akku f\u00fcr ein nicht n\u00e4her spezifiziertes Ger\u00e4te mit der Modellnummer A2527 handelt &#8211; in diesem Nummernformat verwaltet gew\u00f6hnlich Apple seine Hardwareprodukte.<\/p>\n<p><a href=\"https:\/\/images.ifun.de\/wp-content\/uploads\/2021\/06\/china-zulassung-akku.jpg\"><img loading=\"lazy\" decoding=\"async\" src=\"https:\/\/images.ifun.de\/wp-content\/uploads\/2021\/06\/china-zulassung-akku-700x217.jpg\" alt=\"China Zulassung Akku\" width=\"700\" height=\"217\" class=\"alignnone size-large wp-image-171170\" srcset=\"https:\/\/images.ifun.de\/wp-content\/uploads\/2021\/06\/china-zulassung-akku-700x217.jpg 700w, https:\/\/images.ifun.de\/wp-content\/uploads\/2021\/06\/china-zulassung-akku-500x155.jpg 500w, https:\/\/images.ifun.de\/wp-content\/uploads\/2021\/06\/china-zulassung-akku-768x238.jpg 768w, https:\/\/images.ifun.de\/wp-content\/uploads\/2021\/06\/china-zulassung-akku.jpg 1400w\" sizes=\"auto, (max-width: 700px) 100vw, 700px\" \/><\/a><\/p>\n<p>Die Leistungswerte des Akkus liegen mit 8.693 mAh und 11,45 Volt nahezu gleichauf mit dem in der aktuell noch erh\u00e4ltlichen Intel-Version des MacBook Pro 16\u201c verbauten Akku mit 8.790 mAh und 11,36 Volt. Geht man davon aus, dass dieser Akku k\u00fcnftig einen Apple-Prozessor anstelle des Intel-Chips antreiben muss, darf man bei gleicher Kapazit\u00e4t mit merklich h\u00f6heren Laufzeiten rechnen.<\/p>\n<p>Apples diesj\u00e4hrige Entwicklerkonferenz startet am Montag, dem 7. Juni mit der traditionellen Er\u00f6ffnungsveranstaltung. Es gilt als durchaus wahrscheinlich, dass Apple im Rahmen der Veranstaltung auch neue Hardware pr\u00e4sentiert. Konkret steht in diesem Jahr auf jeden Fall noch die n\u00e4chste Stufe des \u00dcbergangs von Intel zu hauseigenen Apple-Prozessoren auf dem Plan. Apple wird in diese Zusammenhang wohl einen weiteren Prozessor der M-Klasse vorstellen, der nicht nur leistungsf\u00e4higer ist, sondern auch eine Ausstattung mit zus\u00e4tzlichen Thunderbolt-Anschl\u00fcssen und mehr Arbeitsspeicher erm\u00f6glicht.<\/p>\n<h2>Mit MagSafe und ohne Touch Bar?<\/h2>\n<p>Ganz oben auf der Liste der erwarteten Neuzug\u00e4nge im Bereich der Apple-Computer steht neben entsprechend aufger\u00fcsteten 14\u201c- und 16\u201c-Modellen des MacBook Pro auch eine Pro-Version des Mac mini, die dann den derzeit noch erh\u00e4ltlichen Mac mini auf Intel-Basis ersetzt.<\/p>\n<p>Wenn wir n\u00e4chste Woche tats\u00e4chlich neue MacPro-Modelle sehen, sind wir nat\u00fcrlich auch besonders auf den Ladeanschluss und die Tastatur der Ger\u00e4te gespannt. Ein gro\u00dfer Teil von Apples Kundschaft w\u00fcrde es zweifellos begr\u00fc\u00dfen, wenn die Notebooks wieder mit einem magnetischen Ladestecker kommen und dar\u00fcber hinaus zugunsten von echten Funktionstasten auf die Touch Bar verzichten.<img loading=\"lazy\" decoding=\"async\" src=\"https:\/\/vg08.met.vgwort.de\/na\/e62024eb180e4127b9919e329887b037\" width=\"1\" height=\"1\" no-lazy class=\"tracking\"> <\/p>\n","protected":false},"excerpt":{"rendered":"<a href=\"https:\/\/www.ifun.de\/akku-zulassung-macht-hoffnung-auf-neue-macbooks-zur-wwdc-171168\/\"><img width=\"150\" height=\"150\" src=\"https:\/\/images.ifun.de\/wp-content\/uploads\/2021\/06\/china-zulassung-akku-150x150.jpg\" class=\"alignright tfe wp-post-image\" alt=\"China Zulassung Akku\" decoding=\"async\" loading=\"lazy\" \/><\/a><p>Stellt Apple im Rahmen der Entwicklerkonferenz WWDC n\u00e4chste Woche neue Rechner vor? Die Chancen diesbez\u00fcglich scheinen zu steigen. In der Datenbank einer chinesischen Regulierungsbeh\u00f6rde ist ein Hinweis auf ein neues MacBook-Modell aufgetaucht. Das Apple-Blog MacRumors macht auf eine Anmeldung des Apple-Zulieferers Sunwoda Electronic aufmerksam, bei der es sich um den Akku f\u00fcr ein nicht n\u00e4her [&hellip;]<\/p>\n","protected":false},"author":2,"featured_media":171170,"comment_status":"open","ping_status":"closed","sticky":false,"template":"","format":"standard","meta":{"_acf_changed":false,"footnotes":""},"categories":[1],"tags":[5158,224,353],"class_list":["post-171168","post","type-post","status-publish","format-standard","has-post-thumbnail","hentry","category-news","tag-apple-prozessor","tag-macbook-pro","tag-wwdc"],"acf":[],"aioseo_notices":[],"subheadline":["N\u00e4chste Stufe beim Intel-Ausstieg?"],"featured_image":["https:\/\/images.ifun.de\/wp-content\/uploads\/2020\/07\/tim-cook-apple-prozessoren-1.jpg"],"rest_api_enabler":{"subheadline":"N\u00e4chste Stufe beim Intel-Ausstieg?","featured_image":"https:\/\/images.ifun.de\/wp-content\/uploads\/2020\/07\/tim-cook-apple-prozessoren-1.jpg"},"_links":{"self":[{"href":"https:\/\/www.ifun.de\/apiv2\/wp\/v2\/posts\/171168","targetHints":{"allow":["GET"]}}],"collection":[{"href":"https:\/\/www.ifun.de\/apiv2\/wp\/v2\/posts"}],"about":[{"href":"https:\/\/www.ifun.de\/apiv2\/wp\/v2\/types\/post"}],"author":[{"embeddable":true,"href":"https:\/\/www.ifun.de\/apiv2\/wp\/v2\/users\/2"}],"replies":[{"embeddable":true,"href":"https:\/\/www.ifun.de\/apiv2\/wp\/v2\/comments?post=171168"}],"version-history":[{"count":3,"href":"https:\/\/www.ifun.de\/apiv2\/wp\/v2\/posts\/171168\/revisions"}],"predecessor-version":[{"id":171172,"href":"https:\/\/www.ifun.de\/apiv2\/wp\/v2\/posts\/171168\/revisions\/171172"}],"wp:featuredmedia":[{"embeddable":true,"href":"https:\/\/www.ifun.de\/apiv2\/wp\/v2\/media\/171170"}],"wp:attachment":[{"href":"https:\/\/www.ifun.de\/apiv2\/wp\/v2\/media?parent=171168"}],"wp:term":[{"taxonomy":"category","embeddable":true,"href":"https:\/\/www.ifun.de\/apiv2\/wp\/v2\/categories?post=171168"},{"taxonomy":"post_tag","embeddable":true,"href":"https:\/\/www.ifun.de\/apiv2\/wp\/v2\/tags?post=171168"}],"curies":[{"name":"wp","href":"https:\/\/api.w.org\/{rel}","templated":true}]}}