{"id":171061,"date":"2021-06-02T07:59:50","date_gmt":"2021-06-02T05:59:50","guid":{"rendered":"https:\/\/www.ifun.de\/?p=171061"},"modified":"2021-06-02T13:23:35","modified_gmt":"2021-06-02T11:23:35","slug":"amazon-prime-day-diesen-monat-champions-league-ab-august","status":"publish","type":"post","link":"https:\/\/www.ifun.de\/amazon-prime-day-diesen-monat-champions-league-ab-august-171061\/","title":{"rendered":"Amazon: Prime Day diesen Monat, Champions League ab August"},"content":{"rendered":"<p>Der n\u00e4chste <a rel=\"noindex, nofollow\" href=\"https:\/\/www.amazon.de\/primeday?tag=musicweb02\">Prime Day<\/a> findet bereits in diesem Monat statt. Amazon hat eine neue Ausgabe der Verkaufsaktion f\u00fcr den 21. und 22. Juni angek\u00fcndigt.<\/p>\n<p>Wenngleich der letzte Prime Day im Oktober stattgefunden hat, ist ein Sommertermin f\u00fcr die Rabattaktion nichts Ungew\u00f6hnliches. Zuletzt fand der Prime Day vor zwei Jahren im Sommer, damals Mitte Juli und erstmals auch \u00fcber zwei Tage hinweg statt.<\/p>\n<p><a href=\"https:\/\/images.ifun.de\/wp-content\/uploads\/2021\/06\/amazon-prime.jpg\"><img loading=\"lazy\" decoding=\"async\" src=\"https:\/\/images.ifun.de\/wp-content\/uploads\/2021\/06\/amazon-prime-500x295.jpg\" alt=\"Amazon Prime\" width=\"500\" height=\"295\" class=\"alignnone size-medium wp-image-171067\" srcset=\"https:\/\/images.ifun.de\/wp-content\/uploads\/2021\/06\/amazon-prime-500x295.jpg 500w, https:\/\/images.ifun.de\/wp-content\/uploads\/2021\/06\/amazon-prime.jpg 584w\" sizes=\"auto, (max-width: 500px) 100vw, 500px\" \/><\/a><\/p>\n<p>Mit dieser Ank\u00fcndigung verbunden, darf man zur Zur\u00fcckhaltung mit Blick auf Hardware-Neuanschaffungen aus dem Portfolio der Amazon-Hausmarken raten. In den vergangenen Jahren war es \u00fcblich, dass ein gr\u00f6\u00dferer Teil insbesondere der von Amazon angebotenen Echo- oder Fire-TV-Ger\u00e4te zu deutlich reduzierten Preisen erh\u00e4ltlich war.<\/p>\n<p>Beim Prime Day handelt es sich um einen Sonderverkaufstag, der Abonnenten von <a rel=\"noindex, nofollow\" href=\"https:\/\/www.amazon.de\/amazonprime?tag=musicweb02\">Amazon Prime<\/a> vorbehalten bleibt. Zum Jahrespreis von 69 Euro bekommen Amazon-Kunden neben Versandvorteilen auch ein umfassendes Unterhaltungs- und Service-Paket inklusive Video- und Musikstreaming.<\/p>\n<h2>Champions League ab 17. August \u00fcber &#8222;Prime Video Live&#8220;<\/h2>\n<p>Amazon wird in diesem Jahr erstmals auch Spiele der UEFA Champions League \u00fcber Prime Video \u00fcbertragen. Prime-Kunden k\u00f6nnen vom 17. August jeweils das \u201eDienstags-Top-Spiel\u201c des Wettbewerbs ohne Zusatzkosten live im Videostream sehen. Wir hatten bereits im Februar \u00fcber die Bestrebungen des Unternehmens <a href=\"https:\/\/www.ifun.de\/prime-video-live-lineares-fernsehprogramm-im-anmarsch-166107\/\">berichtet<\/a>, unter dem Titel \u201ePrime Video Live\u201c ein lineares Fernsehprogramm anzubieten.<\/p>\n","protected":false},"excerpt":{"rendered":"<a href=\"https:\/\/www.ifun.de\/amazon-prime-day-diesen-monat-champions-league-ab-august-171061\/\"><img width=\"150\" height=\"150\" src=\"https:\/\/images.ifun.de\/wp-content\/uploads\/2021\/06\/prime-day-box-150x150.jpg\" class=\"alignright tfe wp-post-image\" alt=\"Prime Day Box\" decoding=\"async\" loading=\"lazy\" \/><\/a><p>Der n\u00e4chste Prime Day findet bereits in diesem Monat statt. Amazon hat eine neue Ausgabe der Verkaufsaktion f\u00fcr den 21. und 22. Juni angek\u00fcndigt. Wenngleich der letzte Prime Day im Oktober stattgefunden hat, ist ein Sommertermin f\u00fcr die Rabattaktion nichts Ungew\u00f6hnliches. Zuletzt fand der Prime Day vor zwei Jahren im Sommer, damals Mitte Juli und [&hellip;]<\/p>\n","protected":false},"author":2,"featured_media":171065,"comment_status":"open","ping_status":"closed","sticky":false,"template":"","format":"standard","meta":{"_acf_changed":false,"footnotes":""},"categories":[1],"tags":[],"class_list":["post-171061","post","type-post","status-publish","format-standard","has-post-thumbnail","hentry","category-news"],"acf":[],"aioseo_notices":[],"featured_image":["https:\/\/images.ifun.de\/wp-content\/uploads\/2020\/06\/prime-day-header.jpg"],"subheadline":["21. und 22. Juni"],"rest_api_enabler":{"featured_image":"https:\/\/images.ifun.de\/wp-content\/uploads\/2020\/06\/prime-day-header.jpg","subheadline":"21. und 22. Juni"},"_links":{"self":[{"href":"https:\/\/www.ifun.de\/apiv2\/wp\/v2\/posts\/171061","targetHints":{"allow":["GET"]}}],"collection":[{"href":"https:\/\/www.ifun.de\/apiv2\/wp\/v2\/posts"}],"about":[{"href":"https:\/\/www.ifun.de\/apiv2\/wp\/v2\/types\/post"}],"author":[{"embeddable":true,"href":"https:\/\/www.ifun.de\/apiv2\/wp\/v2\/users\/2"}],"replies":[{"embeddable":true,"href":"https:\/\/www.ifun.de\/apiv2\/wp\/v2\/comments?post=171061"}],"version-history":[{"count":6,"href":"https:\/\/www.ifun.de\/apiv2\/wp\/v2\/posts\/171061\/revisions"}],"predecessor-version":[{"id":171069,"href":"https:\/\/www.ifun.de\/apiv2\/wp\/v2\/posts\/171061\/revisions\/171069"}],"wp:featuredmedia":[{"embeddable":true,"href":"https:\/\/www.ifun.de\/apiv2\/wp\/v2\/media\/171065"}],"wp:attachment":[{"href":"https:\/\/www.ifun.de\/apiv2\/wp\/v2\/media?parent=171061"}],"wp:term":[{"taxonomy":"category","embeddable":true,"href":"https:\/\/www.ifun.de\/apiv2\/wp\/v2\/categories?post=171061"},{"taxonomy":"post_tag","embeddable":true,"href":"https:\/\/www.ifun.de\/apiv2\/wp\/v2\/tags?post=171061"}],"curies":[{"name":"wp","href":"https:\/\/api.w.org\/{rel}","templated":true}]}}