{"id":170997,"date":"2021-05-31T18:44:34","date_gmt":"2021-05-31T16:44:34","guid":{"rendered":"https:\/\/www.ifun.de\/?p=170997"},"modified":"2021-06-01T07:33:29","modified_gmt":"2021-06-01T05:33:29","slug":"neues-medienkompetenz-portal-ard-mit-100-beitraegen-zum-thema","status":"publish","type":"post","link":"https:\/\/www.ifun.de\/neues-medienkompetenz-portal-ard-mit-100-beitraegen-zum-thema-170997\/","title":{"rendered":"Neues Medienkompetenz-Portal: ARD mit 100 Beitr\u00e4gen zum Thema"},"content":{"rendered":"<p>Dass deutsche Online-Nutzer in Sachen Medienkompetenz durchaus Nachholbedarf haben, haben uns zuletzt die Studienergebnisse der <a href=\"https:\/\/www.ifun.de\/studie-zur-digitalen-medienkompetenz-die-deutschen-haben-handlungsbedarf-167955\/\">Studie \u201eQuelle: Internet\u201c<\/a> zur digitale Nachrichten- und Informationskompetenz der deutschen Bev\u00f6lkerung vor Augen gef\u00fchrt.<\/p>\n<p><a href=\"https:\/\/images.ifun.de\/wp-content\/uploads\/2021\/03\/sz-oer.jpg\"><img loading=\"lazy\" decoding=\"async\" class=\"aligncenter size-medium wp-image-167960\" src=\"https:\/\/images.ifun.de\/wp-content\/uploads\/2021\/03\/sz-oer-500x160.jpg\" alt=\"Sz Oer\" width=\"500\" height=\"160\" srcset=\"https:\/\/images.ifun.de\/wp-content\/uploads\/2021\/03\/sz-oer-500x160.jpg 500w, https:\/\/images.ifun.de\/wp-content\/uploads\/2021\/03\/sz-oer-700x224.jpg 700w, https:\/\/images.ifun.de\/wp-content\/uploads\/2021\/03\/sz-oer-768x246.jpg 768w, https:\/\/images.ifun.de\/wp-content\/uploads\/2021\/03\/sz-oer.jpg 912w\" sizes=\"auto, (max-width: 500px) 100vw, 500px\" \/><\/a><\/p>\n<h2>\u00dcber 100 Beitr\u00e4ge zum Thema<\/h2>\n<p>Die ARD bietet seit wenigen Tagen nun ein multimediales Angebot, das genau hier den Stoff f\u00fcr die notwendigen Nachhilfestunden liefern soll. Wie die Arbeitsgemeinschaft der \u00f6ffentlich-rechtlichen Rundfunkanstalten mitteilt, lassen sich ab sofort \u00fcber 100 Beitr\u00e4ge zum Thema von der neu geschalteten Portal-Seite <a href=\"https:\/\/ard.de\/medienkompetenz\">ard.de\/medienkompetenz<\/a> abrufen.<\/p>\n<p>Neben Videoinhalten, sind hier auch Spiele und Webseiten gelistet. Zudem lassen sich Brosch\u00fcren und Unterrichtsmaterial einsehen, die das Thema verst\u00e4rkt auch an die Schulen bringen sollen.<\/p>\n<p><a href=\"https:\/\/images.ifun.de\/wp-content\/uploads\/2021\/05\/1_Teaserbild_Fakefinder-Kids_Kettenbriefe-1400.jpg\"><img loading=\"lazy\" decoding=\"async\" class=\"aligncenter size-large wp-image-171000\" src=\"https:\/\/images.ifun.de\/wp-content\/uploads\/2021\/05\/1_Teaserbild_Fakefinder-Kids_Kettenbriefe-1400-700x462.jpg\" alt=\"1 Teaserbild Fakefinder Kids Kettenbriefe 1400\" width=\"700\" height=\"462\" srcset=\"https:\/\/images.ifun.de\/wp-content\/uploads\/2021\/05\/1_Teaserbild_Fakefinder-Kids_Kettenbriefe-1400-700x462.jpg 700w, https:\/\/images.ifun.de\/wp-content\/uploads\/2021\/05\/1_Teaserbild_Fakefinder-Kids_Kettenbriefe-1400-500x330.jpg 500w, https:\/\/images.ifun.de\/wp-content\/uploads\/2021\/05\/1_Teaserbild_Fakefinder-Kids_Kettenbriefe-1400-768x507.jpg 768w, https:\/\/images.ifun.de\/wp-content\/uploads\/2021\/05\/1_Teaserbild_Fakefinder-Kids_Kettenbriefe-1400.jpg 1400w\" sizes=\"auto, (max-width: 700px) 100vw, 700px\" \/><\/a><\/p>\n<h6>Bild: SWR | Julia Kaltenbacher<\/h6>\n<p>Der Medienkompetenz-Katalog ist ein Gemeinschaftsprojekt aller ARD-Landesrundfunkanstalten und soll kontinuierlich um neue Inhalte erg\u00e4nzt werden. Die Vorhandenen sollen nach Angaben der ARD aktualisiert und weiterentwickelt werden.<\/p>\n<h2>F\u00fcr Eltern, Lehrkr\u00e4fte und Kinder<\/h2>\n<p>Damit Heranwachsende, Eltern und die Belegschaft von Bildungseinrichtungen nicht all zu lange nach passenden Inhalten und Materialen suchen m\u00fcssen, ist die Medienkompetenz-\u00dcbersicht in die vier Kernbereiche &#8222;Grundschule&#8220;, &#8222;Weiterf\u00fchrende Schule&#8220; &#8222;Eltern&#8220; und &#8222;F\u00fcr alle&#8220; eingeteilt.<\/p>\n<p>Hier sind die Inhalte dann den folgenden vier Themenfeldern zugeordnet:<\/p>\n<ul>\n<li>Medienkunde &#8211; Medien verstehen<\/li>\n<li>Medienkritik &#8211; Medien hinterfragen<\/li>\n<li>Mediennutzung &#8211; richtiger Umgang mit Medien<\/li>\n<li>Mediengestaltung &#8211; Medien selber machen<\/li>\n<\/ul>\n<h2>Medienkompetenz selber testen<\/h2>\n<p>Vor dem Abstecher auf <a href=\"https:\/\/ard.de\/medienkompetenz\">ard.de\/medienkompetenz<\/a> wollen wir euch noch an den Online-Test erinnern, den ihr auf <a href=\"https:\/\/www.der-newstest.de\/\">der-newstest.de<\/a> zum Thema Nachrichtenkompetenz absolvieren k\u00f6nnt. Nach nur 24 Fragen aus f\u00fcnf Bereichen k\u00f6nnt ihr eure Kompetenz mit der bundesweit ermittelten Vergleichen, die die Studie \u201eQuelle: Internet\u201c? Ende M\u00e4rz vorgelegt hat.<\/p>\n<p><img loading=\"lazy\" decoding=\"async\" class=\"tracking\" src=\"https:\/\/vg07.met.vgwort.de\/na\/dfeaa231ccbe48bea570d1c237e8ab33\" width=\"1\" height=\"1\" \/><\/p>\n","protected":false},"excerpt":{"rendered":"<a href=\"https:\/\/www.ifun.de\/neues-medienkompetenz-portal-ard-mit-100-beitraegen-zum-thema-170997\/\"><img width=\"150\" height=\"150\" src=\"https:\/\/images.ifun.de\/wp-content\/uploads\/2021\/05\/1_Teaserbild_Fakefinder-Kids_Kettenbriefe-1400-150x150.jpg\" class=\"alignright tfe wp-post-image\" alt=\"1 Teaserbild Fakefinder Kids Kettenbriefe 1400\" decoding=\"async\" loading=\"lazy\" \/><\/a><p>Dass deutsche Online-Nutzer in Sachen Medienkompetenz durchaus Nachholbedarf haben, haben uns zuletzt die Studienergebnisse der Studie \u201eQuelle: Internet\u201c zur digitale Nachrichten- und Informationskompetenz der deutschen Bev\u00f6lkerung vor Augen gef\u00fchrt. \u00dcber 100 Beitr\u00e4ge zum Thema Die ARD bietet seit wenigen Tagen nun ein multimediales Angebot, das genau hier den Stoff f\u00fcr die notwendigen Nachhilfestunden liefern soll. [&hellip;]<\/p>\n","protected":false},"author":1,"featured_media":171000,"comment_status":"open","ping_status":"closed","sticky":false,"template":"","format":"standard","meta":{"_acf_changed":false,"footnotes":""},"categories":[1],"tags":[183,454,38,5409],"class_list":["post-170997","post","type-post","status-publish","format-standard","has-post-thumbnail","hentry","category-news","tag-ard","tag-kinder","tag-lernen","tag-medienkompetenz"],"acf":[],"aioseo_notices":[],"subheadline":["F\u00fcr Kinder, Eltern und Lehrkr\u00e4fte"],"featured_image":["https:\/\/images.ifun.de\/wp-content\/uploads\/2021\/05\/medienkompetenz-feature.jpg"],"rest_api_enabler":{"subheadline":"F\u00fcr Kinder, Eltern und Lehrkr\u00e4fte","featured_image":"https:\/\/images.ifun.de\/wp-content\/uploads\/2021\/05\/medienkompetenz-feature.jpg"},"_links":{"self":[{"href":"https:\/\/www.ifun.de\/apiv2\/wp\/v2\/posts\/170997","targetHints":{"allow":["GET"]}}],"collection":[{"href":"https:\/\/www.ifun.de\/apiv2\/wp\/v2\/posts"}],"about":[{"href":"https:\/\/www.ifun.de\/apiv2\/wp\/v2\/types\/post"}],"author":[{"embeddable":true,"href":"https:\/\/www.ifun.de\/apiv2\/wp\/v2\/users\/1"}],"replies":[{"embeddable":true,"href":"https:\/\/www.ifun.de\/apiv2\/wp\/v2\/comments?post=170997"}],"version-history":[{"count":3,"href":"https:\/\/www.ifun.de\/apiv2\/wp\/v2\/posts\/170997\/revisions"}],"predecessor-version":[{"id":171007,"href":"https:\/\/www.ifun.de\/apiv2\/wp\/v2\/posts\/170997\/revisions\/171007"}],"wp:featuredmedia":[{"embeddable":true,"href":"https:\/\/www.ifun.de\/apiv2\/wp\/v2\/media\/171000"}],"wp:attachment":[{"href":"https:\/\/www.ifun.de\/apiv2\/wp\/v2\/media?parent=170997"}],"wp:term":[{"taxonomy":"category","embeddable":true,"href":"https:\/\/www.ifun.de\/apiv2\/wp\/v2\/categories?post=170997"},{"taxonomy":"post_tag","embeddable":true,"href":"https:\/\/www.ifun.de\/apiv2\/wp\/v2\/tags?post=170997"}],"curies":[{"name":"wp","href":"https:\/\/api.w.org\/{rel}","templated":true}]}}