{"id":170693,"date":"2021-05-24T20:05:19","date_gmt":"2021-05-24T18:05:19","guid":{"rendered":"https:\/\/www.ifun.de\/?p=170693"},"modified":"2021-05-24T20:05:19","modified_gmt":"2021-05-24T18:05:19","slug":"wwdc21-apple-bestaetigt-die-keynote-am-7-juni","status":"publish","type":"post","link":"https:\/\/www.ifun.de\/wwdc21-apple-bestaetigt-die-keynote-am-7-juni-170693\/","title":{"rendered":"WWDC21: Apple best\u00e4tigt die Keynote am 7. Juni"},"content":{"rendered":"<p>Apple hat am Pfingstmontag nicht nur die neusten Versionen seiner Betriebssysteme freigegeben, sondern auch Details zu seiner in zwei Wochen beginnenden Entwicklerkonferenz <a href=\"https:\/\/developer.apple.com\/wwdc21\/\">WWDC21<\/a> <a href=\"https:\/\/www.ifun.de\/macos-11-4-und-updates-fuer-homepod-apple-tv-und-apple-watch-freigegeben-170688\/\">ver\u00f6ffentlicht<\/a>. Neben weiteren Informationen zum Ablauf und Programm der Veranstaltung wurde auch die der Termin f\u00fcr die Keynote best\u00e4tigt. Ihr d\u00fcrft euch auf das n\u00e4chste Apple-Event freuen, das am 7. Juni ab 19 Uhr deutscher Zeit stattfinden wird.<\/p>\n<p><a href=\"https:\/\/images.ifun.de\/wp-content\/uploads\/2021\/05\/apple-wwdc-keynote-2021.jpg\"><img loading=\"lazy\" decoding=\"async\" src=\"https:\/\/images.ifun.de\/wp-content\/uploads\/2021\/05\/apple-wwdc-keynote-2021-500x194.jpg\" alt=\"Apple Wwdc Keynote 2021\" width=\"500\" height=\"194\" class=\"alignnone size-medium wp-image-170696\" srcset=\"https:\/\/images.ifun.de\/wp-content\/uploads\/2021\/05\/apple-wwdc-keynote-2021-500x194.jpg 500w, https:\/\/images.ifun.de\/wp-content\/uploads\/2021\/05\/apple-wwdc-keynote-2021-700x272.jpg 700w, https:\/\/images.ifun.de\/wp-content\/uploads\/2021\/05\/apple-wwdc-keynote-2021-768x298.jpg 768w, https:\/\/images.ifun.de\/wp-content\/uploads\/2021\/05\/apple-wwdc-keynote-2021.jpg 1000w\" sizes=\"auto, (max-width: 500px) 100vw, 500px\" \/><\/a><\/p>\n<p>Gemeinsam mit der offiziellen Ank\u00fcndigung hat Apple auch bekannt gegeben, dass die Auftaktveranstaltung zur Entwicklerkonferenz wie in den vergangenen Jahren live per Videostream verfolgt werden kann. Interessenten k\u00f6nnen die \u00dcbertragung auf der Apple-Webseite, in Apples Entwickler-App, Apples TV-App und auf YouTube mitverfolgen. <\/p>\n<p>Es gilt als sicher, dass wir im Rahmen der Veranstaltung einen ersten Blick auf die kommenden Betriebssystemgenerationen macOS 12 und iOS 15 werfen k\u00f6nnen. Zudem wird allgemein erwartet, dass Apple die Veranstaltung in diesem Jahr auch f\u00fcr die Ank\u00fcndigung neuer Hardware nutzt. Insbesondere im Mac-Bereich warten wir ja auf weitere Rechner mit integrierten Apple-Prozessoren. Wie es <a href=\"https:\/\/www.ifun.de\/macbook-pro-mit-leistungsfaehigerem-apple-prozessor-soll-im-sommer-kommen-170503\/\" title=\"MacBook Pro mit leistungsf\u00e4higerem Apple-Prozessor soll im Sommer kommen\">zuletzt hie\u00df<\/a>, sollen neue, auf Apple-Chips basierende Versionen des MacBook Pro bereits im Sommer erscheinen.<\/p>\n<p>Apples Entwicklerkonferenz WWDC wird auch in diesem Jahr wieder ausschlie\u00dflich online stattfinden. Wenngleich viele Stammbesucher das traditionelle \u201eFamilientreffen\u201c vor Ort in Kalifornien weiterhin vermissen werden, ist der Wechsel zur reinen Onlineveranstaltung doch auch mit nennenswerten Vorteilen verbunden. Unabh\u00e4ngig von ihrem ohnehin stets recht hohen Preis waren die Tickets f\u00fcr die WWDC in den vergangenen Jahren mehr und mehr zur Mangelware geworden. Dank Apples Schwenk zur Online-Konferenz sind diese Schranken im vergangenen Jahr gefallen und die Konferenz steht in vollem Umfang kostenlos f\u00fcr Millionen interessierter Entwickler und Nutzer zum Abruf bereit.<\/p>\n<p>Ausf\u00fchrliche Informationen zur WWDC21 finden sich auf Apples <a href=\"https:\/\/developer.apple.com\/wwdc21\/\">Webseite zur Veranstaltung<\/a>. Die Konferenz findet in diesem Jahr vom 7. bis 10. Juni statt.<img loading=\"lazy\" decoding=\"async\" src=\"https:\/\/vg08.met.vgwort.de\/na\/67bae4d56a3d46ac956450a7d05396b3\" width=\"1\" height=\"1\" no-lazy class=\"tracking\"><\/p>\n","protected":false},"excerpt":{"rendered":"<a href=\"https:\/\/www.ifun.de\/wwdc21-apple-bestaetigt-die-keynote-am-7-juni-170693\/\"><img width=\"150\" height=\"150\" src=\"https:\/\/images.ifun.de\/wp-content\/uploads\/2021\/05\/apple-wwdc-2021-150x150.jpg\" class=\"alignright tfe wp-post-image\" alt=\"Apple Wwdc 2021\" decoding=\"async\" loading=\"lazy\" \/><\/a><p>Apple hat am Pfingstmontag nicht nur die neusten Versionen seiner Betriebssysteme freigegeben, sondern auch Details zu seiner in zwei Wochen beginnenden Entwicklerkonferenz WWDC21 ver\u00f6ffentlicht. Neben weiteren Informationen zum Ablauf und Programm der Veranstaltung wurde auch die der Termin f\u00fcr die Keynote best\u00e4tigt. Ihr d\u00fcrft euch auf das n\u00e4chste Apple-Event freuen, das am 7. Juni ab [&hellip;]<\/p>\n","protected":false},"author":2,"featured_media":170695,"comment_status":"open","ping_status":"closed","sticky":false,"template":"","format":"standard","meta":{"_acf_changed":false,"footnotes":""},"categories":[6],"tags":[4736,353],"class_list":["post-170693","post","type-post","status-publish","format-standard","has-post-thumbnail","hentry","category-entwickler","tag-apple","tag-wwdc"],"acf":[],"aioseo_notices":[],"subheadline":["Konferenzprogramm ver\u00f6ffentlicht"],"featured_image":["https:\/\/images.ifun.de\/wp-content\/uploads\/2021\/05\/apple-wwdc-2021.jpg"],"rest_api_enabler":{"subheadline":"Konferenzprogramm ver\u00f6ffentlicht","featured_image":"https:\/\/images.ifun.de\/wp-content\/uploads\/2021\/05\/apple-wwdc-2021.jpg"},"_links":{"self":[{"href":"https:\/\/www.ifun.de\/apiv2\/wp\/v2\/posts\/170693","targetHints":{"allow":["GET"]}}],"collection":[{"href":"https:\/\/www.ifun.de\/apiv2\/wp\/v2\/posts"}],"about":[{"href":"https:\/\/www.ifun.de\/apiv2\/wp\/v2\/types\/post"}],"author":[{"embeddable":true,"href":"https:\/\/www.ifun.de\/apiv2\/wp\/v2\/users\/2"}],"replies":[{"embeddable":true,"href":"https:\/\/www.ifun.de\/apiv2\/wp\/v2\/comments?post=170693"}],"version-history":[{"count":3,"href":"https:\/\/www.ifun.de\/apiv2\/wp\/v2\/posts\/170693\/revisions"}],"predecessor-version":[{"id":170698,"href":"https:\/\/www.ifun.de\/apiv2\/wp\/v2\/posts\/170693\/revisions\/170698"}],"wp:featuredmedia":[{"embeddable":true,"href":"https:\/\/www.ifun.de\/apiv2\/wp\/v2\/media\/170695"}],"wp:attachment":[{"href":"https:\/\/www.ifun.de\/apiv2\/wp\/v2\/media?parent=170693"}],"wp:term":[{"taxonomy":"category","embeddable":true,"href":"https:\/\/www.ifun.de\/apiv2\/wp\/v2\/categories?post=170693"},{"taxonomy":"post_tag","embeddable":true,"href":"https:\/\/www.ifun.de\/apiv2\/wp\/v2\/tags?post=170693"}],"curies":[{"name":"wp","href":"https:\/\/api.w.org\/{rel}","templated":true}]}}