{"id":170472,"date":"2021-05-18T14:58:51","date_gmt":"2021-05-18T12:58:51","guid":{"rendered":"https:\/\/www.ifun.de\/?p=170472"},"modified":"2021-05-18T14:58:51","modified_gmt":"2021-05-18T12:58:51","slug":"imac-ipad-pro-apple-tv-4k-verkaufsstart-am-21-mai","status":"publish","type":"post","link":"https:\/\/www.ifun.de\/imac-ipad-pro-apple-tv-4k-verkaufsstart-am-21-mai-170472\/","title":{"rendered":"iMac, iPad Pro, Apple TV 4K: Verkaufsstart am 21. Mai"},"content":{"rendered":"<p>Apple hat best\u00e4tigt, dass die neuen Modelle von <a href=\"https:\/\/apple.sjv.io\/RvVyy\" title=\"Ab 1.449 Euro\">iMac<\/a>, <a href=\"https:\/\/apple.sjv.io\/V01yE\" title=\"Ab 879 Euro\">iPad Pro<\/a> und <a href=\"https:\/\/apple.sjv.io\/MXAQ9o\" title=\"Ab 199 Euro\">Apple TV 4K<\/a> von Freitag an im Handel erh\u00e4ltlich sind. Wie das Unternehmen mitteilt, werden auch Kunden, die die neuen Produkte bereits bestellt haben, vom 21. Mai an beliefert. Zudem sind die neuen Ger\u00e4te von diesem Datum an in den Apple-Ladengesch\u00e4ften sowie bei autorisierten Vertriebspartnern erh\u00e4ltlich.<\/p>\n<p><a href=\"https:\/\/images.ifun.de\/wp-content\/uploads\/2021\/05\/apple-neue-produkte-21-mai-2021.jpg\"><img loading=\"lazy\" decoding=\"async\" src=\"https:\/\/images.ifun.de\/wp-content\/uploads\/2021\/05\/apple-neue-produkte-21-mai-2021-500x427.jpg\" alt=\"Apple Neue Produkte 21 Mai 2021\" width=\"500\" height=\"427\" class=\"alignnone size-medium wp-image-170474\" srcset=\"https:\/\/images.ifun.de\/wp-content\/uploads\/2021\/05\/apple-neue-produkte-21-mai-2021-500x427.jpg 500w, https:\/\/images.ifun.de\/wp-content\/uploads\/2021\/05\/apple-neue-produkte-21-mai-2021-700x598.jpg 700w, https:\/\/images.ifun.de\/wp-content\/uploads\/2021\/05\/apple-neue-produkte-21-mai-2021-768x656.jpg 768w, https:\/\/images.ifun.de\/wp-content\/uploads\/2021\/05\/apple-neue-produkte-21-mai-2021.jpg 1400w\" sizes=\"auto, (max-width: 500px) 100vw, 500px\" \/><\/a><\/p>\n<p>Apple hat die neuen Ger\u00e4te bereits vergangenen Monat vorgestellt und nimmt seit dem 30. April auch Vorbestellungen an. Fr\u00fche Besteller bekamen damit verbunden auch teils schon den 21. Mai als voraussichtliches Lieferdatum angezeigt. Apple selbst hatte mit Blick auf den offiziellen Verkaufsstart bislang jedoch nur vage die zweite Maih\u00e4lfte genannt.<\/p>\n<p>Im Rahmen seines \u201eSpring loaded\u201c-Events hat Apple am 20. April den ersten iMac mit integrierten Apple-Prozessor vorgestellt. Das Ger\u00e4t ist zudem in sieben verschiedenen Geh\u00e4usefarben erh\u00e4ltlich. Das neue iPad Pro arbeitet jetzt ebenfalls mit Apples M1-Prozessor und setzt zudem auf ein hochaufl\u00f6sendes \u201eLiquid Retina\u201c-XDR-Display. Die Set-Top-Box Apple TV wurde ebenfalls mit einem leistungsf\u00e4higeren Prozessor ausgestattet und kommt nach langen Jahren der Kritik endlich mit einer \u00fcberarbeiteten Fernbedienung.<\/p>\n","protected":false},"excerpt":{"rendered":"<a href=\"https:\/\/www.ifun.de\/imac-ipad-pro-apple-tv-4k-verkaufsstart-am-21-mai-170472\/\"><img width=\"150\" height=\"150\" src=\"https:\/\/images.ifun.de\/wp-content\/uploads\/2021\/05\/apple-neue-produkte-21-mai-2021-150x150.jpg\" class=\"alignright tfe wp-post-image\" alt=\"Apple Neue Produkte 21 Mai 2021\" decoding=\"async\" loading=\"lazy\" \/><\/a><p>Apple hat best\u00e4tigt, dass die neuen Modelle von iMac, iPad Pro und Apple TV 4K von Freitag an im Handel erh\u00e4ltlich sind. Wie das Unternehmen mitteilt, werden auch Kunden, die die neuen Produkte bereits bestellt haben, vom 21. Mai an beliefert. Zudem sind die neuen Ger\u00e4te von diesem Datum an in den Apple-Ladengesch\u00e4ften sowie bei [&hellip;]<\/p>\n","protected":false},"author":2,"featured_media":170474,"comment_status":"open","ping_status":"closed","sticky":false,"template":"","format":"standard","meta":{"_acf_changed":false,"footnotes":""},"categories":[1],"tags":[4736,26,393,2486],"class_list":["post-170472","post","type-post","status-publish","format-standard","has-post-thumbnail","hentry","category-news","tag-apple","tag-apple-tv","tag-imac","tag-ipad-pro"],"acf":[],"aioseo_notices":[],"subheadline":["Termin offiziell best\u00e4tigt"],"featured_image":["https:\/\/images.ifun.de\/wp-content\/uploads\/2021\/04\/imac-2021.jpg"],"rest_api_enabler":{"subheadline":"Termin offiziell best\u00e4tigt","featured_image":"https:\/\/images.ifun.de\/wp-content\/uploads\/2021\/04\/imac-2021.jpg"},"_links":{"self":[{"href":"https:\/\/www.ifun.de\/apiv2\/wp\/v2\/posts\/170472","targetHints":{"allow":["GET"]}}],"collection":[{"href":"https:\/\/www.ifun.de\/apiv2\/wp\/v2\/posts"}],"about":[{"href":"https:\/\/www.ifun.de\/apiv2\/wp\/v2\/types\/post"}],"author":[{"embeddable":true,"href":"https:\/\/www.ifun.de\/apiv2\/wp\/v2\/users\/2"}],"replies":[{"embeddable":true,"href":"https:\/\/www.ifun.de\/apiv2\/wp\/v2\/comments?post=170472"}],"version-history":[{"count":2,"href":"https:\/\/www.ifun.de\/apiv2\/wp\/v2\/posts\/170472\/revisions"}],"predecessor-version":[{"id":170475,"href":"https:\/\/www.ifun.de\/apiv2\/wp\/v2\/posts\/170472\/revisions\/170475"}],"wp:featuredmedia":[{"embeddable":true,"href":"https:\/\/www.ifun.de\/apiv2\/wp\/v2\/media\/170474"}],"wp:attachment":[{"href":"https:\/\/www.ifun.de\/apiv2\/wp\/v2\/media?parent=170472"}],"wp:term":[{"taxonomy":"category","embeddable":true,"href":"https:\/\/www.ifun.de\/apiv2\/wp\/v2\/categories?post=170472"},{"taxonomy":"post_tag","embeddable":true,"href":"https:\/\/www.ifun.de\/apiv2\/wp\/v2\/tags?post=170472"}],"curies":[{"name":"wp","href":"https:\/\/api.w.org\/{rel}","templated":true}]}}