{"id":170466,"date":"2021-05-18T12:50:15","date_gmt":"2021-05-18T10:50:15","guid":{"rendered":"https:\/\/www.ifun.de\/?p=170466"},"modified":"2021-05-18T12:50:15","modified_gmt":"2021-05-18T10:50:15","slug":"mac-zubehoer-in-space-grau-nur-noch-kurze-zeit-im-abverkauf","status":"publish","type":"post","link":"https:\/\/www.ifun.de\/mac-zubehoer-in-space-grau-nur-noch-kurze-zeit-im-abverkauf-170466\/","title":{"rendered":"Mac-Zubeh\u00f6r in Space Grau: Nur noch kurze Zeit im Abverkauf"},"content":{"rendered":"<p>Mit dem im Sommer 2017 erstmals vorgestellten und im Dezember des selben Jahres in den Markt eingef\u00fchrten iMac Pro bot Apple Peripherie-Ger\u00e4te wie Tastatur, Maus und Trackpad erstmals auch in passendem Space Grau an. <\/p>\n<p><a href=\"https:\/\/images.ifun.de\/wp-content\/uploads\/2021\/05\/maus.jpg\"><img loading=\"lazy\" decoding=\"async\" src=\"https:\/\/images.ifun.de\/wp-content\/uploads\/2021\/05\/maus-500x144.jpg\" alt=\"Maus\" width=\"500\" height=\"144\" class=\"aligncenter size-medium wp-image-170468\" srcset=\"https:\/\/images.ifun.de\/wp-content\/uploads\/2021\/05\/maus-500x144.jpg 500w, https:\/\/images.ifun.de\/wp-content\/uploads\/2021\/05\/maus-700x202.jpg 700w, https:\/\/images.ifun.de\/wp-content\/uploads\/2021\/05\/maus-768x222.jpg 768w, https:\/\/images.ifun.de\/wp-content\/uploads\/2021\/05\/maus.jpg 942w\" sizes=\"auto, (max-width: 500px) 100vw, 500px\" \/><\/a><\/p>\n<p>Damals wurden die schwarzgrauen Eingabeger\u00e4te noch exklusiv, nur zur Bestellung des iMac Pro angeboten, was binnen k\u00fcrzester Zeit f\u00fcr Mondpreise auf eBay sorgte. Im Dezember 2017 gingen Maus, Tastatur und Trackpad in Space Grau hier <a href=\"https:\/\/www.ifun.de\/imac-pro-maus-und-tastatur-fuer-2500-dollar-auf-ebay-im-angebot-116945\/\">f\u00fcr sage und schreibe 2499 Dollar<\/a> \u00fcber den virtuellen Tresen. <\/p>\n<p>Mit der Vorstellung des neuen 24-Zoll iMac und der Entscheidung, den iMac Pro perspektivisch wieder durch einen echten Mac Pro abzul\u00f6sen, ist Apple nun dazu \u00fcbergegangen die Restbest\u00e4nde <a href=\"https:\/\/www.ifun.de\/imac-pro-als-auslaufmodell-apple-startet-abverkauf-167233\/\">des iMac Pro abzuverkaufen<\/a>. Dies gilt nicht nur f\u00fcr die Rechnern, sondern auch f\u00fcr die Zubeh\u00f6r-Artikel. <\/p>\n<p><a href=\"https:\/\/images.ifun.de\/wp-content\/uploads\/2021\/05\/abverkauf-space-grau.jpg\"><img loading=\"lazy\" decoding=\"async\" src=\"https:\/\/images.ifun.de\/wp-content\/uploads\/2021\/05\/abverkauf-space-grau-700x418.jpg\" alt=\"Abverkauf Space Grau\" width=\"700\" height=\"418\" class=\"aligncenter size-large wp-image-170469\" srcset=\"https:\/\/images.ifun.de\/wp-content\/uploads\/2021\/05\/abverkauf-space-grau-700x418.jpg 700w, https:\/\/images.ifun.de\/wp-content\/uploads\/2021\/05\/abverkauf-space-grau-500x298.jpg 500w, https:\/\/images.ifun.de\/wp-content\/uploads\/2021\/05\/abverkauf-space-grau-768x458.jpg 768w, https:\/\/images.ifun.de\/wp-content\/uploads\/2021\/05\/abverkauf-space-grau-1536x917.jpg 1536w, https:\/\/images.ifun.de\/wp-content\/uploads\/2021\/05\/abverkauf-space-grau-2048x1222.jpg 2048w\" sizes=\"auto, (max-width: 700px) 100vw, 700px\" \/><\/a><\/p>\n<p>So sind die Magic Mouse 2 in Space Grau und das Magic Trackpad 2 in Space Grau bei Apple jetzt mit dem ungew\u00f6hnlichen Zusatz &#8222;Solange der Vorrat reicht&#8220; ausgezeichnet. Auch das Magic Keyboard wird in der Variante mit zus\u00e4tzlichem Ziffernblock noch in Space Grau angeboten. <\/p>\n<h2>Bei Amazon etwas g\u00fcnstiger<\/h2>\n<p>Restbest\u00e4nde der Peripherie-Ger\u00e4te in Space Grau sind auch bei Amazon zu haben. Der Online-H\u00e4ndler bietet diese zudem etwas g\u00fcnstiger an. W\u00e4hrend Apple nach wie vor die Listenpreise verlangt und etwa 109 Euro f\u00fcr die Maus und 159 Euro f\u00fcr Trackpad und Tastatur ansetzt, bietet Amazon die Maus f\u00fcr 93,53 Euro, das Trackpad f\u00fcr 126,98 Euro und die Tastatur f\u00fcr 130,85 Euro an. <\/p>\n<script>\r\n  function open_amazon(link) {\r\n    if (navigator.userAgent.indexOf(\"Firefox\") != -1) {\r\n      window.open(link, '_blank');\r\n    } else {\r\n      var tag = document.createElement('a');\r\n      tag.setAttribute('href', link);\r\n      tag.innerHTML = \"amzn\";\r\n      tag.click();\r\n    }\r\n  }\r\n<\/script>\r\n    <div id=\"article-single-amazon-preview\" onclick=\"return open_amazon('https:\/\/www.amazon.de\/dp\/B07BRLMY93?tag=musicweb02&linkCode=ogi&th=1&psc=1');\">\n  <div id=\"article-single-amazon-preview-header\">\n    <span class=\"title\">Produkthinweis<\/span>\n      <\/div>\n  <div id=\"article-single-amazon-preview-content\">\n    <div id=\"article-single-amazon-preview-img\" style=\"background: url('https:\/\/m.media-amazon.com\/images\/I\/31FIYk2x78L.jpg') center center no-repeat; background-size: cover;\"><\/div>\n    <div id=\"article-single-amazon-preview-desc\">\n      <span class=\"bezeichnung\"><a href=\"https:\/\/www.amazon.de\/dp\/B07BRLMY93?tag=musicweb02&linkCode=ogi&th=1&psc=1\" style=\"text-decoration: none; border-bottom: 0px; box-shadow: none;\">Apple Magic Mouse 2 - Space Grau<\/a><\/span>\n      <span class=\"preis--aktuell\">93,53 EUR<\/span>\n      <span class=\"preis--alt\"><\/span>\n    <\/div>\n  <\/div>\n<\/div>\n<script>\r\n  function open_amazon(link) {\r\n    if (navigator.userAgent.indexOf(\"Firefox\") != -1) {\r\n      window.open(link, '_blank');\r\n    } else {\r\n      var tag = document.createElement('a');\r\n      tag.setAttribute('href', link);\r\n      tag.innerHTML = \"amzn\";\r\n      tag.click();\r\n    }\r\n  }\r\n<\/script>\r\n    <div id=\"article-single-amazon-preview\" onclick=\"return open_amazon('https:\/\/www.amazon.de\/dp\/B07BS1RQ4N?tag=musicweb02&linkCode=ogi&th=1&psc=1');\">\n  <div id=\"article-single-amazon-preview-header\">\n    <span class=\"title\">Produkthinweis<\/span>\n      <\/div>\n  <div id=\"article-single-amazon-preview-content\">\n    <div id=\"article-single-amazon-preview-img\" style=\"background: url('https:\/\/m.media-amazon.com\/images\/I\/21srq-Y-rjL.jpg') center center no-repeat; background-size: cover;\"><\/div>\n    <div id=\"article-single-amazon-preview-desc\">\n      <span class=\"bezeichnung\"><a href=\"https:\/\/www.amazon.de\/dp\/B07BS1RQ4N?tag=musicweb02&linkCode=ogi&th=1&psc=1\" style=\"text-decoration: none; border-bottom: 0px; box-shadow: none;\">Apple Magic Trackpad 2 - Space Grau<\/a><\/span>\n      <span class=\"preis--aktuell\">126,98 EUR<\/span>\n      <span class=\"preis--alt\"><\/span>\n    <\/div>\n  <\/div>\n<\/div>\n<script>\r\n  function open_amazon(link) {\r\n    if (navigator.userAgent.indexOf(\"Firefox\") != -1) {\r\n      window.open(link, '_blank');\r\n    } else {\r\n      var tag = document.createElement('a');\r\n      tag.setAttribute('href', link);\r\n      tag.innerHTML = \"amzn\";\r\n      tag.click();\r\n    }\r\n  }\r\n<\/script>\r\n    <div id=\"article-single-amazon-preview\" onclick=\"return open_amazon('https:\/\/www.amazon.de\/dp\/B07BR1FNCV?tag=musicweb02&linkCode=ogi&th=1&psc=1');\">\n  <div id=\"article-single-amazon-preview-header\">\n    <span class=\"title\">Produkthinweis<\/span>\n      <\/div>\n  <div id=\"article-single-amazon-preview-content\">\n    <div id=\"article-single-amazon-preview-img\" style=\"background: url('https:\/\/m.media-amazon.com\/images\/I\/41x5M9zO1SL.jpg') center center no-repeat; background-size: cover;\"><\/div>\n    <div id=\"article-single-amazon-preview-desc\">\n      <span class=\"bezeichnung\"><a href=\"https:\/\/www.amazon.de\/dp\/B07BR1FNCV?tag=musicweb02&linkCode=ogi&th=1&psc=1\" style=\"text-decoration: none; border-bottom: 0px; box-shadow: none;\">Apple Magic Keyboard mit Ziffernblock \u2013 Deutsch \u2013 Space Grau<\/a><\/span>\n      <span class=\"preis--aktuell\">130,85 EUR<\/span>\n      <span class=\"preis--alt\"><\/span>\n    <\/div>\n  <\/div>\n<\/div>\n<h2>N\u00e4chste Exklusiv-Tastatur bereits im Programm<\/h2>\n<p>W\u00e4hrend die ehemals exklusiven Accessoires damit langsam vom Markt verschwinden werden hat Apple schon ein neues Eingabeger\u00e4t im Programm, das nur in Kombination mit einem Rechner verkauft wird. So wiederholt Apple die Exklusive Abgabe momentan mit der den neuen iMacs vorbehaltenen <a href=\"https:\/\/www.ifun.de\/magic-keyboard-mit-touch-id-neuer-akku-kostet-35-euro-169632\/\">Tastatur mit Touch-ID<\/a>. Auch diese l\u00e4sst sich bislang ausschlie\u00dflich zusammen mit einem der neuen 24-Zoll iMacs bestellen. <\/p>\n<p><img loading=\"lazy\" decoding=\"async\" src=\"https:\/\/vg07.met.vgwort.de\/na\/f72551aa427646119e0dcf2d1507861b\" width=\"1\" height=\"1\" no-lazy class=\"tracking\"><\/p>\n","protected":false},"excerpt":{"rendered":"<a href=\"https:\/\/www.ifun.de\/mac-zubehoer-in-space-grau-nur-noch-kurze-zeit-im-abverkauf-170466\/\"><img width=\"150\" height=\"150\" src=\"https:\/\/images.ifun.de\/wp-content\/uploads\/2021\/05\/imac-pro-zubehoer-feature-150x150.jpg\" class=\"alignright tfe wp-post-image\" alt=\"Imac Pro Zubehoer Feature\" decoding=\"async\" loading=\"lazy\" \/><\/a><p>Mit dem im Sommer 2017 erstmals vorgestellten und im Dezember des selben Jahres in den Markt eingef\u00fchrten iMac Pro bot Apple Peripherie-Ger\u00e4te wie Tastatur, Maus und Trackpad erstmals auch in passendem Space Grau an. Damals wurden die schwarzgrauen Eingabeger\u00e4te noch exklusiv, nur zur Bestellung des iMac Pro angeboten, was binnen k\u00fcrzester Zeit f\u00fcr Mondpreise auf [&hellip;]<\/p>\n","protected":false},"author":1,"featured_media":170470,"comment_status":"open","ping_status":"closed","sticky":false,"template":"","format":"standard","meta":{"_acf_changed":false,"footnotes":""},"categories":[3],"tags":[4736,380,3663,348,6325],"class_list":["post-170466","post","type-post","status-publish","format-standard","has-post-thumbnail","hentry","category-apple","tag-apple","tag-maus","tag-space-grau","tag-tastatur","tag-zubehor"],"acf":[],"aioseo_notices":[],"subheadline":["\"Solange der Vorrat reicht\"","\"Solange der Vorrat reicht\""],"featured_image":["https:\/\/images.ifun.de\/wp-content\/uploads\/2021\/05\/imac-pro-zubehoer-feature.jpg"],"rest_api_enabler":{"subheadline":["\"Solange der Vorrat reicht\"","\"Solange der Vorrat reicht\""],"featured_image":"https:\/\/images.ifun.de\/wp-content\/uploads\/2021\/05\/imac-pro-zubehoer-feature.jpg"},"_links":{"self":[{"href":"https:\/\/www.ifun.de\/apiv2\/wp\/v2\/posts\/170466","targetHints":{"allow":["GET"]}}],"collection":[{"href":"https:\/\/www.ifun.de\/apiv2\/wp\/v2\/posts"}],"about":[{"href":"https:\/\/www.ifun.de\/apiv2\/wp\/v2\/types\/post"}],"author":[{"embeddable":true,"href":"https:\/\/www.ifun.de\/apiv2\/wp\/v2\/users\/1"}],"replies":[{"embeddable":true,"href":"https:\/\/www.ifun.de\/apiv2\/wp\/v2\/comments?post=170466"}],"version-history":[{"count":2,"href":"https:\/\/www.ifun.de\/apiv2\/wp\/v2\/posts\/170466\/revisions"}],"predecessor-version":[{"id":170471,"href":"https:\/\/www.ifun.de\/apiv2\/wp\/v2\/posts\/170466\/revisions\/170471"}],"wp:featuredmedia":[{"embeddable":true,"href":"https:\/\/www.ifun.de\/apiv2\/wp\/v2\/media\/170470"}],"wp:attachment":[{"href":"https:\/\/www.ifun.de\/apiv2\/wp\/v2\/media?parent=170466"}],"wp:term":[{"taxonomy":"category","embeddable":true,"href":"https:\/\/www.ifun.de\/apiv2\/wp\/v2\/categories?post=170466"},{"taxonomy":"post_tag","embeddable":true,"href":"https:\/\/www.ifun.de\/apiv2\/wp\/v2\/tags?post=170466"}],"curies":[{"name":"wp","href":"https:\/\/api.w.org\/{rel}","templated":true}]}}