{"id":170241,"date":"2021-05-11T15:56:10","date_gmt":"2021-05-11T13:56:10","guid":{"rendered":"https:\/\/www.ifun.de\/?p=170241"},"modified":"2021-05-11T15:56:10","modified_gmt":"2021-05-11T13:56:10","slug":"liseys-story-apple-tv-trailert-stephen-king","status":"publish","type":"post","link":"https:\/\/www.ifun.de\/liseys-story-apple-tv-trailert-stephen-king-170241\/","title":{"rendered":"Lisey&#8217;s Story: Apple TV+ trailert Stephen King"},"content":{"rendered":"<p>Bis zum 4. Juni wollen noch 24 Tage vergehen. Sobald diese ins Land gestrichen sind, wird mit <a href=\"https:\/\/apple.co\/_LiseysStory\u200b\">Lisey&#8217;s Story<\/a> die erste Produktion von Stephen King auf Apples Video-Streaming-Dienst Apple TV+ anlaufen.<\/p>\n<p><a href=\"https:\/\/images.ifun.de\/wp-content\/uploads\/2021\/05\/Liseys_Story_Photo_010106-1400.jpg\"><img loading=\"lazy\" decoding=\"async\" class=\"aligncenter size-medium wp-image-170242\" src=\"https:\/\/images.ifun.de\/wp-content\/uploads\/2021\/05\/Liseys_Story_Photo_010106-1400-500x249.jpg\" alt=\"Liseys Story Photo 010106 1400\" width=\"500\" height=\"249\" srcset=\"https:\/\/images.ifun.de\/wp-content\/uploads\/2021\/05\/Liseys_Story_Photo_010106-1400-500x249.jpg 500w, https:\/\/images.ifun.de\/wp-content\/uploads\/2021\/05\/Liseys_Story_Photo_010106-1400-700x349.jpg 700w, https:\/\/images.ifun.de\/wp-content\/uploads\/2021\/05\/Liseys_Story_Photo_010106-1400-768x382.jpg 768w, https:\/\/images.ifun.de\/wp-content\/uploads\/2021\/05\/Liseys_Story_Photo_010106-1400.jpg 1400w\" sizes=\"auto, (max-width: 500px) 100vw, 500px\" \/><\/a><\/p>\n<p>Dass Apple und der Ausnahme-Buchautor gemeinsame Sache machen ist seit April 2019 bekannt. Damals k\u00fcndigte der Konzern an, eine achtteilige TV-Adaption aus Stephen Kings Roman Love erstellen zu wollen. W\u00e4hrend Stephen King selbst f\u00fcr die Drehb\u00fccher verantwortlich zeichnet, schl\u00fcpfte J.J. Abrams in die Rolle des ausf\u00fchrenden Produzenten.<\/p>\n<h2>Acht Teile ab 4. Juni<\/h2>\n<p>Nun ist die TV-Adaption soweit im Kasten, dass Apple sich heute zur Freigabe <a href=\"https:\/\/www.youtube.com\/watch?v=BqcI0kk-Cts\">des ersten Trailers<\/a> entschieden hat und Abonnenten des hauseignen Video-Streaming-Dienstes damit einen ersten Blick auf Lisey&#8217;s Story gew\u00e4hrt.<\/p>\n<p>Der drei Minuten lange Trailer zeigt die Schauspielerin Julianne Moore in der Rolle der titelgebenden Lisey Landon und setzt eine d\u00fcster-unw\u00e4gbare Stimmung f\u00fcr die in den Studios der Warner Bros. Television produzierte Thriller-Serie.<\/p>\n<p><div class=\"responsive-video\"><iframe loading=\"lazy\" src=\"https:\/\/www.youtube-nocookie.com\/embed\/BqcI0kk-Cts\" width=\"700\" height=\"371\" frameborder=\"0\" allowfullscreen=\"allowfullscreen\"><\/iframe><\/div><\/p>\n<h2>Ein &#8222;zutiefst pers\u00f6nlicher Thriller&#8220;<\/h2>\n<p>Apple selbst beschreibt die Adaption des Bestseller-Romans als &#8222;zutiefst pers\u00f6nlichen Thriller&#8220;, der die Witwe Landon zwei Jahre nach dem Tod ihres Mannes begleitet. Der Verstorbene, der ber\u00fchmte Schriftsteller Scott Landon, wird von Clive Owen gespielt und taucht nach einer langen Zeit der Verdr\u00e4ngung wieder in den Erinnerungen Liseys auf. Schuld daran haben eine Reihe von beunruhigenden Ereignissen, die daf\u00fcr sorgen, dass sich Lisey wieder mit ihrer Ehe auseinandersetzt.<\/p>\n<p>Regie f\u00fchrt der lateinamerikanische Regisseur Pablo Larra\u00edn, der sich in der Vergangenheit bereits mit Projekten wie <a href=\"https:\/\/www.imdb.com\/title\/tt1619029\/\">Jackie (2016)<\/a>, <a href=\"https:\/\/www.imdb.com\/title\/tt4698584\/\">Neruda (2016)<\/a> und <a href=\"https:\/\/www.imdb.com\/title\/tt2059255\/\">No (2012)<\/a> einen Namen machen konnte.<\/p>\n<p>Aktuell gehen wir davon aus, dass Apple die acht Folgen von Lisey&#8217;s Story wieder Freitags im Wochenrhythmus freigeben wird.<\/p>\n<p><img loading=\"lazy\" decoding=\"async\" src=\"https:\/\/vg05.met.vgwort.de\/na\/d4ec0fd9abd34bb09c2e138a15e9dabc\" width=\"1\" height=\"1\" no-lazy class=\"tracking\"><\/p>\n","protected":false},"excerpt":{"rendered":"<a href=\"https:\/\/www.ifun.de\/liseys-story-apple-tv-trailert-stephen-king-170241\/\"><img width=\"150\" height=\"150\" src=\"https:\/\/images.ifun.de\/wp-content\/uploads\/2021\/05\/liseys-story-feature-150x150.jpg\" class=\"alignright tfe wp-post-image\" alt=\"Liseys Story Feature\" decoding=\"async\" loading=\"lazy\" \/><\/a><p>Bis zum 4. Juni wollen noch 24 Tage vergehen. Sobald diese ins Land gestrichen sind, wird mit Lisey&#8217;s Story die erste Produktion von Stephen King auf Apples Video-Streaming-Dienst Apple TV+ anlaufen. Dass Apple und der Ausnahme-Buchautor gemeinsame Sache machen ist seit April 2019 bekannt. Damals k\u00fcndigte der Konzern an, eine achtteilige TV-Adaption aus Stephen Kings [&hellip;]<\/p>\n","protected":false},"author":1,"featured_media":170243,"comment_status":"open","ping_status":"closed","sticky":false,"template":"","format":"standard","meta":{"_acf_changed":false,"footnotes":""},"categories":[4],"tags":[4467,1885,31,335],"class_list":["post-170241","post","type-post","status-publish","format-standard","has-post-thumbnail","hentry","category-appletv","tag-apple-tv-plus","tag-trailer","tag-video","tag-youtube"],"acf":[],"aioseo_notices":[],"featured_image":["https:\/\/images.ifun.de\/wp-content\/uploads\/2021\/05\/liseys-story-feature.jpg"],"subheadline":["Acht Teile ab 4. Juni"],"rest_api_enabler":{"featured_image":"https:\/\/images.ifun.de\/wp-content\/uploads\/2021\/05\/liseys-story-feature.jpg","subheadline":"Acht Teile ab 4. Juni"},"_links":{"self":[{"href":"https:\/\/www.ifun.de\/apiv2\/wp\/v2\/posts\/170241","targetHints":{"allow":["GET"]}}],"collection":[{"href":"https:\/\/www.ifun.de\/apiv2\/wp\/v2\/posts"}],"about":[{"href":"https:\/\/www.ifun.de\/apiv2\/wp\/v2\/types\/post"}],"author":[{"embeddable":true,"href":"https:\/\/www.ifun.de\/apiv2\/wp\/v2\/users\/1"}],"replies":[{"embeddable":true,"href":"https:\/\/www.ifun.de\/apiv2\/wp\/v2\/comments?post=170241"}],"version-history":[{"count":1,"href":"https:\/\/www.ifun.de\/apiv2\/wp\/v2\/posts\/170241\/revisions"}],"predecessor-version":[{"id":170244,"href":"https:\/\/www.ifun.de\/apiv2\/wp\/v2\/posts\/170241\/revisions\/170244"}],"wp:featuredmedia":[{"embeddable":true,"href":"https:\/\/www.ifun.de\/apiv2\/wp\/v2\/media\/170243"}],"wp:attachment":[{"href":"https:\/\/www.ifun.de\/apiv2\/wp\/v2\/media?parent=170241"}],"wp:term":[{"taxonomy":"category","embeddable":true,"href":"https:\/\/www.ifun.de\/apiv2\/wp\/v2\/categories?post=170241"},{"taxonomy":"post_tag","embeddable":true,"href":"https:\/\/www.ifun.de\/apiv2\/wp\/v2\/tags?post=170241"}],"curies":[{"name":"wp","href":"https:\/\/api.w.org\/{rel}","templated":true}]}}