{"id":169958,"date":"2021-05-05T07:07:58","date_gmt":"2021-05-05T05:07:58","guid":{"rendered":"https:\/\/www.ifun.de\/?p=169958"},"modified":"2021-05-05T07:07:58","modified_gmt":"2021-05-05T05:07:58","slug":"apple-care-fuer-apple-tv-auf-drei-jahre-verlaengert","status":"publish","type":"post","link":"https:\/\/www.ifun.de\/apple-care-fuer-apple-tv-auf-drei-jahre-verlaengert-169958\/","title":{"rendered":"Apple Care f\u00fcr Apple TV auf drei Jahre verl\u00e4ngert"},"content":{"rendered":"<p>Wer einen <a href=\"https:\/\/apple.sjv.io\/LPKg5M\">AppleCare Protection Plan<\/a> f\u00fcr Apple TV laufen hat, darf sich \u00fcber ein weiteres Jahr Versicherungsschutz freuen. Apple hat den darin enthaltenen Zeitraum f\u00fcr technischen Support und erweiterten Hardwareschutz auf drei Jahre ab Kaufdatum kostenlos verl\u00e4ngert.<\/p>\n<p><a href=\"https:\/\/images.ifun.de\/wp-content\/uploads\/2021\/05\/applecare-fuer-apple-tv-verlaengert.jpg\"><img loading=\"lazy\" decoding=\"async\" src=\"https:\/\/images.ifun.de\/wp-content\/uploads\/2021\/05\/applecare-fuer-apple-tv-verlaengert-500x325.jpg\" alt=\"Applecare Fuer Apple Tv Verlaengert\" width=\"500\" height=\"325\" class=\"alignnone size-medium wp-image-169960\" srcset=\"https:\/\/images.ifun.de\/wp-content\/uploads\/2021\/05\/applecare-fuer-apple-tv-verlaengert-500x325.jpg 500w, https:\/\/images.ifun.de\/wp-content\/uploads\/2021\/05\/applecare-fuer-apple-tv-verlaengert-700x454.jpg 700w, https:\/\/images.ifun.de\/wp-content\/uploads\/2021\/05\/applecare-fuer-apple-tv-verlaengert-768x499.jpg 768w, https:\/\/images.ifun.de\/wp-content\/uploads\/2021\/05\/applecare-fuer-apple-tv-verlaengert.jpg 1200w\" sizes=\"auto, (max-width: 500px) 100vw, 500px\" \/><\/a><\/p>\n<p>Registrierte Besitzer von AppleCare f\u00fcr Apple TV sollten bereits eine entsprechende E-Mail erhalten haben. Apple nennt zwar keinen Grund f\u00fcr die \u00c4nderung, doch es ist naheliegend, dass es sich hier um eine Anpassung an die neuen Vertr\u00e4ge handelt.<\/p>\n<p>Seit der Vorstellung der neuen Apple-TV-Modelle im April bietet Apple <a href=\"https:\/\/www.ifun.de\/applecare-aenderungen-im-kleingedruckten-der-zusatzversicherung-169386\/\" title=\"AppleCare+ f\u00fcr Apple TV\">auch f\u00fcr die Set-Top-Box<\/a> den erweiterten Versicherungsschutz AppleCare+ an. Das Ger\u00e4t kann zum Pauschalpreis von 29 Euro f\u00fcr drei Jahre versichert werden. Im Preis enthalten sind dabei bis zu zwei Reparaturen pro Jahr, bei denen dann allerdings jeweils noch eine \u201eSchutzgeb\u00fchr\u201c in H\u00f6he von 15 Euro anf\u00e4llt.<\/p>\n<p><h8>Danke Tim<\/h8><\/p>\n","protected":false},"excerpt":{"rendered":"<a href=\"https:\/\/www.ifun.de\/apple-care-fuer-apple-tv-auf-drei-jahre-verlaengert-169958\/\"><img width=\"150\" height=\"150\" src=\"https:\/\/images.ifun.de\/wp-content\/uploads\/2021\/05\/apple-tv-2021-mit-neuer-siri-remote-150x150.jpg\" class=\"alignright tfe wp-post-image\" alt=\"Apple Tv 2021 Mit Neuer Siri Remote\" decoding=\"async\" loading=\"lazy\" \/><\/a><p>Wer einen AppleCare Protection Plan f\u00fcr Apple TV laufen hat, darf sich \u00fcber ein weiteres Jahr Versicherungsschutz freuen. Apple hat den darin enthaltenen Zeitraum f\u00fcr technischen Support und erweiterten Hardwareschutz auf drei Jahre ab Kaufdatum kostenlos verl\u00e4ngert. Registrierte Besitzer von AppleCare f\u00fcr Apple TV sollten bereits eine entsprechende E-Mail erhalten haben. Apple nennt zwar keinen [&hellip;]<\/p>\n","protected":false},"author":2,"featured_media":169962,"comment_status":"open","ping_status":"closed","sticky":false,"template":"","format":"standard","meta":{"_acf_changed":false,"footnotes":""},"categories":[1],"tags":[],"class_list":["post-169958","post","type-post","status-publish","format-standard","has-post-thumbnail","hentry","category-news"],"acf":[],"aioseo_notices":[],"subheadline":["Kostenlos f\u00fcr Bestandskunden"],"featured_image":["https:\/\/images.ifun.de\/wp-content\/uploads\/2021\/05\/applecare-fuer-apple-tv.jpg"],"rest_api_enabler":{"subheadline":"Kostenlos f\u00fcr Bestandskunden","featured_image":"https:\/\/images.ifun.de\/wp-content\/uploads\/2021\/05\/applecare-fuer-apple-tv.jpg"},"_links":{"self":[{"href":"https:\/\/www.ifun.de\/apiv2\/wp\/v2\/posts\/169958","targetHints":{"allow":["GET"]}}],"collection":[{"href":"https:\/\/www.ifun.de\/apiv2\/wp\/v2\/posts"}],"about":[{"href":"https:\/\/www.ifun.de\/apiv2\/wp\/v2\/types\/post"}],"author":[{"embeddable":true,"href":"https:\/\/www.ifun.de\/apiv2\/wp\/v2\/users\/2"}],"replies":[{"embeddable":true,"href":"https:\/\/www.ifun.de\/apiv2\/wp\/v2\/comments?post=169958"}],"version-history":[{"count":2,"href":"https:\/\/www.ifun.de\/apiv2\/wp\/v2\/posts\/169958\/revisions"}],"predecessor-version":[{"id":169963,"href":"https:\/\/www.ifun.de\/apiv2\/wp\/v2\/posts\/169958\/revisions\/169963"}],"wp:featuredmedia":[{"embeddable":true,"href":"https:\/\/www.ifun.de\/apiv2\/wp\/v2\/media\/169962"}],"wp:attachment":[{"href":"https:\/\/www.ifun.de\/apiv2\/wp\/v2\/media?parent=169958"}],"wp:term":[{"taxonomy":"category","embeddable":true,"href":"https:\/\/www.ifun.de\/apiv2\/wp\/v2\/categories?post=169958"},{"taxonomy":"post_tag","embeddable":true,"href":"https:\/\/www.ifun.de\/apiv2\/wp\/v2\/tags?post=169958"}],"curies":[{"name":"wp","href":"https:\/\/api.w.org\/{rel}","templated":true}]}}