{"id":169723,"date":"2021-04-29T15:35:00","date_gmt":"2021-04-29T13:35:00","guid":{"rendered":"https:\/\/www.ifun.de\/?p=169723"},"modified":"2021-04-30T06:44:21","modified_gmt":"2021-04-30T04:44:21","slug":"apple-hardware-viele-neuerscheinungen-erst-in-zweiter-maihaelfte","status":"publish","type":"post","link":"https:\/\/www.ifun.de\/apple-hardware-viele-neuerscheinungen-erst-in-zweiter-maihaelfte-169723\/","title":{"rendered":"Apple-Hardware: Viele Neuerscheinungen erst in zweiter Maih\u00e4lfte"},"content":{"rendered":"<p>Einen Tag bevor sich am morgigen Freitag die ersten Produkt-Neuvorstellungen des j\u00fcngsten Apple-Events ordern lassen, hat Apple jetzt noch mal offiziell darauf hingewiesen welche Produkte sich sofort am morgigen Freitag ordern lassen und welche erst in der zweiten Maih\u00e4lfte ihren Weg zu euch antreten werden.<\/p>\n<p><a href=\"https:\/\/images.ifun.de\/wp-content\/uploads\/2021\/04\/iphone-violett-12.jpg\"><img loading=\"lazy\" decoding=\"async\" class=\"aligncenter size-medium wp-image-169727\" src=\"https:\/\/images.ifun.de\/wp-content\/uploads\/2021\/04\/iphone-violett-12-500x281.jpg\" alt=\"Iphone Violett 12\" width=\"500\" height=\"281\" srcset=\"https:\/\/images.ifun.de\/wp-content\/uploads\/2021\/04\/iphone-violett-12-500x281.jpg 500w, https:\/\/images.ifun.de\/wp-content\/uploads\/2021\/04\/iphone-violett-12-700x394.jpg 700w, https:\/\/images.ifun.de\/wp-content\/uploads\/2021\/04\/iphone-violett-12-768x432.jpg 768w, https:\/\/images.ifun.de\/wp-content\/uploads\/2021\/04\/iphone-violett-12.jpg 1400w\" sizes=\"auto, (max-width: 500px) 100vw, 500px\" \/><\/a><\/p>\n<p><b>iPhone 12 startet morgen<\/b>: Das iPhone 12 und das iPhone 12 Mini l\u00e4sst bekanntlich schon seit Herbst 2020 bestellen &#8211; ab morgen kann die neue Farbvariante in Violett geordert oder direkt im Apple Store vor Ort abgeholt werden. Bis auf die Farben sind die technischen Daten hier identisch zum iPhone 12 und iPhone 12 mini vom Oktober bzw. November des vergangenen Jahres.<\/p>\n<p><b>AirTags starten morgen<\/b>: Auch Apples neue AirTags werden sich ab morgen offiziell ordern und nicht nur vorbestellen lassen, wie bislang. Die Sachenfinder, die seit wenigen Minuten auch offiziell ausgeliefert werden (Apple aktualisiert zur Stunde die Tracking-Informationen bei fr\u00fchen Vorbestellern), sind allerdings so stark nachgefragt, dass Apples Viererpack bereits eine Liferverz\u00f6gerung bis mindestens zum 9. Juni aufweist.<\/p>\n<p><a href=\"https:\/\/images.ifun.de\/wp-content\/uploads\/2021\/04\/bestellbestaetigung.jpg\"><img loading=\"lazy\" decoding=\"async\" class=\"aligncenter size-large wp-image-169728\" src=\"https:\/\/images.ifun.de\/wp-content\/uploads\/2021\/04\/bestellbestaetigung-700x216.jpg\" alt=\"Bestellbestaetigung\" width=\"700\" height=\"216\" srcset=\"https:\/\/images.ifun.de\/wp-content\/uploads\/2021\/04\/bestellbestaetigung-700x216.jpg 700w, https:\/\/images.ifun.de\/wp-content\/uploads\/2021\/04\/bestellbestaetigung-500x154.jpg 500w, https:\/\/images.ifun.de\/wp-content\/uploads\/2021\/04\/bestellbestaetigung.jpg 738w\" sizes=\"auto, (max-width: 700px) 100vw, 700px\" \/><\/a><\/p>\n<h2>Nicht alle Farben auch im Apple Store verf\u00fcgbar<\/h2>\n<p><b>iMac 24&#8243; ab der zweiten Maih\u00e4lfte<\/b>: Apples neuer iMac, das in sieben Farben erh\u00e4ltliche 24-Zoll-Modell mit M1-Prozessor, l\u00e4sst sich ebenfalls morgen bestellen, kommt aber erst in der zweiten Maih\u00e4lfte. Hier macht Apple darauf aufmerksam, dass nur die Konfigurationen in den Farben Gr\u00fcn, Ros\u00e9, Blau und Silber sowohl auf apple.com als auch in den Apple Stores vor Ort erh\u00e4ltlich sein werden, wer eine andere Farbe haben m\u00f6chte, muss online auf apple.com bestellen.<\/p>\n<p><a href=\"https:\/\/images.ifun.de\/wp-content\/uploads\/2021\/04\/imac-blau-1400.jpg\"><img loading=\"lazy\" decoding=\"async\" class=\"aligncenter size-large wp-image-169729\" src=\"https:\/\/images.ifun.de\/wp-content\/uploads\/2021\/04\/imac-blau-1400-700x394.jpg\" alt=\"Imac Blau 1400\" width=\"700\" height=\"394\" srcset=\"https:\/\/images.ifun.de\/wp-content\/uploads\/2021\/04\/imac-blau-1400-700x394.jpg 700w, https:\/\/images.ifun.de\/wp-content\/uploads\/2021\/04\/imac-blau-1400-500x281.jpg 500w, https:\/\/images.ifun.de\/wp-content\/uploads\/2021\/04\/imac-blau-1400-768x432.jpg 768w, https:\/\/images.ifun.de\/wp-content\/uploads\/2021\/04\/imac-blau-1400.jpg 1400w\" sizes=\"auto, (max-width: 700px) 100vw, 700px\" \/><\/a><\/p>\n<p><b>Apple TV 4K ab der zweiten Maih\u00e4lfte<\/b>: Hier gilt, was auch f\u00fcr den iMac gilt, Siri Remote und das neue Apple TV 4K lassen sich morgen ordern, ausgeliefert werden die neuen Produkte allerdings erst in ca. 3 Wochen.<\/p>\n<p><b>iPad Pro ab der zweiten Maih\u00e4lfte<\/b>: Und auch das neue iPad Pro kommt erst in der zweiten Maih\u00e4lfte.<\/p>\n<p><a href=\"https:\/\/images.ifun.de\/wp-content\/uploads\/2021\/04\/ipad-pro-apple-tv.jpg\"><img loading=\"lazy\" decoding=\"async\" class=\"aligncenter size-large wp-image-169730\" src=\"https:\/\/images.ifun.de\/wp-content\/uploads\/2021\/04\/ipad-pro-apple-tv-700x471.jpg\" alt=\"Ipad Pro Apple Tv\" width=\"700\" height=\"471\" srcset=\"https:\/\/images.ifun.de\/wp-content\/uploads\/2021\/04\/ipad-pro-apple-tv-700x471.jpg 700w, https:\/\/images.ifun.de\/wp-content\/uploads\/2021\/04\/ipad-pro-apple-tv-500x336.jpg 500w, https:\/\/images.ifun.de\/wp-content\/uploads\/2021\/04\/ipad-pro-apple-tv-768x517.jpg 768w, https:\/\/images.ifun.de\/wp-content\/uploads\/2021\/04\/ipad-pro-apple-tv-1536x1033.jpg 1536w, https:\/\/images.ifun.de\/wp-content\/uploads\/2021\/04\/ipad-pro-apple-tv.jpg 2007w\" sizes=\"auto, (max-width: 700px) 100vw, 700px\" \/><\/a><\/p>\n<p><img loading=\"lazy\" decoding=\"async\" class=\"tracking\" src=\"https:\/\/vg05.met.vgwort.de\/na\/e0aae3527ec04bd4a448e5da0215ff39\" width=\"1\" height=\"1\" \/><\/p>\n","protected":false},"excerpt":{"rendered":"<a href=\"https:\/\/www.ifun.de\/apple-hardware-viele-neuerscheinungen-erst-in-zweiter-maihaelfte-169723\/\"><img width=\"150\" height=\"150\" src=\"https:\/\/images.ifun.de\/wp-content\/uploads\/2021\/04\/ipad-pro-apple-tv-150x150.jpg\" class=\"alignright tfe wp-post-image\" alt=\"Ipad Pro Apple Tv\" decoding=\"async\" loading=\"lazy\" \/><\/a><p>Einen Tag bevor sich am morgigen Freitag die ersten Produkt-Neuvorstellungen des j\u00fcngsten Apple-Events ordern lassen, hat Apple jetzt noch mal offiziell darauf hingewiesen welche Produkte sich sofort am morgigen Freitag ordern lassen und welche erst in der zweiten Maih\u00e4lfte ihren Weg zu euch antreten werden. iPhone 12 startet morgen: Das iPhone 12 und das iPhone [&hellip;]<\/p>\n","protected":false},"author":1,"featured_media":169730,"comment_status":"open","ping_status":"closed","sticky":false,"template":"","format":"standard","meta":{"_acf_changed":false,"footnotes":""},"categories":[1,1783],"tags":[4736,26,4740],"class_list":["post-169723","post","type-post","status-publish","format-standard","has-post-thumbnail","hentry","category-news","category-feature","tag-apple","tag-apple-tv","tag-ipad"],"acf":[],"aioseo_notices":[],"subheadline":["Nicht alle Farben im Apple Store verf\u00fcgbar"],"featured_image":["https:\/\/images.ifun.de\/wp-content\/uploads\/2021\/04\/imac-24-feature.jpg"],"rest_api_enabler":{"subheadline":"Nicht alle Farben im Apple Store verf\u00fcgbar","featured_image":"https:\/\/images.ifun.de\/wp-content\/uploads\/2021\/04\/imac-24-feature.jpg"},"_links":{"self":[{"href":"https:\/\/www.ifun.de\/apiv2\/wp\/v2\/posts\/169723","targetHints":{"allow":["GET"]}}],"collection":[{"href":"https:\/\/www.ifun.de\/apiv2\/wp\/v2\/posts"}],"about":[{"href":"https:\/\/www.ifun.de\/apiv2\/wp\/v2\/types\/post"}],"author":[{"embeddable":true,"href":"https:\/\/www.ifun.de\/apiv2\/wp\/v2\/users\/1"}],"replies":[{"embeddable":true,"href":"https:\/\/www.ifun.de\/apiv2\/wp\/v2\/comments?post=169723"}],"version-history":[{"count":3,"href":"https:\/\/www.ifun.de\/apiv2\/wp\/v2\/posts\/169723\/revisions"}],"predecessor-version":[{"id":169732,"href":"https:\/\/www.ifun.de\/apiv2\/wp\/v2\/posts\/169723\/revisions\/169732"}],"wp:featuredmedia":[{"embeddable":true,"href":"https:\/\/www.ifun.de\/apiv2\/wp\/v2\/media\/169730"}],"wp:attachment":[{"href":"https:\/\/www.ifun.de\/apiv2\/wp\/v2\/media?parent=169723"}],"wp:term":[{"taxonomy":"category","embeddable":true,"href":"https:\/\/www.ifun.de\/apiv2\/wp\/v2\/categories?post=169723"},{"taxonomy":"post_tag","embeddable":true,"href":"https:\/\/www.ifun.de\/apiv2\/wp\/v2\/tags?post=169723"}],"curies":[{"name":"wp","href":"https:\/\/api.w.org\/{rel}","templated":true}]}}