{"id":169510,"date":"2021-04-26T14:56:33","date_gmt":"2021-04-26T12:56:33","guid":{"rendered":"https:\/\/www.ifun.de\/?p=169510"},"modified":"2021-04-26T14:56:59","modified_gmt":"2021-04-26T12:56:59","slug":"neues-telekommunikationsgesetz-mit-erleichterungen-fuer-verbraucher","status":"publish","type":"post","link":"https:\/\/www.ifun.de\/neues-telekommunikationsgesetz-mit-erleichterungen-fuer-verbraucher-169510\/","title":{"rendered":"Neues Telekommunikationsgesetz mit Erleichterungen f\u00fcr Verbraucher"},"content":{"rendered":"<p>Der Deutsche Bundestag hat vergangene Woche die Novelle des Telekommunikationsgesetzes <a href=\"https:\/\/www.bundestag.de\/dokumente\/textarchiv\/2021\/kw16-de-telekommunikationsmodernisierungsgesetz-834820\">verabschiedet<\/a>. Anwender sollen k\u00fcnftig verbesserten Anspruch auf Leistungserf\u00fcllung durch die Provider und teils auch das Recht auf Entsch\u00e4digung haben. Mit der Neufassung soll eine EU-Richtlinie aus dem Jahr 2018 umgesetzt werden, deren Ziel es unter anderem ist, den Rechtsrahmen f\u00fcr die Telekommunikationsdienste innerhalb der Gemeinschaft weiter zu vereinheitlichen. Nun muss das Ganze noch vom Bundesrat verabschiedet werden.<\/p>\n<p>Wichtig f\u00fcr Verbraucher ist der damit verbunden k\u00fcnftig rechtlich verbriefte Anspruch auf einen ausreichend schnellen Internetzugang. Wenngleich hier die zugrundeliegenden Werte noch definiert werden m\u00fcssen, sollten Verbraucher damit verbunden k\u00fcnftig mehr Handhabe bei Streitf\u00e4llen mit ihrem Anbieter haben. Dazu z\u00e4hlen auch Rechtsanspr\u00fcche bei Nichterf\u00fcllung der Vorgaben oder l\u00e4ngeren Internetausf\u00e4llen. So kommt etwa ein Sonderk\u00fcndigungsrecht bei zu geringer Bandbreite und Verbraucher erhalten das Recht auf Entsch\u00e4digung, wenn der Anbieter einen Internetausfall nicht innerhalb von zwei Kalendertagen beheben kann<\/p>\n<p><a href=\"https:\/\/images.ifun.de\/wp-content\/uploads\/2021\/04\/bundestag.jpg\"><img loading=\"lazy\" decoding=\"async\" src=\"https:\/\/images.ifun.de\/wp-content\/uploads\/2021\/04\/bundestag-700x390.jpg\" alt=\"Bundestag\" width=\"700\" height=\"390\" class=\"alignnone size-large wp-image-169517\" srcset=\"https:\/\/images.ifun.de\/wp-content\/uploads\/2021\/04\/bundestag-700x390.jpg 700w, https:\/\/images.ifun.de\/wp-content\/uploads\/2021\/04\/bundestag-500x278.jpg 500w, https:\/\/images.ifun.de\/wp-content\/uploads\/2021\/04\/bundestag-768x427.jpg 768w, https:\/\/images.ifun.de\/wp-content\/uploads\/2021\/04\/bundestag.jpg 1400w\" sizes=\"auto, (max-width: 700px) 100vw, 700px\" \/><\/a><\/p>\n<h2>Home-Office und Videokonferenzen Teil des Mindeststandards<\/h2>\n<p>Neben der tats\u00e4chlichen Download-Geschwindigkeit sollen bei der Bewertung k\u00fcnftig auch die Upload-Rate und Latenz eine Rolle spielen. Die Bundesregierung spricht davon, dass dadurch die wirtschaftliche und gesellschaftliche Teilhabe der B\u00fcrger sichergestellt werden soll. Insbesondere mit Blick auf die aktuelle Situation ist dies wohl so zu verstehen, dass die Ressourcen die fl\u00fcssige Arbeit im Home-Office und damit verbunden auch die problemlose Teilnahme an Videokonferenzen erm\u00f6glichen m\u00fcssen.<\/p>\n<p>Auch mit Blick auf die Vertragslaufzeiten im Festnetz und Mobilfunk soll es grundlegende Anpassungen geben. Nach Ablauf der Mindestlaufzeit sollen sich die Vertr\u00e4ge k\u00fcnftig mit lediglich einem Monat Frist k\u00fcndigen lassen. Wer in einem Mietshaus wohnt, und Kosten f\u00fcr Kabel- oder sonstige TV-Zug\u00e4nge \u00fcber die Nebenkosten berechnet bekommt, wird k\u00fcnftig flexibler agieren k\u00f6nnen. Nach einer \u00dcbergangsfrist sollen solche Vertr\u00e4ge von 2024 an nicht mehr zwingend auf die Nebenkosten umgelegt werden. Mieter haben k\u00fcnftig das Recht, aus diesen Vertr\u00e4gen auszusteigen und sich f\u00fcr eigene Bezugsquellen zu entscheiden.<\/p>\n<h2>Verbrauchersch\u00fctzer kritisieren schwache Vorgaben<\/h2>\n<p>Wenngleich sich die genannten Verbesserungen f\u00fcr Verbraucher positiv darstellen, bezeichnen Kritiker die grundlegenden Ma\u00dfnahmen als \u201epolitischen Placebo\u201c. So kritisiert der <a href=\"https:\/\/www.vzbv.de\/pressemitteilungen\/verbesserter-verbraucherschutz-im-telekommunikationsmarkt\">Verbraucherzentrale Bundesverband<\/a> die Tatsache, dass konkrete Vorgaben wie eine Mindestbandbreite fehlen und sich die Richtlinie lediglich auf dem Mindestniveau der sowieso umzusetzenden Regelungen bewege.<\/p>\n<blockquote>\n<p>Das Recht auf schnelles Internet bringt f\u00fcr Verbraucher keinen gro\u00dfen Mehrwert gegen\u00fcber der jetzigen Situation. Im Gesetz fehlt eine Mindestbandbreite, die den konkreten Anspruch definiert. Diese muss noch festgelegt werden. Die tats\u00e4chliche Umsetzung einer angemessenen fl\u00e4chendeckenden Breitband-Grundversorgung verschiebt sich so zeitlich immer weiter nach hinten.<\/p>\n<\/blockquote>\n<p>Wer erinnert sich noch an das Jahr 2014? Bundeskanzlerin Angela Merkel hatte damals vollmundig versprochen, dass alle Haushalte bis Ende 2018 mit mindestens 50 Megabit pro Sekunde versorgt w\u00fcrden. Nicht zuletzt mit dem 2018 gefassten Beschluss, die Vectoring-F\u00f6rderung zugunsten des Glasfaserausbaus einzustellen, r\u00fcckte dieses Ziel ein ganzes St\u00fcck weiter in die Ferne.<img loading=\"lazy\" decoding=\"async\" src=\"https:\/\/vg05.met.vgwort.de\/na\/c7cd53d7b9ea49359336f4cd6ebaf62d\" width=\"1\" height=\"1\" no-lazy class=\"tracking\"><\/p>\n","protected":false},"excerpt":{"rendered":"<a href=\"https:\/\/www.ifun.de\/neues-telekommunikationsgesetz-mit-erleichterungen-fuer-verbraucher-169510\/\"><img width=\"150\" height=\"150\" src=\"https:\/\/images.ifun.de\/wp-content\/uploads\/2021\/04\/bundestag-150x150.jpg\" class=\"alignright tfe wp-post-image\" alt=\"Bundestag\" decoding=\"async\" loading=\"lazy\" \/><\/a><p>Der Deutsche Bundestag hat vergangene Woche die Novelle des Telekommunikationsgesetzes verabschiedet. Anwender sollen k\u00fcnftig verbesserten Anspruch auf Leistungserf\u00fcllung durch die Provider und teils auch das Recht auf Entsch\u00e4digung haben. Mit der Neufassung soll eine EU-Richtlinie aus dem Jahr 2018 umgesetzt werden, deren Ziel es unter anderem ist, den Rechtsrahmen f\u00fcr die Telekommunikationsdienste innerhalb der Gemeinschaft [&hellip;]<\/p>\n","protected":false},"author":2,"featured_media":169517,"comment_status":"open","ping_status":"closed","sticky":false,"template":"","format":"standard","meta":{"_acf_changed":false,"footnotes":""},"categories":[1],"tags":[811,5364],"class_list":["post-169510","post","type-post","status-publish","format-standard","has-post-thumbnail","hentry","category-news","tag-bundestag","tag-telekommunikationsgesetzes"],"acf":[],"aioseo_notices":[],"subheadline":["Mindeststandards f\u00fcr Internetanschl\u00fcsse"],"featured_image":["https:\/\/images.ifun.de\/wp-content\/uploads\/2020\/10\/glasfaser-kabel.jpg"],"rest_api_enabler":{"subheadline":"Mindeststandards f\u00fcr Internetanschl\u00fcsse","featured_image":"https:\/\/images.ifun.de\/wp-content\/uploads\/2020\/10\/glasfaser-kabel.jpg"},"_links":{"self":[{"href":"https:\/\/www.ifun.de\/apiv2\/wp\/v2\/posts\/169510","targetHints":{"allow":["GET"]}}],"collection":[{"href":"https:\/\/www.ifun.de\/apiv2\/wp\/v2\/posts"}],"about":[{"href":"https:\/\/www.ifun.de\/apiv2\/wp\/v2\/types\/post"}],"author":[{"embeddable":true,"href":"https:\/\/www.ifun.de\/apiv2\/wp\/v2\/users\/2"}],"replies":[{"embeddable":true,"href":"https:\/\/www.ifun.de\/apiv2\/wp\/v2\/comments?post=169510"}],"version-history":[{"count":8,"href":"https:\/\/www.ifun.de\/apiv2\/wp\/v2\/posts\/169510\/revisions"}],"predecessor-version":[{"id":169519,"href":"https:\/\/www.ifun.de\/apiv2\/wp\/v2\/posts\/169510\/revisions\/169519"}],"wp:featuredmedia":[{"embeddable":true,"href":"https:\/\/www.ifun.de\/apiv2\/wp\/v2\/media\/169517"}],"wp:attachment":[{"href":"https:\/\/www.ifun.de\/apiv2\/wp\/v2\/media?parent=169510"}],"wp:term":[{"taxonomy":"category","embeddable":true,"href":"https:\/\/www.ifun.de\/apiv2\/wp\/v2\/categories?post=169510"},{"taxonomy":"post_tag","embeddable":true,"href":"https:\/\/www.ifun.de\/apiv2\/wp\/v2\/tags?post=169510"}],"curies":[{"name":"wp","href":"https:\/\/api.w.org\/{rel}","templated":true}]}}