{"id":169451,"date":"2021-04-23T13:50:55","date_gmt":"2021-04-23T11:50:55","guid":{"rendered":"https:\/\/www.ifun.de\/?p=169451"},"modified":"2021-04-23T13:54:32","modified_gmt":"2021-04-23T11:54:32","slug":"neues-ipad-pro-129-nicht-mit-altem-magic-keyboard-kompatibel","status":"publish","type":"post","link":"https:\/\/www.ifun.de\/neues-ipad-pro-129-nicht-mit-altem-magic-keyboard-kompatibel-169451\/","title":{"rendered":"Neues iPad Pro 12,9&#8243; nicht mit altem Magic Keyboard kompatibel"},"content":{"rendered":"<p>Durch den <a href=\"https:\/\/www.ifun.de\/apple-magic-keyboard-ausverkauf-als-hinweis-auf-neues-ipad-pro-167617\/\">Ausverkauf der alten Version<\/a> hat sich dergleichen schon angedeutet. Jetzt scheint gesichert, dass das diese Woche neu vorgestellte iPad Pro 12,9\u201c nicht mit der \u00e4lteren Version von Apples <a href=\"https:\/\/apple.sjv.io\/GjjRbL\" title=\"Magic Keyboard f\u00fcr das iPad 12,9\u201c\">Magic Keyboard<\/a> kompatibel ist.<\/p>\n<p><a href=\"https:\/\/images.ifun.de\/wp-content\/uploads\/2021\/03\/apple-magic-keyboard.jpg\"><img loading=\"lazy\" decoding=\"async\" src=\"https:\/\/images.ifun.de\/wp-content\/uploads\/2021\/03\/apple-magic-keyboard-500x367.jpg\" alt=\"Apple Magic Keyboard\" width=\"500\" height=\"367\" class=\"alignnone size-medium wp-image-167622\" srcset=\"https:\/\/images.ifun.de\/wp-content\/uploads\/2021\/03\/apple-magic-keyboard-500x367.jpg 500w, https:\/\/images.ifun.de\/wp-content\/uploads\/2021\/03\/apple-magic-keyboard-700x514.jpg 700w, https:\/\/images.ifun.de\/wp-content\/uploads\/2021\/03\/apple-magic-keyboard-768x564.jpg 768w, https:\/\/images.ifun.de\/wp-content\/uploads\/2021\/03\/apple-magic-keyboard.jpg 800w\" sizes=\"auto, (max-width: 500px) 100vw, 500px\" \/><\/a><\/p>\n<p>Das franz\u00f6sische Mac-Blog <a href=\"https:\/\/www.igen.fr\/accessoires\/2021\/04\/lipad-pro-129-de-2021-besoin-dun-nouveau-magic-keyboard-selon-apple-122043\">iGeneration<\/a> zieht diese Information aus internen Apple-Store-Unterlagen. Das Problem sei wie bereits im Vorfeld vermutet, dass sich das neue iPad Pro mit 12,9 Zoll Bildschirmgr\u00f6\u00dfe aufgrund seiner leicht erh\u00f6hten Geh\u00e4usedicke nicht mehr mit der alten Kombination aus iPad-St\u00e4nder und Tastatur verwenden l\u00e4sst. Das gro\u00dfe iPad Pro setzt jetzt auf verbesserte Bildschirmtechnik und kommt mit Apples Liquid Retina XDR Display integriert. Das kleinere iPad Pro mit 11 Zoll Bildschirmgr\u00f6\u00dfe sollte sich dagegen weiterhin auch mit dem alten Magic Keyboard kompatibel sein.<\/p>\n<p>Apple hat damit verbunden auch eine <a href=\"https:\/\/www.apple.com\/de\/ipad-keyboards\/\">neue Version des Magic Keyboard<\/a> vorgestellt, die k\u00fcnftig in Wei\u00df und Schwarz angeboten wird und auch mit \u00e4lteren Ger\u00e4te-Generationen kompatibel sein wird. Laut Apple l\u00e4sst sich das neue Magic Keyboard mit dem 12,9&quot; iPad Pro (3., 4. und 5. Generation), dem 11&quot; iPad Pro (1., 2. und 3. Generation) und der 4. Generation des iPad Air verwenden. Bestellungen sind vom 30. April an m\u00f6glich, ausgeliefert werden soll die neue Hardware dann in der zweiten Maih\u00e4lfte.<\/p>\n","protected":false},"excerpt":{"rendered":"<a href=\"https:\/\/www.ifun.de\/neues-ipad-pro-129-nicht-mit-altem-magic-keyboard-kompatibel-169451\/\"><img decoding=\"async\" width=\"150\" src=\"https:\/\/images.ifun.de\/wp-content\/uploads\/2021\/03\/apple-magic-keyboard-500x367.jpg\" class=\"alignright wp-post-image tfe\" alt=\"Apple Magic Keyboard\" title=\"\" \/><\/a><p>Durch den Ausverkauf der alten Version hat sich dergleichen schon angedeutet. Jetzt scheint gesichert, dass das diese Woche neu vorgestellte iPad Pro 12,9\u201c nicht mit der \u00e4lteren Version von Apples Magic Keyboard kompatibel ist. Das franz\u00f6sische Mac-Blog iGeneration zieht diese Information aus internen Apple-Store-Unterlagen. Das Problem sei wie bereits im Vorfeld vermutet, dass sich das [&hellip;]<\/p>\n","protected":false},"author":2,"featured_media":0,"comment_status":"open","ping_status":"closed","sticky":false,"template":"","format":"standard","meta":{"_acf_changed":false,"footnotes":""},"categories":[10],"tags":[2486,3583],"class_list":["post-169451","post","type-post","status-publish","format-standard","hentry","category-ipad","tag-ipad-pro","tag-magic-keyboard"],"acf":[],"aioseo_notices":[],"subheadline":["Laut internen Apple-Unterlagen"],"featured_image":["https:\/\/images.ifun.de\/wp-content\/uploads\/2020\/04\/ipad-pro-trackpad-bedienung.jpg"],"rest_api_enabler":{"subheadline":"Laut internen Apple-Unterlagen","featured_image":"https:\/\/images.ifun.de\/wp-content\/uploads\/2020\/04\/ipad-pro-trackpad-bedienung.jpg"},"_links":{"self":[{"href":"https:\/\/www.ifun.de\/apiv2\/wp\/v2\/posts\/169451","targetHints":{"allow":["GET"]}}],"collection":[{"href":"https:\/\/www.ifun.de\/apiv2\/wp\/v2\/posts"}],"about":[{"href":"https:\/\/www.ifun.de\/apiv2\/wp\/v2\/types\/post"}],"author":[{"embeddable":true,"href":"https:\/\/www.ifun.de\/apiv2\/wp\/v2\/users\/2"}],"replies":[{"embeddable":true,"href":"https:\/\/www.ifun.de\/apiv2\/wp\/v2\/comments?post=169451"}],"version-history":[{"count":3,"href":"https:\/\/www.ifun.de\/apiv2\/wp\/v2\/posts\/169451\/revisions"}],"predecessor-version":[{"id":169454,"href":"https:\/\/www.ifun.de\/apiv2\/wp\/v2\/posts\/169451\/revisions\/169454"}],"wp:attachment":[{"href":"https:\/\/www.ifun.de\/apiv2\/wp\/v2\/media?parent=169451"}],"wp:term":[{"taxonomy":"category","embeddable":true,"href":"https:\/\/www.ifun.de\/apiv2\/wp\/v2\/categories?post=169451"},{"taxonomy":"post_tag","embeddable":true,"href":"https:\/\/www.ifun.de\/apiv2\/wp\/v2\/tags?post=169451"}],"curies":[{"name":"wp","href":"https:\/\/api.w.org\/{rel}","templated":true}]}}