{"id":169435,"date":"2021-04-23T08:12:01","date_gmt":"2021-04-23T06:12:01","guid":{"rendered":"https:\/\/www.ifun.de\/?p=169435"},"modified":"2021-04-23T08:12:01","modified_gmt":"2021-04-23T06:12:01","slug":"apple-store-offline-vorbereitungen-fuer-den-airtags-start","status":"publish","type":"post","link":"https:\/\/www.ifun.de\/apple-store-offline-vorbereitungen-fuer-den-airtags-start-169435\/","title":{"rendered":"Apple Store offline: Vorbereitungen f\u00fcr den AirTags-Start"},"content":{"rendered":"<p>Bereits sechs Stunden vor dem Start der Vorbestellungen f\u00fcr die neuen <a href=\"https:\/\/apple.sjv.io\/kj0rjn\">AirTags<\/a> und das <a href=\"https:\/\/apple.sjv.io\/PqYAX\">iPhone 12 in Violett<\/a> hat Apple seinen Onlineshop vom Netz genommen. Der Hersteller hat angek\u00fcndigt, dass sich die neuen Produkte heute von 14 Uhr an bestellen lassen und ab Freitag, 30. April ausgeliefert werden.<\/p>\n<p><a href=\"https:\/\/images.iphone-ticker.de\/wp-content\/uploads\/2021\/04\/apple-store-geschlossen-vorbstellung-ab-14-uhr.jpg\"><img loading=\"lazy\" decoding=\"async\" src=\"https:\/\/images.iphone-ticker.de\/wp-content\/uploads\/2021\/04\/apple-store-geschlossen-vorbstellung-ab-14-uhr-500x328.jpg\" alt=\"Apple Store Geschlossen Vorbstellung Ab 14 Uhr\" width=\"500\" height=\"328\" class=\"alignnone size-medium wp-image-173491\" \/><\/a><\/p>\n<p>Die Auszeit des Apple Store in Vorbereitung neuer Produkte und Bestellm\u00f6glichkeiten ist nicht ungew\u00f6hnlich und seit Jahren \u00fcblich. Gef\u00fchlt werden die Pausen, die sich Apples Online-Team f\u00fcr die \u00dcberarbeitung der Webseite nimmt, allerdings immer l\u00e4nger. Spannend bleibt auch, ob der Apple Store tats\u00e4chlich um 14 Uhr wieder bereitsteht, oder wie in j\u00fcngster Vergangenheit immer wieder mal der Fall erst mit zeitlicher Verz\u00f6gerung wieder erreichbar ist.<\/p>\n<p>Mit der M\u00f6glichkeit, die AirTags und der neuen iPhone-Variante zu bestellen, startet der Verkauf der in dieser Woche neu vorgestellten Apple-Produkte. Von n\u00e4chstem Freitag an l\u00e4sst sich dann das neue iPad Pro, der neue iMac und das neue Apple TV bestellen.<\/p>\n","protected":false},"excerpt":{"rendered":"<a href=\"https:\/\/www.ifun.de\/apple-store-offline-vorbereitungen-fuer-den-airtags-start-169435\/\"><img decoding=\"async\" width=\"150\" src=\"https:\/\/images.iphone-ticker.de\/wp-content\/uploads\/2021\/04\/apple-store-geschlossen-vorbstellung-ab-14-uhr-500x328.jpg\" class=\"alignright wp-post-image tfe\" alt=\"Apple Store Geschlossen Vorbstellung Ab 14 Uhr\" title=\"\" \/><\/a><p>Bereits sechs Stunden vor dem Start der Vorbestellungen f\u00fcr die neuen AirTags und das iPhone 12 in Violett hat Apple seinen Onlineshop vom Netz genommen. Der Hersteller hat angek\u00fcndigt, dass sich die neuen Produkte heute von 14 Uhr an bestellen lassen und ab Freitag, 30. April ausgeliefert werden. Die Auszeit des Apple Store in Vorbereitung [&hellip;]<\/p>\n","protected":false},"author":2,"featured_media":0,"comment_status":"open","ping_status":"closed","sticky":false,"template":"","format":"standard","meta":{"_acf_changed":false,"footnotes":""},"categories":[3],"tags":[5275,49],"class_list":["post-169435","post","type-post","status-publish","format-standard","hentry","category-apple","tag-airtags","tag-apple-store"],"acf":[],"aioseo_notices":[],"subheadline":["Vorbestellung ab 14 Uhr"],"featured_image":["https:\/\/images.ifun.de\/wp-content\/uploads\/2020\/11\/apple-store-logo.jpg"],"rest_api_enabler":{"subheadline":"Vorbestellung ab 14 Uhr","featured_image":"https:\/\/images.ifun.de\/wp-content\/uploads\/2020\/11\/apple-store-logo.jpg"},"_links":{"self":[{"href":"https:\/\/www.ifun.de\/apiv2\/wp\/v2\/posts\/169435","targetHints":{"allow":["GET"]}}],"collection":[{"href":"https:\/\/www.ifun.de\/apiv2\/wp\/v2\/posts"}],"about":[{"href":"https:\/\/www.ifun.de\/apiv2\/wp\/v2\/types\/post"}],"author":[{"embeddable":true,"href":"https:\/\/www.ifun.de\/apiv2\/wp\/v2\/users\/2"}],"replies":[{"embeddable":true,"href":"https:\/\/www.ifun.de\/apiv2\/wp\/v2\/comments?post=169435"}],"version-history":[{"count":1,"href":"https:\/\/www.ifun.de\/apiv2\/wp\/v2\/posts\/169435\/revisions"}],"predecessor-version":[{"id":169436,"href":"https:\/\/www.ifun.de\/apiv2\/wp\/v2\/posts\/169435\/revisions\/169436"}],"wp:attachment":[{"href":"https:\/\/www.ifun.de\/apiv2\/wp\/v2\/media?parent=169435"}],"wp:term":[{"taxonomy":"category","embeddable":true,"href":"https:\/\/www.ifun.de\/apiv2\/wp\/v2\/categories?post=169435"},{"taxonomy":"post_tag","embeddable":true,"href":"https:\/\/www.ifun.de\/apiv2\/wp\/v2\/tags?post=169435"}],"curies":[{"name":"wp","href":"https:\/\/api.w.org\/{rel}","templated":true}]}}