{"id":169423,"date":"2021-04-22T21:05:15","date_gmt":"2021-04-22T19:05:15","guid":{"rendered":"https:\/\/www.ifun.de\/?p=169423"},"modified":"2021-04-22T21:05:15","modified_gmt":"2021-04-22T19:05:15","slug":"ipados-15-soll-app-widgets-aufs-ipad-bringen","status":"publish","type":"post","link":"https:\/\/www.ifun.de\/ipados-15-soll-app-widgets-aufs-ipad-bringen-169423\/","title":{"rendered":"iPadOS 15 soll App-Widgets aufs iPad bringen"},"content":{"rendered":"<p>Mark Gurman <a href=\"https:\/\/www.bloomberg.com\/news\/articles\/2021-04-22\/apple-plans-notifications-ipad-home-screen-upgrades-for-ios-15\">gew\u00e4hrt<\/a> uns einen ersten Blick auf das kommende iPad-Betriebssystem. Es ist davon auszugehen, dass sich zumindest ein Teil der von dem Bloomberg-Autor f\u00fcr iOS 15 und besonders auch iPadOS 15 getroffenen Aussagen auch in der f\u00fcr Juni erwarteten ersten offiziellen Pr\u00e4sentation der Betriebssysteme durch Apple wiederfindet. Gurman beruft sich auf mit der Angelegenheit vertraute Quellen und konnte seine guten Beziehungen in diesem Bereich schon in der Vergangenheit unter Beweis stellen.<\/p>\n<p>iOS 15 und iPadOS 15 werden demnach bei Apple unter dem Codename \u201eSky\u201c entwickelt und sollen nennenswerte Verbesserungen bei der Handhabung von Mitteilungen, einen neu gestalteten iPad-Startbildschirm und einen \u00fcberarbeiteten Sperrbildschirm bringen.<\/p>\n<p>Mit Blick auf die Benachrichtigungen ist die Rede davon, dass Nutzer abh\u00e4ngig vom jeweiligen Anwendungsszenario jeweils unterschiedliche Vorgaben f\u00fcr deren Zustellung machen k\u00f6nne. So k\u00f6nne es beispielsweise davon abh\u00e4ngen, ob man gerade f\u00e4hrt, arbeitet oder schl\u00e4ft, ob sich die Mitteilungszentrale akustisch meldet oder stumm bleibt. Auch das Erstellen eigener Statuskategorien sei hier m\u00f6glich.<\/p>\n<p>In Abh\u00e4ngigkeit von der jeweiligen Statuseinstellung sollen die iOS-Ger\u00e4te eingehende Nachrichten dann auch automatisch beantworten k\u00f6nnen. Apple werde auf diese Weise die bislang nur im Modus \u201eBeim Fahren nicht st\u00f6ren\u201c verf\u00fcgbare automatische Antwortfunktion erweitern.<\/p>\n<p><a href=\"https:\/\/images.ifun.de\/wp-content\/uploads\/2015\/01\/ipad-vorstellung-header.jpg\"><img loading=\"lazy\" decoding=\"async\" src=\"https:\/\/images.ifun.de\/wp-content\/uploads\/2015\/01\/ipad-vorstellung-header.jpg\" alt=\"\" width=\"640\" height=\"252\" class=\"alignnone size-full wp-image-72215\" srcset=\"https:\/\/images.ifun.de\/wp-content\/uploads\/2015\/01\/ipad-vorstellung-header.jpg 640w, https:\/\/images.ifun.de\/wp-content\/uploads\/2015\/01\/ipad-vorstellung-header-300x118.jpg 300w\" sizes=\"auto, (max-width: 640px) 100vw, 640px\" \/><\/a><\/p>\n<h6>Pr\u00e4sentation des ersten iPad durch Steve Jobs<\/h2>\n<p>Mit Blick auf das iPad verspricht Gurman das bedeutsamste Update f\u00fcr den Home-Bildschirm der Ger\u00e4te seit der Einf\u00fchrung des Apple-Tablets im Jahr 2010. Wie bereits beim iPhone m\u00f6glich, sollen Nutzer App-Widgets nicht nur frei auf dem Startbildschirm platzieren k\u00f6nnen, sondern auch vorhandene App-Raster vollst\u00e4ndig durch Widgets ersetzen k\u00f6nnen. <\/p>\n<p>Apple werde mit iOS 15 und iPadOS 15 dar\u00fcber hinaus auch weitere Optionen zum Schutz der Privatsph\u00e4re integrieren. So soll ein neues Men\u00fc zentral dar\u00fcber informieren, welche Anwendung Nutzerdaten sammeln.<\/p>\n<p>Die offizielle Vorstellung der neuen Betriebssysteme wird auf Apples Entwicklerkonferenz <a href=\"https:\/\/www.ifun.de\/offiziell-wwdc-2021-startet-am-7-juni-als-online-event-168347\/\" title=\"Offiziell: WWDC 2021 startet am 7. Juni als Online-Event\">WWDC<\/a> erwartet, die in diesem Jahr am 7. Juni beginnt.<img loading=\"lazy\" decoding=\"async\" src=\"https:\/\/vg05.met.vgwort.de\/na\/71b0dc727a274ccaa94fe7449b6c0284\" width=\"1\" height=\"1\" no-lazy class=\"tracking\"><\/p>\n","protected":false},"excerpt":{"rendered":"<a href=\"https:\/\/www.ifun.de\/ipados-15-soll-app-widgets-aufs-ipad-bringen-169423\/\"><img decoding=\"async\" width=\"150\" src=\"https:\/\/images.ifun.de\/wp-content\/uploads\/2015\/01\/ipad-vorstellung-header.jpg\" class=\"alignright wp-post-image tfe\" alt=\"\" title=\"\" \/><\/a><p>Mark Gurman gew\u00e4hrt uns einen ersten Blick auf das kommende iPad-Betriebssystem. Es ist davon auszugehen, dass sich zumindest ein Teil der von dem Bloomberg-Autor f\u00fcr iOS 15 und besonders auch iPadOS 15 getroffenen Aussagen auch in der f\u00fcr Juni erwarteten ersten offiziellen Pr\u00e4sentation der Betriebssysteme durch Apple wiederfindet. Gurman beruft sich auf mit der Angelegenheit [&hellip;]<\/p>\n","protected":false},"author":2,"featured_media":0,"comment_status":"open","ping_status":"closed","sticky":false,"template":"","format":"standard","meta":{"_acf_changed":false,"footnotes":""},"categories":[10],"tags":[4740,5362],"class_list":["post-169423","post","type-post","status-publish","format-standard","hentry","category-ipad","tag-ipad","tag-ipados-15"],"acf":[],"aioseo_notices":[],"subheadline":["Home- und Startbildschirm neu"],"featured_image":["https:\/\/images.ifun.de\/wp-content\/uploads\/2016\/03\/apple-ipad-schule-header.jpg"],"rest_api_enabler":{"subheadline":"Home- und Startbildschirm neu","featured_image":"https:\/\/images.ifun.de\/wp-content\/uploads\/2016\/03\/apple-ipad-schule-header.jpg"},"_links":{"self":[{"href":"https:\/\/www.ifun.de\/apiv2\/wp\/v2\/posts\/169423","targetHints":{"allow":["GET"]}}],"collection":[{"href":"https:\/\/www.ifun.de\/apiv2\/wp\/v2\/posts"}],"about":[{"href":"https:\/\/www.ifun.de\/apiv2\/wp\/v2\/types\/post"}],"author":[{"embeddable":true,"href":"https:\/\/www.ifun.de\/apiv2\/wp\/v2\/users\/2"}],"replies":[{"embeddable":true,"href":"https:\/\/www.ifun.de\/apiv2\/wp\/v2\/comments?post=169423"}],"version-history":[{"count":4,"href":"https:\/\/www.ifun.de\/apiv2\/wp\/v2\/posts\/169423\/revisions"}],"predecessor-version":[{"id":169427,"href":"https:\/\/www.ifun.de\/apiv2\/wp\/v2\/posts\/169423\/revisions\/169427"}],"wp:attachment":[{"href":"https:\/\/www.ifun.de\/apiv2\/wp\/v2\/media?parent=169423"}],"wp:term":[{"taxonomy":"category","embeddable":true,"href":"https:\/\/www.ifun.de\/apiv2\/wp\/v2\/categories?post=169423"},{"taxonomy":"post_tag","embeddable":true,"href":"https:\/\/www.ifun.de\/apiv2\/wp\/v2\/tags?post=169423"}],"curies":[{"name":"wp","href":"https:\/\/api.w.org\/{rel}","templated":true}]}}