{"id":169386,"date":"2021-04-22T12:45:57","date_gmt":"2021-04-22T10:45:57","guid":{"rendered":"https:\/\/www.ifun.de\/?p=169386"},"modified":"2021-04-22T12:45:57","modified_gmt":"2021-04-22T10:45:57","slug":"applecare-aenderungen-im-kleingedruckten-der-zusatzversicherung","status":"publish","type":"post","link":"https:\/\/www.ifun.de\/applecare-aenderungen-im-kleingedruckten-der-zusatzversicherung-169386\/","title":{"rendered":"AppleCare+: \u00c4nderungen im Kleingedruckten der Zusatzversicherung"},"content":{"rendered":"<p>Apple hat \u00c4nderungen bei den Bedingungen der Zusatzversicherung AppleCare+ vorgenommen, die zwar in <a href=\"https:\/\/support.apple.com\/en-us\/HT210580\">einem Support-Dokument<\/a> notiert wurden, das sich an Kunden in Deutschland, Australien, Kanada, Japan, Gro\u00dfbritannien und den Vereinigten Staaten richtet, die wichtigste Neuerungen vorerst aber ausschlie\u00dflich in den USA einf\u00fchrt.<\/p>\n<p><a href=\"https:\/\/images.ifun.de\/wp-content\/uploads\/2021\/04\/apple-care-monatspolice.jpg\"><img loading=\"lazy\" decoding=\"async\" class=\"aligncenter size-medium wp-image-169390\" src=\"https:\/\/images.ifun.de\/wp-content\/uploads\/2021\/04\/apple-care-monatspolice-500x430.jpg\" alt=\"Apple Care Monatspolice\" width=\"500\" height=\"430\" srcset=\"https:\/\/images.ifun.de\/wp-content\/uploads\/2021\/04\/apple-care-monatspolice-500x430.jpg 500w, https:\/\/images.ifun.de\/wp-content\/uploads\/2021\/04\/apple-care-monatspolice-700x601.jpg 700w, https:\/\/images.ifun.de\/wp-content\/uploads\/2021\/04\/apple-care-monatspolice-768x660.jpg 768w, https:\/\/images.ifun.de\/wp-content\/uploads\/2021\/04\/apple-care-monatspolice-1536x1319.jpg 1536w, https:\/\/images.ifun.de\/wp-content\/uploads\/2021\/04\/apple-care-monatspolice.jpg 2000w\" sizes=\"auto, (max-width: 500px) 100vw, 500px\" \/><\/a><\/p>\n<h2>Mac-Versicherung erstmals l\u00e4nger als 36 Monate<\/h2>\n<p>Hier wird Apple erstmals die weitere Versicherung von Macs nach Ablauf der bislang maximalen Versicherungszeit von 36 Monaten zulassen. Amerikanische Kunden des Unternehmens k\u00f6nnen ihre Macs nach Ablauf des vorausbezahlten AppleCare+-Tarifes mit einer weitere Jahresabdeckung versichern. Voraussetzung ist, dass noch <a href=\"https:\/\/www.iphone-ticker.de\/applecare-verlaengerung-muss-innerhalb-von-30-tagen-erworben-werden-167828\/\">keine 30 Tage seit dem Ablauf<\/a> der zuvor genutzten Versicherungspolice verstrichen sind.<\/p>\n<p>Anwender, die ihre Macs \u00fcber eine der Monatspolicen von AppleCare+ versichert haben, k\u00f6nnen diese nun ebenfalls \u00fcber den Zeitraum von 36 Monaten hinaus weiter laufen lassen.<\/p>\n<p>Die Monatspolicen lassen sich seit Herbst 2020 f\u00fcr viele Apple-Produkte <a href=\"https:\/\/www.iphone-ticker.de\/applecare-fuer-apple-watch-monatspolicen-lassen-sich-buchen-163395\/\">auch in Deutschland erwerben<\/a> und laufen als flexibles Versicherungs-Abo so lange Anwender dies w\u00fcnschen.<\/p>\n<p><a href=\"https:\/\/images.ifun.de\/wp-content\/uploads\/2021\/04\/preise-apple-care-versicherung.jpg\"><img loading=\"lazy\" decoding=\"async\" class=\"aligncenter size-large wp-image-169388\" src=\"https:\/\/images.ifun.de\/wp-content\/uploads\/2021\/04\/preise-apple-care-versicherung-700x700.jpg\" alt=\"Preise Apple Care Versicherung\" width=\"700\" height=\"700\" srcset=\"https:\/\/images.ifun.de\/wp-content\/uploads\/2021\/04\/preise-apple-care-versicherung-700x700.jpg 700w, https:\/\/images.ifun.de\/wp-content\/uploads\/2021\/04\/preise-apple-care-versicherung-500x500.jpg 500w, https:\/\/images.ifun.de\/wp-content\/uploads\/2021\/04\/preise-apple-care-versicherung-150x150.jpg 150w, https:\/\/images.ifun.de\/wp-content\/uploads\/2021\/04\/preise-apple-care-versicherung-768x768.jpg 768w, https:\/\/images.ifun.de\/wp-content\/uploads\/2021\/04\/preise-apple-care-versicherung.jpg 1396w\" sizes=\"auto, (max-width: 700px) 100vw, 700px\" \/><\/a><\/p>\n<p>Zur Erinnerung: Die Zusatzversicherung AppleCare+ ist daf\u00fcr da Sch\u00e4den und Defekte an euren Produkten abzudecken, die nicht unter Apples Standard-Garantie fallen. Die Versicherung soll also vor allem die finanziellen Belastungen abfedern, der zum Berichtigen von Alterserscheinungen und selbst verursachte Problemen an Apples Produkten f\u00e4llig werden.<\/p>\n<h2>Auch Apple TV darf versichert werden<\/h2>\n<p>Seit Vorstellung des Apple TV 4K erlaubt Apple neuerdings auch die <a href=\"https:\/\/www.apple.com\/de\/support\/products\/appletv\/\">Versicherung der Set-Top-Box<\/a> zum Pauschalpreis von 29 Euro f\u00fcr einen Zeitraum von bis zu 3 Jahre. Im Preis sind bis zu zwei Reparaturen binnen 12 Monaten inklusive, f\u00fcr die allerdings eine Zusatzgeb\u00fchr von jeweils 15 Euro zu entrichten ist.<\/p>\n<p><a href=\"https:\/\/images.ifun.de\/wp-content\/uploads\/2021\/04\/applecare_appletv.jpg\"><img loading=\"lazy\" decoding=\"async\" class=\"aligncenter size-medium wp-image-169389\" src=\"https:\/\/images.ifun.de\/wp-content\/uploads\/2021\/04\/applecare_appletv-500x465.jpg\" alt=\"Applecare Appletv\" width=\"500\" height=\"465\" srcset=\"https:\/\/images.ifun.de\/wp-content\/uploads\/2021\/04\/applecare_appletv-500x465.jpg 500w, https:\/\/images.ifun.de\/wp-content\/uploads\/2021\/04\/applecare_appletv-700x651.jpg 700w, https:\/\/images.ifun.de\/wp-content\/uploads\/2021\/04\/applecare_appletv-768x714.jpg 768w, https:\/\/images.ifun.de\/wp-content\/uploads\/2021\/04\/applecare_appletv.jpg 1078w\" sizes=\"auto, (max-width: 500px) 100vw, 500px\" \/><\/a><\/p>\n<p>Alles Vertragsunterlagen lassen sich mit Stand 20. April 2021 <a href=\"https:\/\/www.apple.com\/de\/legal\/sales-support\/applecare\/applecareplus\/de\/\">hier einsehen<\/a>:<\/p>\n<ul>\n<li><a href=\"https:\/\/www.apple.com\/legal\/sales-support\/applecare\/applecareplus\/0421\/042021_applecareplus_de_tc.pdf\">Versicherungsbedingungen (PDF)<\/a><\/li>\n<li><a href=\"https:\/\/www.apple.com\/legal\/sales-support\/applecare\/applecareplus\/0421\/042021_applecareplus_de_kfd.pdf\">Allgemeine Vertragsinformationen (PDF)<\/a><\/li>\n<li><a href=\"https:\/\/www.apple.com\/de\/legal\/sales-support\/applecare\/applecareplus\/docs\/applecareplus_de_idd.html\">Statusinformationen \/ Allgemeine Gesch\u00e4ftsbedingungen<\/a><\/li>\n<li><a href=\"https:\/\/www.apple.com\/legal\/sales-support\/applecare\/applecareplus\/0421\/042021_applecareplus_de_ipid.pdf\">Produktinformationsblatt (PDF)<\/a><\/li>\n<\/ul>\n<p><img loading=\"lazy\" decoding=\"async\" src=\"https:\/\/vg09.met.vgwort.de\/na\/ffc562a93b70413399554bbe2863c827\" width=\"1\" height=\"1\" no-lazy class=\"tracking\"><\/p>\n","protected":false},"excerpt":{"rendered":"<a href=\"https:\/\/www.ifun.de\/applecare-aenderungen-im-kleingedruckten-der-zusatzversicherung-169386\/\"><img width=\"150\" height=\"150\" src=\"https:\/\/images.ifun.de\/wp-content\/uploads\/2021\/04\/apple-care-plus-feature-150x150.jpg\" class=\"alignright tfe wp-post-image\" alt=\"Apple Care Plus Feature\" decoding=\"async\" loading=\"lazy\" \/><\/a><p>Apple hat \u00c4nderungen bei den Bedingungen der Zusatzversicherung AppleCare+ vorgenommen, die zwar in einem Support-Dokument notiert wurden, das sich an Kunden in Deutschland, Australien, Kanada, Japan, Gro\u00dfbritannien und den Vereinigten Staaten richtet, die wichtigste Neuerungen vorerst aber ausschlie\u00dflich in den USA einf\u00fchrt. Mac-Versicherung erstmals l\u00e4nger als 36 Monate Hier wird Apple erstmals die weitere Versicherung [&hellip;]<\/p>\n","protected":false},"author":1,"featured_media":169391,"comment_status":"open","ping_status":"closed","sticky":false,"template":"","format":"standard","meta":{"_acf_changed":false,"footnotes":""},"categories":[1],"tags":[309,2020],"class_list":["post-169386","post","type-post","status-publish","format-standard","has-post-thumbnail","hentry","category-news","tag-apple-care","tag-versicherung"],"acf":[],"aioseo_notices":[],"subheadline":["Auch Apple TV darf versichert werden","Auch Apple TV darf versichert werden"],"featured_image":["https:\/\/images.ifun.de\/wp-content\/uploads\/2021\/04\/apple-care-plus-feature.jpg"],"rest_api_enabler":{"subheadline":["Auch Apple TV darf versichert werden","Auch Apple TV darf versichert werden"],"featured_image":"https:\/\/images.ifun.de\/wp-content\/uploads\/2021\/04\/apple-care-plus-feature.jpg"},"_links":{"self":[{"href":"https:\/\/www.ifun.de\/apiv2\/wp\/v2\/posts\/169386","targetHints":{"allow":["GET"]}}],"collection":[{"href":"https:\/\/www.ifun.de\/apiv2\/wp\/v2\/posts"}],"about":[{"href":"https:\/\/www.ifun.de\/apiv2\/wp\/v2\/types\/post"}],"author":[{"embeddable":true,"href":"https:\/\/www.ifun.de\/apiv2\/wp\/v2\/users\/1"}],"replies":[{"embeddable":true,"href":"https:\/\/www.ifun.de\/apiv2\/wp\/v2\/comments?post=169386"}],"version-history":[{"count":2,"href":"https:\/\/www.ifun.de\/apiv2\/wp\/v2\/posts\/169386\/revisions"}],"predecessor-version":[{"id":169392,"href":"https:\/\/www.ifun.de\/apiv2\/wp\/v2\/posts\/169386\/revisions\/169392"}],"wp:featuredmedia":[{"embeddable":true,"href":"https:\/\/www.ifun.de\/apiv2\/wp\/v2\/media\/169391"}],"wp:attachment":[{"href":"https:\/\/www.ifun.de\/apiv2\/wp\/v2\/media?parent=169386"}],"wp:term":[{"taxonomy":"category","embeddable":true,"href":"https:\/\/www.ifun.de\/apiv2\/wp\/v2\/categories?post=169386"},{"taxonomy":"post_tag","embeddable":true,"href":"https:\/\/www.ifun.de\/apiv2\/wp\/v2\/tags?post=169386"}],"curies":[{"name":"wp","href":"https:\/\/api.w.org\/{rel}","templated":true}]}}