{"id":168730,"date":"2021-04-09T09:55:55","date_gmt":"2021-04-09T07:55:55","guid":{"rendered":"https:\/\/www.ifun.de\/?p=168730"},"modified":"2021-04-09T09:56:07","modified_gmt":"2021-04-09T07:56:07","slug":"entwickler-app-wwdc-for-macos-fuer-die-wwdc-2021","status":"publish","type":"post","link":"https:\/\/www.ifun.de\/entwickler-app-wwdc-for-macos-fuer-die-wwdc-2021-168730\/","title":{"rendered":"Entwickler-App &#8222;WWDC for macOS&#8220; bereit f\u00fcr die WWDC 2021"},"content":{"rendered":"<p>Die Anwendung <a href=\"https:\/\/wwdc.io\">WWDC for macOS<\/a> geh\u00f6rt nun schon seit mehreren Jahren zum empfehlenswerten Repertoire f\u00fcr alle Mac-Besitzer, die sich f\u00fcr Apples regelm\u00e4\u00dfig im Sommer stattfindende Entwicklerkonferenz interessieren. Mit der neu verf\u00fcgbaren Version 7.2 steht die vom brasilianischen Entwickler Guilherme Rambo gepflegte App jetzt nicht nur f\u00fcr macOS Big Sur, sondern auch f\u00fcr Apple-Prozessoren optimiert zur Verf\u00fcgung.<\/p>\n<p>Mit Blick auf die Anpassung an Apples aktuelles Mac-Betriebssystem hat der Entwickler \u00c4nderungen an der Benutzeroberfl\u00e4che vorgenommen und das Symbol seiner App an den neuen Grafik-Standards von macOS Big Sur ausgerichtet.<\/p>\n<p><a href=\"https:\/\/images.ifun.de\/wp-content\/uploads\/2021\/04\/wwdc-for-macos-app.jpg\"><img loading=\"lazy\" decoding=\"async\" src=\"https:\/\/images.ifun.de\/wp-content\/uploads\/2021\/04\/wwdc-for-macos-app-700x501.jpg\" alt=\"Wwdc For Macos App\" width=\"700\" height=\"501\" class=\"alignnone size-large wp-image-168734\" srcset=\"https:\/\/images.ifun.de\/wp-content\/uploads\/2021\/04\/wwdc-for-macos-app-700x501.jpg 700w, https:\/\/images.ifun.de\/wp-content\/uploads\/2021\/04\/wwdc-for-macos-app-500x358.jpg 500w, https:\/\/images.ifun.de\/wp-content\/uploads\/2021\/04\/wwdc-for-macos-app-768x549.jpg 768w, https:\/\/images.ifun.de\/wp-content\/uploads\/2021\/04\/wwdc-for-macos-app.jpg 1400w\" sizes=\"auto, (max-width: 700px) 100vw, 700px\" \/><\/a><\/p>\n<p>Funktionell bleibt der gewohnte Leistungsumfang erhalten. WWDC for macOS bietet die M\u00f6glichkeit zum komfortablen Zugriff auf die im Rahmen der Entwicklerkonferenz bereitgestellten Inhalte. Dazu z\u00e4hlen die Videos der einzelnen Entwickler-Sessions ebenso wie begleitende Dokumente und Textabschriften. \u00dcber die Archivfunktion stehen auch Materialien der vergangenen Jahre zum Abruf \u00fcber die App bereit.<\/p>\n<h2>WWDC als Online-Veranstaltung im Juni<\/h2>\n<p>Apples Entwicklerkonferenz WWDC wird auch in diesem Jahr als reines Online-Event abgehalten. Die Veranstaltungsreihe <a href=\"https:\/\/www.ifun.de\/offiziell-wwdc-2021-startet-am-7-juni-als-online-event-168347\/\" title=\"Offiziell: WWDC 2021 startet am 7. Juni als Online-Event\">startet am 7. Juni<\/a> mit der klassischen Er\u00f6ffnungs-Keynote. An den folgenden Tagen bietet Apple dann zahlreiche Pr\u00e4sentationen und Workshops als Weiterbildung f\u00fcr Entwickler an. Eine besondere Rolle spielen hierbei allj\u00e4hrlich auch die jeweils kommenden Versionen der Apple-Betriebssysteme. In diesem Jahr d\u00fcrfen wir im Rahmen der WWDC die erste \u00f6ffentliche Pr\u00e4sentation von macOS 12 und iOS 15 sowie den damit verbundenen neuen Versionen der Betriebssysteme f\u00fcr iPad, Apple Watch, Apple TV und den HomePod erwarten.<\/p>\n<p>Bis 2019 hatte Apples Entwicklerkonferenz WWDC immer auch den Charakter eines gro\u00dfen Familientreffens. Entwickler aus aller Welt fanden sich f\u00fcr eine abwechslungsreiche Woche in Kalifornien ein. Im vergangenen Jahr wurde daraus erstmals eine Online-Veranstaltung und es ist w\u00fcrde nicht wundern, wenn Apple diese Form der Austragung dauerhaft beibeh\u00e4lt. Der gro\u00dfe Zuwachs an Entwicklern hat eine Durchf\u00fchrung der Veranstaltung im alten Rahmen in den letzten Jahren bereits immer schwieriger gemacht.<img decoding=\"async\" src=\"\"https:\/\/vg08.met.vgwort.de\/na\/88cacaf2996848ce834998cfb705617c\"\" width=\"\"1\"\" height=\"\"1\"\" no-lazy class=\"tracking\"><\/p>\n","protected":false},"excerpt":{"rendered":"<a href=\"https:\/\/www.ifun.de\/entwickler-app-wwdc-for-macos-fuer-die-wwdc-2021-168730\/\"><img width=\"150\" height=\"150\" src=\"https:\/\/images.ifun.de\/wp-content\/uploads\/2021\/04\/wwdc-for-macos-150x150.jpg\" class=\"alignright tfe wp-post-image\" alt=\"Wwdc For Macos\" decoding=\"async\" loading=\"lazy\" \/><\/a><p>Die Anwendung WWDC for macOS geh\u00f6rt nun schon seit mehreren Jahren zum empfehlenswerten Repertoire f\u00fcr alle Mac-Besitzer, die sich f\u00fcr Apples regelm\u00e4\u00dfig im Sommer stattfindende Entwicklerkonferenz interessieren. Mit der neu verf\u00fcgbaren Version 7.2 steht die vom brasilianischen Entwickler Guilherme Rambo gepflegte App jetzt nicht nur f\u00fcr macOS Big Sur, sondern auch f\u00fcr Apple-Prozessoren optimiert zur [&hellip;]<\/p>\n","protected":false},"author":2,"featured_media":168733,"comment_status":"open","ping_status":"closed","sticky":false,"template":"","format":"standard","meta":{"_acf_changed":false,"footnotes":""},"categories":[6],"tags":[44,6321,353,5346],"class_list":["post-168730","post","type-post","status-publish","format-standard","has-post-thumbnail","hentry","category-entwickler","tag-app","tag-mac","tag-wwdc","tag-wwdc-for-macos"],"acf":[],"aioseo_notices":[],"subheadline":["F\u00fcr Apple-Prozessoren optimiert"],"featured_image":["https:\/\/images.ifun.de\/wp-content\/uploads\/2021\/04\/wwdc-for-macos.jpg"],"rest_api_enabler":{"subheadline":"F\u00fcr Apple-Prozessoren optimiert","featured_image":"https:\/\/images.ifun.de\/wp-content\/uploads\/2021\/04\/wwdc-for-macos.jpg"},"_links":{"self":[{"href":"https:\/\/www.ifun.de\/apiv2\/wp\/v2\/posts\/168730","targetHints":{"allow":["GET"]}}],"collection":[{"href":"https:\/\/www.ifun.de\/apiv2\/wp\/v2\/posts"}],"about":[{"href":"https:\/\/www.ifun.de\/apiv2\/wp\/v2\/types\/post"}],"author":[{"embeddable":true,"href":"https:\/\/www.ifun.de\/apiv2\/wp\/v2\/users\/2"}],"replies":[{"embeddable":true,"href":"https:\/\/www.ifun.de\/apiv2\/wp\/v2\/comments?post=168730"}],"version-history":[{"count":5,"href":"https:\/\/www.ifun.de\/apiv2\/wp\/v2\/posts\/168730\/revisions"}],"predecessor-version":[{"id":168737,"href":"https:\/\/www.ifun.de\/apiv2\/wp\/v2\/posts\/168730\/revisions\/168737"}],"wp:featuredmedia":[{"embeddable":true,"href":"https:\/\/www.ifun.de\/apiv2\/wp\/v2\/media\/168733"}],"wp:attachment":[{"href":"https:\/\/www.ifun.de\/apiv2\/wp\/v2\/media?parent=168730"}],"wp:term":[{"taxonomy":"category","embeddable":true,"href":"https:\/\/www.ifun.de\/apiv2\/wp\/v2\/categories?post=168730"},{"taxonomy":"post_tag","embeddable":true,"href":"https:\/\/www.ifun.de\/apiv2\/wp\/v2\/tags?post=168730"}],"curies":[{"name":"wp","href":"https:\/\/api.w.org\/{rel}","templated":true}]}}