{"id":168677,"date":"2021-04-08T12:26:12","date_gmt":"2021-04-08T10:26:12","guid":{"rendered":"https:\/\/www.ifun.de\/?p=168677"},"modified":"2021-04-08T13:25:03","modified_gmt":"2021-04-08T11:25:03","slug":"apple-tv-das-problem-mit-jon-stewart","status":"publish","type":"post","link":"https:\/\/www.ifun.de\/apple-tv-das-problem-mit-jon-stewart-168677\/","title":{"rendered":"Apple TV+: Das Problem mit Jon Stewart"},"content":{"rendered":"<p>Der Branchendienst Hollywood Reporter hat weitere Details zur geplante Apple TV+-Show mit dem ehemaligen Late-Night-Talker Jon Stewart ausgeplaudert &#8211; <a href=\"https:\/\/www.ifun.de\/nachrichtenkommentar-jon-stewart-kommt-zu-apple-tv-161499\/\">ifun.de berichtet<\/a>.<\/p>\n<p><a href=\"https:\/\/images.ifun.de\/wp-content\/uploads\/2020\/10\/The-Daily-Show.jpg\"><img loading=\"lazy\" decoding=\"async\" class=\"aligncenter size-medium wp-image-161500\" src=\"https:\/\/images.ifun.de\/wp-content\/uploads\/2020\/10\/The-Daily-Show-500x289.jpg\" alt=\"The Daily Show\" width=\"500\" height=\"289\" srcset=\"https:\/\/images.ifun.de\/wp-content\/uploads\/2020\/10\/The-Daily-Show-500x289.jpg 500w, https:\/\/images.ifun.de\/wp-content\/uploads\/2020\/10\/The-Daily-Show-700x404.jpg 700w, https:\/\/images.ifun.de\/wp-content\/uploads\/2020\/10\/The-Daily-Show-768x443.jpg 768w, https:\/\/images.ifun.de\/wp-content\/uploads\/2020\/10\/The-Daily-Show.jpg 1247w\" sizes=\"auto, (max-width: 500px) 100vw, 500px\" \/><\/a><\/p>\n<h6>Vor allem bekannt als Host der Daily Show<\/h6>\n<p>So soll die Sendung den Titel &#8222;The Problem With Jon Stewart&#8220; tragen und den Namen zum Programm machen. \u00c4hnlich wie die erfolgreiche HBO-Show &#8222;Last Week Tonight with John Oliver&#8220; soll auch &#8222;The Problem With Jon Stewart&#8220; pro Episode ein aktuelles Thema aufgreifen und sich eingehender mit diesem auseinandersetzen. Ein Format, auf das in Zeiten der Corona-Pandemie auch das ZDF Magazin Royale mit Jan B\u00f6hmermann setzt.<\/p>\n<p>Die neue Apple TV+-Serie wird Stewarts erste regelm\u00e4\u00dfige Fernsehsendung seit dem Ende der so genannten The Daily Show 2015 sein und erg\u00e4nzt das Apple TV+-Format &#8222;The Oprah Conversation&#8220; als ernste TV-Unterhaltung, ohne fiktionale Inhalte.<\/p>\n<h2>Start-Datum und Umfang unklar<\/h2>\n<p>Allerdings <a href=\"https:\/\/www.hollywoodreporter.com\/live-feed\/jon-stewart-sets-title-launch-plans-for-apple-series-exclusive\">ist weiterhin unklar<\/a>, ab wann, wie oft und mit welchen Abst\u00e4nden neue Episoden der Jon Stewart-Show produziert werden und welchen Vorlauf die auf mehrere Staffeln angelegten Inhalte ben\u00f6tigen. K\u00f6nnen tagesaktuelle Themen adressiert werden, oder stehen die Inhalte schon ein halbes Jahr im Voraus fest?<\/p>\n<p>Die von Apple produzierte Show &#8222;The Oprah Conversation&#8220; spielte ihre Episoden mit stark variierenden Abst\u00e4nden aus und lie\u00df sich teils nur wenige Tage, teils mehrere Monate zwischen der Freigabe neuer Folgen zeigt.<\/p>\n<p>&#8222;The Problem With Jon Stewart&#8220; wird von Jon Stewart selbst produziert und in New York gefilmt.<\/p>\n<h2>Neuer Trailer &#8222;The Mosquito Coast&#8220;<\/h2>\n<p>In Sachen Serien startet Apple am 30. April die neue Show &#8222;<a href=\"https:\/\/apple.co\/_MosquitoCoast%E2%80%8B\">The Mosquito Coast<\/a>&#8220; auf Apple TV+. F\u00fcr diese steht auf dem Video-Portal YouTube nun der erste Trailer zur Verf\u00fcgung, den wir im Anschluss eingebettet haben. Justin Theroux und Melissa George spielen hier ein Ehepaar, das durch das Hinterland Mexikos vor US-Strafverfolgern fl\u00fcchten muss.<\/p>\n<p><div class=\"responsive-video\"><iframe loading=\"lazy\" src=\"https:\/\/www.youtube-nocookie.com\/embed\/-L7JUzwyNDs\" width=\"700\" height=\"371\" frameborder=\"0\" allowfullscreen=\"allowfullscreen\"><\/iframe><\/div><\/p>\n<p><h8><a href=\"https:\/\/www.flickr.com\/photos\/montclairfilmfest\/26943481175\/\">Header-Bild: CC BY 2.0 Montclair Film Festival<\/a><\/h8><br \/>\n<img loading=\"lazy\" decoding=\"async\" class=\"tracking\" src=\"https:\/\/vg02.met.vgwort.de\/na\/e121cabb40b748dbbeadf4de64f657c0\" width=\"1\" height=\"1\" \/><\/p>\n","protected":false},"excerpt":{"rendered":"<a href=\"https:\/\/www.ifun.de\/apple-tv-das-problem-mit-jon-stewart-168677\/\"><img width=\"150\" height=\"150\" src=\"https:\/\/images.ifun.de\/wp-content\/uploads\/2021\/04\/moskito-150x150.jpg\" class=\"alignright tfe wp-post-image\" alt=\"Moskito\" decoding=\"async\" loading=\"lazy\" \/><\/a><p>Der Branchendienst Hollywood Reporter hat weitere Details zur geplante Apple TV+-Show mit dem ehemaligen Late-Night-Talker Jon Stewart ausgeplaudert &#8211; ifun.de berichtet. Vor allem bekannt als Host der Daily Show So soll die Sendung den Titel &#8222;The Problem With Jon Stewart&#8220; tragen und den Namen zum Programm machen. \u00c4hnlich wie die erfolgreiche HBO-Show &#8222;Last Week Tonight [&hellip;]<\/p>\n","protected":false},"author":1,"featured_media":168684,"comment_status":"open","ping_status":"closed","sticky":false,"template":"","format":"standard","meta":{"_acf_changed":false,"footnotes":""},"categories":[4],"tags":[26,4467,5342],"class_list":["post-168677","post","type-post","status-publish","format-standard","has-post-thumbnail","hentry","category-appletv","tag-apple-tv","tag-apple-tv-plus","tag-serien-trailer"],"acf":[],"aioseo_notices":[],"subheadline":["\"The Mosquito Coast\" mit Trailer","Neuer Trailer zu \"Mosquito Coast\""],"featured_image":["https:\/\/images.ifun.de\/wp-content\/uploads\/2021\/04\/moskito.jpg"],"rest_api_enabler":{"subheadline":["\"The Mosquito Coast\" mit Trailer","Neuer Trailer zu \"Mosquito Coast\""],"featured_image":"https:\/\/images.ifun.de\/wp-content\/uploads\/2021\/04\/moskito.jpg"},"_links":{"self":[{"href":"https:\/\/www.ifun.de\/apiv2\/wp\/v2\/posts\/168677","targetHints":{"allow":["GET"]}}],"collection":[{"href":"https:\/\/www.ifun.de\/apiv2\/wp\/v2\/posts"}],"about":[{"href":"https:\/\/www.ifun.de\/apiv2\/wp\/v2\/types\/post"}],"author":[{"embeddable":true,"href":"https:\/\/www.ifun.de\/apiv2\/wp\/v2\/users\/1"}],"replies":[{"embeddable":true,"href":"https:\/\/www.ifun.de\/apiv2\/wp\/v2\/comments?post=168677"}],"version-history":[{"count":6,"href":"https:\/\/www.ifun.de\/apiv2\/wp\/v2\/posts\/168677\/revisions"}],"predecessor-version":[{"id":168683,"href":"https:\/\/www.ifun.de\/apiv2\/wp\/v2\/posts\/168677\/revisions\/168683"}],"wp:featuredmedia":[{"embeddable":true,"href":"https:\/\/www.ifun.de\/apiv2\/wp\/v2\/media\/168684"}],"wp:attachment":[{"href":"https:\/\/www.ifun.de\/apiv2\/wp\/v2\/media?parent=168677"}],"wp:term":[{"taxonomy":"category","embeddable":true,"href":"https:\/\/www.ifun.de\/apiv2\/wp\/v2\/categories?post=168677"},{"taxonomy":"post_tag","embeddable":true,"href":"https:\/\/www.ifun.de\/apiv2\/wp\/v2\/tags?post=168677"}],"curies":[{"name":"wp","href":"https:\/\/api.w.org\/{rel}","templated":true}]}}