{"id":168612,"date":"2021-04-07T14:49:39","date_gmt":"2021-04-07T12:49:39","guid":{"rendered":"https:\/\/www.ifun.de\/?p=168612"},"modified":"2021-04-20T07:08:43","modified_gmt":"2021-04-20T05:08:43","slug":"zweiter-apple-store-berlin-die-rosenthaler-strasse-ist-eingeruestet","status":"publish","type":"post","link":"https:\/\/www.ifun.de\/zweiter-apple-store-berlin-die-rosenthaler-strasse-ist-eingeruestet-168612\/","title":{"rendered":"Zweiter Apple Store Berlin? Die Rosenthaler Stra\u00dfe ist einger\u00fcstet"},"content":{"rendered":"<p><b>Update vom 8. April:<\/b> <a href=\"https:\/\/www.ifun.de\/?p=168658\">Hier bald h\u00e4ngt der 2. Apfel in Berlin<\/a>.<\/p>\n<p>Das Fragezeichen in der \u00dcberschrift unterstreicht, dass wir uns, was den Ausbau der Apple-Pr\u00e4senz in der Hauptstadt angeht, noch nicht sicher genug f\u00fchlen, um das Objekt <a href=\"https:\/\/values-realestate.de\/projekt\/rosenthaler-strasse-43-45\/\">Rosenthaler Stra\u00dfe 43\u201345<\/a> eindeutig als zweite Berlin-Filiale Apples auszurufen.<\/p>\n<p><a href=\"https:\/\/images.ifun.de\/wp-content\/uploads\/2021\/04\/dcvalues-rosenthaler-berlin-header-2-1920x1280-1.jpg\"><img loading=\"lazy\" decoding=\"async\" class=\"aligncenter size-medium wp-image-168613\" src=\"https:\/\/images.ifun.de\/wp-content\/uploads\/2021\/04\/dcvalues-rosenthaler-berlin-header-2-1920x1280-1-500x333.jpg\" alt=\"Dcvalues Rosenthaler Berlin Header 2 1920x1280\" width=\"500\" height=\"333\" srcset=\"https:\/\/images.ifun.de\/wp-content\/uploads\/2021\/04\/dcvalues-rosenthaler-berlin-header-2-1920x1280-1-500x333.jpg 500w, https:\/\/images.ifun.de\/wp-content\/uploads\/2021\/04\/dcvalues-rosenthaler-berlin-header-2-1920x1280-1-700x467.jpg 700w, https:\/\/images.ifun.de\/wp-content\/uploads\/2021\/04\/dcvalues-rosenthaler-berlin-header-2-1920x1280-1-768x512.jpg 768w, https:\/\/images.ifun.de\/wp-content\/uploads\/2021\/04\/dcvalues-rosenthaler-berlin-header-2-1920x1280-1-1536x1024.jpg 1536w, https:\/\/images.ifun.de\/wp-content\/uploads\/2021\/04\/dcvalues-rosenthaler-berlin-header-2-1920x1280-1.jpg 1920w\" sizes=\"auto, (max-width: 500px) 100vw, 500px\" \/><\/a><\/p>\n<h6>So soll es mal aussehen: Rendering der Projektentwickler<\/h6>\n<p>Die Spekulationen, Apple k\u00f6nnte sich im Ostteil der Hauptstadt direkt am Hackeschen Markt niederlassen, begleiten uns allerdings schon <a href=\"https:\/\/www.ifun.de\/zweiter-apple-store-berlin-in-der-rosenthaler-strasse-126550\/\">seit einigen Jahren<\/a>.<\/p>\n<h2>Seit 2018 wird spekuliert<\/h2>\n<p>Laut wurden diese zuletzt, als die Hamburger Projektentwickler von <a href=\"https:\/\/values-realestate.de\/\">VALUES. Real Estate<\/a> (damals noch DC Values GmbH) 2018 ank\u00fcndigten, in der Rosenthaler Stra\u00dfe einen relativ jungen Geb\u00e4udekomplex abrei\u00dfen und an der dann freien Stelle einen dreigliedrigen Neubau mit B\u00fcro-, Wohn- und Gesch\u00e4ftsanteilen entstehen zu lassen. Der Neubau sollte eigentlich schon 2020 fertiggestellt sein.<\/p>\n<p><a href=\"https:\/\/images.ifun.de\/wp-content\/uploads\/2021\/04\/eingeruestet-apple-berlin-rosenthaler.jpg\"><img loading=\"lazy\" decoding=\"async\" class=\"aligncenter size-large wp-image-168615\" src=\"https:\/\/images.ifun.de\/wp-content\/uploads\/2021\/04\/eingeruestet-apple-berlin-rosenthaler-700x490.jpg\" alt=\"Eingeruestet Apple Berlin Rosenthaler\" width=\"700\" height=\"490\" srcset=\"https:\/\/images.ifun.de\/wp-content\/uploads\/2021\/04\/eingeruestet-apple-berlin-rosenthaler-700x490.jpg 700w, https:\/\/images.ifun.de\/wp-content\/uploads\/2021\/04\/eingeruestet-apple-berlin-rosenthaler-500x350.jpg 500w, https:\/\/images.ifun.de\/wp-content\/uploads\/2021\/04\/eingeruestet-apple-berlin-rosenthaler-768x537.jpg 768w, https:\/\/images.ifun.de\/wp-content\/uploads\/2021\/04\/eingeruestet-apple-berlin-rosenthaler-1536x1074.jpg 1536w, https:\/\/images.ifun.de\/wp-content\/uploads\/2021\/04\/eingeruestet-apple-berlin-rosenthaler.jpg 2000w\" sizes=\"auto, (max-width: 700px) 100vw, 700px\" \/><\/a><\/p>\n<h6>Mittig blickdicht: Teile des Geb\u00e4udes sind schwarz verkleidet<\/h6>\n<p>Die Fertigstellung des Gro\u00dfprojektes, das mit einer Fl\u00e4che von 10.000 Quadratmetern direkt im Berliner Scheunenviertel zwischen Hackeschem Markt, Sophienstra\u00dfe, Neuer Sch\u00f6nhauser Stra\u00dfe, Weinmeister- und Oranienburgersta\u00dfe liegt, verz\u00f6gerte sich dann jedoch und scheint nun auf eine Er\u00f6ffnung im sp\u00e4ten laufenden Jahr zuzusteuern.<\/p>\n<h2>Rohbau in Teilen blickdicht verkleidet<\/h2>\n<p>Dass es nicht mehr lange dauern wird, bis die neuen Mieter in den Rohbau einziehen werden verdeutlicht die schwarze Holzverkleidung, die die riesigen Schaufenster-Fronten im mittleren der drei Geb\u00e4ude jetzt vollst\u00e4ndig verdeckt. Ein ungew\u00f6hnlicher Blickschutz, der bereits auf anderen Apple-Baustellen gesichtet wurde.<\/p>\n<p><a href=\"https:\/\/images.ifun.de\/wp-content\/uploads\/2021\/04\/apple-maps-objekt-scaled.jpg\"><img loading=\"lazy\" decoding=\"async\" src=\"https:\/\/images.ifun.de\/wp-content\/uploads\/2021\/04\/apple-maps-objekt-700x430.jpg\" alt=\"Apple Maps Objekt\" width=\"700\" height=\"430\" class=\"aligncenter size-large wp-image-168616\" srcset=\"https:\/\/images.ifun.de\/wp-content\/uploads\/2021\/04\/apple-maps-objekt-700x430.jpg 700w, https:\/\/images.ifun.de\/wp-content\/uploads\/2021\/04\/apple-maps-objekt-500x307.jpg 500w, https:\/\/images.ifun.de\/wp-content\/uploads\/2021\/04\/apple-maps-objekt-768x471.jpg 768w, https:\/\/images.ifun.de\/wp-content\/uploads\/2021\/04\/apple-maps-objekt-1536x943.jpg 1536w, https:\/\/images.ifun.de\/wp-content\/uploads\/2021\/04\/apple-maps-objekt-2048x1257.jpg 2048w\" sizes=\"auto, (max-width: 700px) 100vw, 700px\" \/><\/a><\/p>\n<h6>Apple Karten zeigt: Diese Altbauten mussten weichen<\/h6>\n<p>Auch die gro\u00dfen Glasfronten, die (in den 3D-Renderings der ausf\u00fchrenden Projektentwickler gut zu erkennen) vom Erdgeschoss bis zur zweiten Etage der Nachbar-Bauten reichen erinnern deutlich an Apples Store-\u00c4sthetik.<\/p>\n<p>Unsere Anfrage, ob auch Apple nach Fertigstellung des Objektes zu den Nutzern der Gewerbefl\u00e4chen z\u00e4hlen wird, blieb bislang unbeantwortet.<\/p>\n<p><a href=\"https:\/\/images.ifun.de\/wp-content\/uploads\/2021\/04\/rosenthaler-strasse-apple-maps-scaled.jpg\"><img loading=\"lazy\" decoding=\"async\" src=\"https:\/\/images.ifun.de\/wp-content\/uploads\/2021\/04\/rosenthaler-strasse-apple-maps-700x457.jpg\" alt=\"Rosenthaler Strasse Apple Maps\" width=\"700\" height=\"457\" class=\"aligncenter size-large wp-image-168617\" srcset=\"https:\/\/images.ifun.de\/wp-content\/uploads\/2021\/04\/rosenthaler-strasse-apple-maps-700x457.jpg 700w, https:\/\/images.ifun.de\/wp-content\/uploads\/2021\/04\/rosenthaler-strasse-apple-maps-500x326.jpg 500w, https:\/\/images.ifun.de\/wp-content\/uploads\/2021\/04\/rosenthaler-strasse-apple-maps-768x501.jpg 768w, https:\/\/images.ifun.de\/wp-content\/uploads\/2021\/04\/rosenthaler-strasse-apple-maps-1536x1002.jpg 1536w, https:\/\/images.ifun.de\/wp-content\/uploads\/2021\/04\/rosenthaler-strasse-apple-maps-2048x1336.jpg 2048w\" sizes=\"auto, (max-width: 700px) 100vw, 700px\" \/><\/a><\/p>\n<h6>Beste Lage: Genau am Hackeschen Markt<\/h6>\n<p><img loading=\"lazy\" decoding=\"async\" src=\"https:\/\/vg02.met.vgwort.de\/na\/0a24f107db944e7bbc9365daaece2e04\" width=\"1\" height=\"1\" no-lazy class=\"tracking\"><\/p>\n","protected":false},"excerpt":{"rendered":"<a href=\"https:\/\/www.ifun.de\/zweiter-apple-store-berlin-die-rosenthaler-strasse-ist-eingeruestet-168612\/\"><img width=\"150\" height=\"150\" src=\"https:\/\/images.ifun.de\/wp-content\/uploads\/2021\/04\/rosenthaler-strasse-apple-maps-150x150.jpg\" class=\"alignright tfe wp-post-image\" alt=\"Rosenthaler Strasse Apple Maps\" decoding=\"async\" loading=\"lazy\" \/><\/a><p>Update vom 8. April: Hier bald h\u00e4ngt der 2. Apfel in Berlin. Das Fragezeichen in der \u00dcberschrift unterstreicht, dass wir uns, was den Ausbau der Apple-Pr\u00e4senz in der Hauptstadt angeht, noch nicht sicher genug f\u00fchlen, um das Objekt Rosenthaler Stra\u00dfe 43\u201345 eindeutig als zweite Berlin-Filiale Apples auszurufen. So soll es mal aussehen: Rendering der Projektentwickler [&hellip;]<\/p>\n","protected":false},"author":1,"featured_media":168617,"comment_status":"open","ping_status":"closed","sticky":false,"template":"","format":"standard","meta":{"_acf_changed":false,"footnotes":""},"categories":[3],"tags":[4736,49,190],"class_list":["post-168612","post","type-post","status-publish","format-standard","has-post-thumbnail","hentry","category-apple","tag-apple","tag-apple-store","tag-berlin"],"acf":[],"aioseo_notices":[],"featured_image":["https:\/\/images.ifun.de\/wp-content\/uploads\/2021\/04\/apple-berlin-rosenthaler.jpg"],"subheadline":["Genau am Hackeschen Markt"],"rest_api_enabler":{"featured_image":"https:\/\/images.ifun.de\/wp-content\/uploads\/2021\/04\/apple-berlin-rosenthaler.jpg","subheadline":"Genau am Hackeschen Markt"},"_links":{"self":[{"href":"https:\/\/www.ifun.de\/apiv2\/wp\/v2\/posts\/168612","targetHints":{"allow":["GET"]}}],"collection":[{"href":"https:\/\/www.ifun.de\/apiv2\/wp\/v2\/posts"}],"about":[{"href":"https:\/\/www.ifun.de\/apiv2\/wp\/v2\/types\/post"}],"author":[{"embeddable":true,"href":"https:\/\/www.ifun.de\/apiv2\/wp\/v2\/users\/1"}],"replies":[{"embeddable":true,"href":"https:\/\/www.ifun.de\/apiv2\/wp\/v2\/comments?post=168612"}],"version-history":[{"count":5,"href":"https:\/\/www.ifun.de\/apiv2\/wp\/v2\/posts\/168612\/revisions"}],"predecessor-version":[{"id":169182,"href":"https:\/\/www.ifun.de\/apiv2\/wp\/v2\/posts\/168612\/revisions\/169182"}],"wp:featuredmedia":[{"embeddable":true,"href":"https:\/\/www.ifun.de\/apiv2\/wp\/v2\/media\/168617"}],"wp:attachment":[{"href":"https:\/\/www.ifun.de\/apiv2\/wp\/v2\/media?parent=168612"}],"wp:term":[{"taxonomy":"category","embeddable":true,"href":"https:\/\/www.ifun.de\/apiv2\/wp\/v2\/categories?post=168612"},{"taxonomy":"post_tag","embeddable":true,"href":"https:\/\/www.ifun.de\/apiv2\/wp\/v2\/tags?post=168612"}],"curies":[{"name":"wp","href":"https:\/\/api.w.org\/{rel}","templated":true}]}}