{"id":168458,"date":"2021-04-01T11:08:10","date_gmt":"2021-04-01T09:08:10","guid":{"rendered":"https:\/\/www.ifun.de\/?p=168458"},"modified":"2021-04-01T11:08:10","modified_gmt":"2021-04-01T09:08:10","slug":"adobe-indesign-als-beta-fuer-apple-prozessoren-verfuegbar","status":"publish","type":"post","link":"https:\/\/www.ifun.de\/adobe-indesign-als-beta-fuer-apple-prozessoren-verfuegbar-168458\/","title":{"rendered":"Adobe Indesign als Beta f\u00fcr Apple-Prozessoren verf\u00fcgbar"},"content":{"rendered":"<p>Adobe bietet jetzt eine f\u00fcr Apple-Prozessoren optimierte <a href=\"https:\/\/indesign.uservoice.com\/forums\/934389-indesign-beta-apple-silicon-support\">Beta-Version von InDesign<\/a> an. Das Layout-Programm l\u00e4uft damit nativ auf Apples neuen Macs mit M1-Prozessoren, allerdings m\u00fcssen Nutzer zum aktuellen Stand noch eine Reihe von Funktionseinschr\u00e4nkungen hinnehmen. Insbesondere mit Blick auf die teilweise noch vorhandenen Fehler beim PDF-Export w\u00fcrden wir von einem Einsatz im produktiven Umfeld bis auf weiteres abraten.<\/p>\n<p><a href=\"https:\/\/images.ifun.de\/wp-content\/uploads\/2021\/04\/adobe-indesign-m1-beta.jpg\"><img loading=\"lazy\" decoding=\"async\" src=\"https:\/\/images.ifun.de\/wp-content\/uploads\/2021\/04\/adobe-indesign-m1-beta-500x282.jpg\" alt=\"Adobe Indesign M1 Beta\" width=\"500\" height=\"282\" class=\"alignnone size-medium wp-image-168460\" srcset=\"https:\/\/images.ifun.de\/wp-content\/uploads\/2021\/04\/adobe-indesign-m1-beta-500x282.jpg 500w, https:\/\/images.ifun.de\/wp-content\/uploads\/2021\/04\/adobe-indesign-m1-beta-700x395.jpg 700w, https:\/\/images.ifun.de\/wp-content\/uploads\/2021\/04\/adobe-indesign-m1-beta-768x433.jpg 768w, https:\/\/images.ifun.de\/wp-content\/uploads\/2021\/04\/adobe-indesign-m1-beta.jpg 1400w\" sizes=\"auto, (max-width: 500px) 100vw, 500px\" \/><\/a><\/p>\n<p>Adobe hat s\u00e4mtliche mit der Beta-Version verbundenen bekannten Probleme <a href=\"https:\/\/community.adobe.com\/t5\/indesign\/indesign-beta-for-apple-silicon-inviting-users-to-test-and-share-feedback\/m-p\/11925459\/thread-id\/420337?profile.language=de\">hier gelistet<\/a>. Die Installationsdatei kann von Kunden mit einem entsprechenden Creative-Cloud-Abo \u00fcber die zugeh\u00f6rige Creative-Cloud-App geladen werden. Der Link findet sich dort im Men\u00fcbereich \u201eBeta-Anwendungen\u201c.<\/p>\n<p>Bereits <a href=\"https:\/\/www.ifun.de\/adobe-photoshop-fuer-apple-prozessoren-optimiert-167492\/\" title=\"Adobe Photoshop f\u00fcr Apple-Prozessoren optimiert\">seit Mitte M\u00e4rz<\/a> bietet Adobe sein Bildbearbeitungsprogramm Photoshop f\u00fcr Apple-Prozessoren optimiert an. Die Bildverwaltung Lightroom ist bereits seit Ende vergangenen Jahres f\u00fcr Apple-Prozessoren optimiert. Adobe Illustrator l\u00e4sst dagegen weiter auf entsprechende Nachrichten warten.<\/p>\n","protected":false},"excerpt":{"rendered":"<a href=\"https:\/\/www.ifun.de\/adobe-indesign-als-beta-fuer-apple-prozessoren-verfuegbar-168458\/\"><img width=\"150\" height=\"150\" src=\"https:\/\/images.ifun.de\/wp-content\/uploads\/2021\/04\/adobe-indesign-150x150.jpg\" class=\"alignright tfe wp-post-image\" alt=\"Adobe Indesign\" decoding=\"async\" loading=\"lazy\" \/><\/a><p>Adobe bietet jetzt eine f\u00fcr Apple-Prozessoren optimierte Beta-Version von InDesign an. Das Layout-Programm l\u00e4uft damit nativ auf Apples neuen Macs mit M1-Prozessoren, allerdings m\u00fcssen Nutzer zum aktuellen Stand noch eine Reihe von Funktionseinschr\u00e4nkungen hinnehmen. Insbesondere mit Blick auf die teilweise noch vorhandenen Fehler beim PDF-Export w\u00fcrden wir von einem Einsatz im produktiven Umfeld bis auf [&hellip;]<\/p>\n","protected":false},"author":2,"featured_media":168462,"comment_status":"open","ping_status":"closed","sticky":false,"template":"","format":"standard","meta":{"_acf_changed":false,"footnotes":""},"categories":[16],"tags":[265,5158,182,2393],"class_list":["post-168458","post","type-post","status-publish","format-standard","has-post-thumbnail","hentry","category-mac","tag-adobe","tag-apple-prozessor","tag-beta","tag-creative-cloud"],"acf":[],"aioseo_notices":[],"subheadline":["Noch mit Funktionseinschr\u00e4nkungen"],"featured_image":["https:\/\/images.ifun.de\/wp-content\/uploads\/2021\/04\/adobe-indesign.jpg"],"rest_api_enabler":{"subheadline":"Noch mit Funktionseinschr\u00e4nkungen","featured_image":"https:\/\/images.ifun.de\/wp-content\/uploads\/2021\/04\/adobe-indesign.jpg"},"_links":{"self":[{"href":"https:\/\/www.ifun.de\/apiv2\/wp\/v2\/posts\/168458","targetHints":{"allow":["GET"]}}],"collection":[{"href":"https:\/\/www.ifun.de\/apiv2\/wp\/v2\/posts"}],"about":[{"href":"https:\/\/www.ifun.de\/apiv2\/wp\/v2\/types\/post"}],"author":[{"embeddable":true,"href":"https:\/\/www.ifun.de\/apiv2\/wp\/v2\/users\/2"}],"replies":[{"embeddable":true,"href":"https:\/\/www.ifun.de\/apiv2\/wp\/v2\/comments?post=168458"}],"version-history":[{"count":2,"href":"https:\/\/www.ifun.de\/apiv2\/wp\/v2\/posts\/168458\/revisions"}],"predecessor-version":[{"id":168461,"href":"https:\/\/www.ifun.de\/apiv2\/wp\/v2\/posts\/168458\/revisions\/168461"}],"wp:featuredmedia":[{"embeddable":true,"href":"https:\/\/www.ifun.de\/apiv2\/wp\/v2\/media\/168462"}],"wp:attachment":[{"href":"https:\/\/www.ifun.de\/apiv2\/wp\/v2\/media?parent=168458"}],"wp:term":[{"taxonomy":"category","embeddable":true,"href":"https:\/\/www.ifun.de\/apiv2\/wp\/v2\/categories?post=168458"},{"taxonomy":"post_tag","embeddable":true,"href":"https:\/\/www.ifun.de\/apiv2\/wp\/v2\/tags?post=168458"}],"curies":[{"name":"wp","href":"https:\/\/api.w.org\/{rel}","templated":true}]}}