{"id":168343,"date":"2021-03-30T14:36:05","date_gmt":"2021-03-30T12:36:05","guid":{"rendered":"https:\/\/www.ifun.de\/?p=168343"},"modified":"2021-03-30T18:12:40","modified_gmt":"2021-03-30T16:12:40","slug":"jobs-ausspruch-one-more-thing-keine-schutzansprueche-fuer-apple","status":"publish","type":"post","link":"https:\/\/www.ifun.de\/jobs-ausspruch-one-more-thing-keine-schutzansprueche-fuer-apple-168343\/","title":{"rendered":"Jobs-Ausspruch &#8222;One More Thing&#8220;: Keine Schutzanspr\u00fcche f\u00fcr Apple"},"content":{"rendered":"<p>In den Jahren, in denen der Apple-Gr\u00fcnder und mehrfache Unternehmenschef Steve Jobs die Medien-Veranstaltungen des Konzerns noch als perfektionistisch ausgearbeitete Ein-Mann-Show umsetzte, geh\u00f6rte der Hinweis zum Ende der Veranstaltung zu den erwarteten \u00dcberraschungsmomenten.<\/p>\n<p><a href=\"https:\/\/images.ifun.de\/wp-content\/uploads\/2020\/11\/one-more-thing.jpg\"><img loading=\"lazy\" decoding=\"async\" src=\"https:\/\/images.ifun.de\/wp-content\/uploads\/2020\/11\/one-more-thing-500x364.jpg\" alt=\"One More Thing\" width=\"500\" height=\"364\" class=\"aligncenter size-medium wp-image-161795\" srcset=\"https:\/\/images.ifun.de\/wp-content\/uploads\/2020\/11\/one-more-thing-500x364.jpg 500w, https:\/\/images.ifun.de\/wp-content\/uploads\/2020\/11\/one-more-thing-700x510.jpg 700w, https:\/\/images.ifun.de\/wp-content\/uploads\/2020\/11\/one-more-thing-768x559.jpg 768w, https:\/\/images.ifun.de\/wp-content\/uploads\/2020\/11\/one-more-thing.jpg 1400w\" sizes=\"auto, (max-width: 500px) 100vw, 500px\" \/><\/a><\/p>\n<p>Wenn sich die ersten Zuschauer unsicher fragten, ob die Pr\u00e4sentation schon an ihrem Ende angelangt sei, oder ob vielleicht doch noch mit einer \u00dcberraschung gerechnet werden k\u00f6nne, k\u00fcndigte Jobs ein &#8222;One More Thing&#8220; an und macht den kurzen Ausspruch damit zur Catchphrase seiner Keynote-Auftritte.<\/p>\n<p>Dieser Meinung sind nicht nur hartgesottene Apple-Fans, auch der Konzern selbst sieht den Hinweis auf die eine, noch ausstehende Ank\u00fcndigung als so eng mit Jobs verbunden, dass man gerichtlich gegen den Uhren-Fabrikanten Swatch vorging, um dessen Nutzung des Drei-Wort-Satzes unterbinden zu lassen. Ein Versuch, der in Gro\u00dfbritannien <a href=\"https:\/\/www.bloomberg.com\/news\/articles\/2021-03-29\/apple-loses-bid-to-stop-swatch-using-jobs-s-one-more-thing-cue\">nun gescheitert ist<\/a>.<\/p>\n<h2>Swatch \u00e4rgert Apple schon l\u00e4nger<\/h2>\n<p>Hier stellte ein Richter im laufenden Verfahren bereits am Montag fest, dass es Swatch mit dem eingereichten Markenantrag zwar darauf abgesehen haben k\u00f6nnte Apple zu \u00e4rgern, dies sei jedoch kein Grund dem Unternehmen zu verwehren den Ausspruch im Marketing f\u00fcr die eigenen Uhren zu nutzen.<\/p>\n<p>Beide Konzerne behacken sich schon seit l\u00e4ngerer Zeit was die Nutzung von Wortmarken und Trademarks angeht. 2015 versuchte Swatch zu verhindern, dass Apple seine Computeruhr <a href=\"https:\/\/www.ifun.de\/iwatch-swatch-sieht-verwechslungsgefahr-und-klagt-gegen-apple-59357\/\">&#8222;iWatch&#8220; nennen k\u00f6nnte<\/a>. 2017 stritten beide Unternehmen dann <a href=\"https:\/\/www.iphone-ticker.de\/tick-different-apple-zieht-gegen-swatch-slogan-vor-gericht-110471\/\">um den Slogan &#8222;Tick different&#8220;<\/a>.<\/p>\n<ul>\n<li><b>iWatch:<\/b> <a title=\"iWatch: Swatch sieht Verwechslungsgefahr und klagt gegen Apple\" href=\"https:\/\/www.ifun.de\/iwatch-swatch-sieht-verwechslungsgefahr-und-klagt-gegen-apple-59357\/\">Swatch sieht Verwechslungsgefahr und klagt gegen Apple<\/a><\/li>\n<li><b>\u201eTick different\u201c:<\/b> <a title=\"\u201eTick different\u201c: Apple zieht gegen Swatch-Slogan vor Gericht\" href=\"https:\/\/www.iphone-ticker.de\/tick-different-apple-zieht-gegen-swatch-slogan-vor-gericht-110471\/\">Apple zieht gegen Swatch-Slogan vor Gericht<\/a><\/li>\n<\/ul>\n<p>Der Schweizer Uhrenhersteller hatte den Slogan, der Apple-Beobachter umgehend an die bekannte \u201eThink different\u201c-Werbekampagne des Mac-Herstellers erinnerte, genutzt um die NFC-Bezahlfunktion seiner Armbanduhren zu bewerben und d\u00fcrfte bereits damals gehofft haben, durch die von der Markenanmeldung provozierten Auseinandersetzungen mit Apple ein Mehr an medialer Aufmerksamkeit f\u00fcr sich verbuchen zu k\u00f6nnen. Gleiches gilt f\u00fcr die jetzt erfolgreich beantragte Nutzung des &#8222;One More Thing&#8220;-Ausspruchs.<\/p>\n<p><img loading=\"lazy\" decoding=\"async\" src=\"https:\/\/vg02.met.vgwort.de\/na\/2f9ed2bd15504b2087dab3e383ffd6b3\" width=\"1\" height=\"1\" no-lazy class=\"tracking\"><\/p>\n","protected":false},"excerpt":{"rendered":"<a href=\"https:\/\/www.ifun.de\/jobs-ausspruch-one-more-thing-keine-schutzansprueche-fuer-apple-168343\/\"><img width=\"150\" height=\"150\" src=\"https:\/\/images.ifun.de\/wp-content\/uploads\/2021\/03\/tick-different-header-150x150.jpg\" class=\"alignright tfe wp-post-image\" alt=\"Tick Different Header\" decoding=\"async\" loading=\"lazy\" \/><\/a><p>In den Jahren, in denen der Apple-Gr\u00fcnder und mehrfache Unternehmenschef Steve Jobs die Medien-Veranstaltungen des Konzerns noch als perfektionistisch ausgearbeitete Ein-Mann-Show umsetzte, geh\u00f6rte der Hinweis zum Ende der Veranstaltung zu den erwarteten \u00dcberraschungsmomenten. Wenn sich die ersten Zuschauer unsicher fragten, ob die Pr\u00e4sentation schon an ihrem Ende angelangt sei, oder ob vielleicht doch noch mit [&hellip;]<\/p>\n","protected":false},"author":1,"featured_media":168344,"comment_status":"open","ping_status":"closed","sticky":false,"template":"","format":"standard","meta":{"_acf_changed":false,"footnotes":""},"categories":[3],"tags":[4736,553,67,2318],"class_list":["post-168343","post","type-post","status-publish","format-standard","has-post-thumbnail","hentry","category-apple","tag-apple","tag-recht","tag-steve-jobs","tag-swatch"],"acf":[],"aioseo_notices":[],"subheadline":["Swatch \u00e4rgert Apple schon l\u00e4nger"],"featured_image":["https:\/\/images.ifun.de\/wp-content\/uploads\/2021\/03\/tick-different-header.jpg"],"rest_api_enabler":{"subheadline":"Swatch \u00e4rgert Apple schon l\u00e4nger","featured_image":"https:\/\/images.ifun.de\/wp-content\/uploads\/2021\/03\/tick-different-header.jpg"},"_links":{"self":[{"href":"https:\/\/www.ifun.de\/apiv2\/wp\/v2\/posts\/168343","targetHints":{"allow":["GET"]}}],"collection":[{"href":"https:\/\/www.ifun.de\/apiv2\/wp\/v2\/posts"}],"about":[{"href":"https:\/\/www.ifun.de\/apiv2\/wp\/v2\/types\/post"}],"author":[{"embeddable":true,"href":"https:\/\/www.ifun.de\/apiv2\/wp\/v2\/users\/1"}],"replies":[{"embeddable":true,"href":"https:\/\/www.ifun.de\/apiv2\/wp\/v2\/comments?post=168343"}],"version-history":[{"count":3,"href":"https:\/\/www.ifun.de\/apiv2\/wp\/v2\/posts\/168343\/revisions"}],"predecessor-version":[{"id":168371,"href":"https:\/\/www.ifun.de\/apiv2\/wp\/v2\/posts\/168343\/revisions\/168371"}],"wp:featuredmedia":[{"embeddable":true,"href":"https:\/\/www.ifun.de\/apiv2\/wp\/v2\/media\/168344"}],"wp:attachment":[{"href":"https:\/\/www.ifun.de\/apiv2\/wp\/v2\/media?parent=168343"}],"wp:term":[{"taxonomy":"category","embeddable":true,"href":"https:\/\/www.ifun.de\/apiv2\/wp\/v2\/categories?post=168343"},{"taxonomy":"post_tag","embeddable":true,"href":"https:\/\/www.ifun.de\/apiv2\/wp\/v2\/tags?post=168343"}],"curies":[{"name":"wp","href":"https:\/\/api.w.org\/{rel}","templated":true}]}}