{"id":168261,"date":"2021-03-29T11:28:00","date_gmt":"2021-03-29T09:28:00","guid":{"rendered":"https:\/\/www.ifun.de\/?p=168261"},"modified":"2021-04-01T16:10:06","modified_gmt":"2021-04-01T14:10:06","slug":"neue-ipad-accessoires-von-ugreen-klappstaender-und-dual-usb-a-dock","status":"publish","type":"post","link":"https:\/\/www.ifun.de\/neue-ipad-accessoires-von-ugreen-klappstaender-und-dual-usb-a-dock-168261\/","title":{"rendered":"Neue iPad-Accessoires von Ugreen: Klappst\u00e4nder und Dual USB-A-Dock"},"content":{"rendered":"<p>Der Zubeh\u00f6ranbieter Ugreen hat <a rel=\"noindex, nofollow\" href=\"https:\/\/www.amazon.de\/s?k=B08M9X4B5C%7CB08LN9GV2G&#038;__mk_de_DE=%C3%85M%C3%85%C5%BD%C3%95%C3%91&#038;linkCode=ll2&#038;tag=musicweb02&#038;linkId=25ccc911323a3d1adb8c3788ed239791&#038;language=de_DE&#038;ref_=as_li_ss_tl\">zwei neue Alltags-Accessoires<\/a> f\u00fcr iPad-Nutzer im Programm, die beide f\u00fcr unter 20 Euro angeboten und im Rahmen ihrer Markteinf\u00fchrung von einem Rabatt-Gutschein in H\u00f6he von 5 Prozent flankiert werden.<\/p>\n<p><a href=\"https:\/\/images.ifun.de\/wp-content\/uploads\/2021\/03\/usb-a-dock-small.jpg\"><img loading=\"lazy\" decoding=\"async\" src=\"https:\/\/images.ifun.de\/wp-content\/uploads\/2021\/03\/usb-a-dock-small-500x367.jpg\" alt=\"Usb A Dock Small\" width=\"500\" height=\"367\" class=\"aligncenter size-medium wp-image-168262\" srcset=\"https:\/\/images.ifun.de\/wp-content\/uploads\/2021\/03\/usb-a-dock-small-500x367.jpg 500w, https:\/\/images.ifun.de\/wp-content\/uploads\/2021\/03\/usb-a-dock-small-700x513.jpg 700w, https:\/\/images.ifun.de\/wp-content\/uploads\/2021\/03\/usb-a-dock-small-768x563.jpg 768w, https:\/\/images.ifun.de\/wp-content\/uploads\/2021\/03\/usb-a-dock-small.jpg 964w\" sizes=\"auto, (max-width: 500px) 100vw, 500px\" \/><\/a><\/p>\n<h2>Dual USB-A-Dock<\/h2>\n<p>Zum einen bietet Ugreen mit <a rel=\"noindex, nofollow\" href=\"http:\/\/www.ifun.de\/amzn\/B08M9X4B5C\">diesem Dual-USB-Adapter<\/a> jetzt einen Adapter-Aufsatz f\u00fcr Nutzer des iPad Pro an, die die am Ger\u00e4t vorhandene USB-C-Buchse in zwei konventionelle USB-Steckpl\u00e4tze verwandeln wollen. Etwa um hier Tastatur und USB-Stick anschlie\u00dfen zu k\u00f6nnen, ohne dabei gleich einen der teuren Multiport-Adapter mit zus\u00e4tzlichem Kabel mitf\u00fchren zu m\u00fcssen.<\/p>\n<p>Ausgezeichnet als kompatibel mit dem iPad Pro 2020 und im iPad Pro 2018 misst der kleine Aluminium-Stecker 5 cm \u00d7 2 cm \u00d7 0,8 cm und bietet zwei USB-3.0-Buchsen mit einer maximalen Daten\u00fcbertragungs-Geschwindigkeit von 5Gbps an. <\/p>\n<script>\r\n  function open_amazon(link) {\r\n    if (navigator.userAgent.indexOf(\"Firefox\") != -1) {\r\n      window.open(link, '_blank');\r\n    } else {\r\n      var tag = document.createElement('a');\r\n      tag.setAttribute('href', link);\r\n      tag.innerHTML = \"amzn\";\r\n      tag.click();\r\n    }\r\n  }\r\n<\/script>\r\n    <div id=\"article-single-amazon-preview\" onclick=\"return open_amazon('https:\/\/www.amazon.de\/dp\/B08M9X4B5C?tag=musicweb02&linkCode=ogi&th=1&psc=1');\">\n  <div id=\"article-single-amazon-preview-header\">\n    <span class=\"title\">Produkthinweis<\/span>\n      <\/div>\n  <div id=\"article-single-amazon-preview-content\">\n    <div id=\"article-single-amazon-preview-img\" style=\"background: url('https:\/\/m.media-amazon.com\/images\/I\/21unc6H5Q-L.jpg') center center no-repeat; background-size: cover;\"><\/div>\n    <div id=\"article-single-amazon-preview-desc\">\n      <span class=\"bezeichnung\"><a href=\"https:\/\/www.amazon.de\/dp\/B08M9X4B5C?tag=musicweb02&linkCode=ogi&th=1&psc=1\" style=\"text-decoration: none; border-bottom: 0px; box-shadow: none;\">UGREEN USB C Adapter OTG Adapter Typ C mit 2 USB 3.0 Mini Hub kompatibel mit iPad Pro 2021, iPad Air 4, MacBook Pro\/Air...<\/a><\/span>\n      <span class=\"preis--aktuell\"><\/span>\n      <span class=\"preis--alt\"><\/span>\n    <\/div>\n  <\/div>\n<\/div>\n<h2>H\u00f6henverstellbare Klappst\u00e4nder<\/h2>\n<p>Ebenfalls neu im Ugreen-Lineup ist der <a rel=\"noindex, nofollow\" href=\"http:\/\/www.ifun.de\/amzn\/B08LN9GV2G\">h\u00f6henverstellbare iPad-Klappst\u00e4nder<\/a> dessen Scharnier ein Aufklappen von bis zu 100\u00b0 erm\u00f6glicht. Versehen mit einer Aussparung f\u00fcr das Ladekabel, l\u00e4sst sich das iPad hier auch im Hochformat so aufstellen, dass dieses gleichzeitig genutzt und geladen werden kann. Das integrierte Schiebe-System erm\u00f6glicht daf\u00fcr eine zus\u00e4tzliche H\u00f6henverstellung von knapp 4 Zentimetern. <\/p>\n<p><a href=\"https:\/\/images.ifun.de\/wp-content\/uploads\/2021\/03\/klappstaender.jpg\"><img loading=\"lazy\" decoding=\"async\" src=\"https:\/\/images.ifun.de\/wp-content\/uploads\/2021\/03\/klappstaender-700x577.jpg\" alt=\"Klappstaender\" width=\"700\" height=\"577\" class=\"aligncenter size-large wp-image-168264\" srcset=\"https:\/\/images.ifun.de\/wp-content\/uploads\/2021\/03\/klappstaender-700x577.jpg 700w, https:\/\/images.ifun.de\/wp-content\/uploads\/2021\/03\/klappstaender-500x412.jpg 500w, https:\/\/images.ifun.de\/wp-content\/uploads\/2021\/03\/klappstaender-768x633.jpg 768w, https:\/\/images.ifun.de\/wp-content\/uploads\/2021\/03\/klappstaender.jpg 1138w\" sizes=\"auto, (max-width: 700px) 100vw, 700px\" \/><\/a><\/p>\n<p>Der St\u00e4nder selbst, der prinzipiell an die optisch \u00e4hnlichen <a rel=\"noindex, nofollow\" href=\"http:\/\/www.ifun.de\/amzn\/B01MG8M51T\">No-Name-St\u00e4nder<\/a> erinnert, ist mit gummierten Auflagefl\u00e4chen versehen, die eingestellte iPads vor Kratzern sch\u00fctzen sollen und eignet sich nach Angaben des Herstellers auch f\u00fcr die gro\u00dfen iPad Pro-Modelle mit einer Bildschirmdiagonale von bis zu 12,9 Zoll. <\/p>\n<p>220 Gramm schwer, l\u00e4sst sich das 16-Euro-Accessoire zum Transport zusammenklappen und besitzt eine Sicherungstaste auf der R\u00fcckseite, die ein versehentliches Einklappen des aufgestellten St\u00e4nders verhindern soll. <\/p>\n<p >Keine Produkte gefunden.<\/p>\n<p><img loading=\"lazy\" decoding=\"async\" src=\"https:\/\/vg02.met.vgwort.de\/na\/5e3b1dfcdbe64fa4a7d62fa42bb27eff\" width=\"1\" height=\"1\" no-lazy class=\"tracking\"><\/p>\n","protected":false},"excerpt":{"rendered":"<a href=\"https:\/\/www.ifun.de\/neue-ipad-accessoires-von-ugreen-klappstaender-und-dual-usb-a-dock-168261\/\"><img width=\"150\" height=\"150\" src=\"https:\/\/images.ifun.de\/wp-content\/uploads\/2021\/03\/klappstaender-150x150.jpg\" class=\"alignright tfe wp-post-image\" alt=\"Klappstaender\" decoding=\"async\" loading=\"lazy\" \/><\/a><p>Der Zubeh\u00f6ranbieter Ugreen hat zwei neue Alltags-Accessoires f\u00fcr iPad-Nutzer im Programm, die beide f\u00fcr unter 20 Euro angeboten und im Rahmen ihrer Markteinf\u00fchrung von einem Rabatt-Gutschein in H\u00f6he von 5 Prozent flankiert werden. Dual USB-A-Dock Zum einen bietet Ugreen mit diesem Dual-USB-Adapter jetzt einen Adapter-Aufsatz f\u00fcr Nutzer des iPad Pro an, die die am Ger\u00e4t [&hellip;]<\/p>\n","protected":false},"author":1,"featured_media":168264,"comment_status":"open","ping_status":"closed","sticky":false,"template":"","format":"standard","meta":{"_acf_changed":false,"footnotes":""},"categories":[22,1783],"tags":[4740,2486,249,4476,5183,6325],"class_list":["post-168261","post","type-post","status-publish","format-standard","has-post-thumbnail","hentry","category-zubehor","category-feature","tag-ipad","tag-ipad-pro","tag-stander","tag-ugreen","tag-usb-c-dock","tag-zubehor"],"acf":[],"aioseo_notices":[],"featured_image":["https:\/\/images.ifun.de\/wp-content\/uploads\/2021\/03\/usb-a-dock-ipad-pro-feature.jpg"],"subheadline":["Jeweils unter 16 Euro"],"rest_api_enabler":{"featured_image":"https:\/\/images.ifun.de\/wp-content\/uploads\/2021\/03\/usb-a-dock-ipad-pro-feature.jpg","subheadline":"Jeweils unter 16 Euro"},"_links":{"self":[{"href":"https:\/\/www.ifun.de\/apiv2\/wp\/v2\/posts\/168261","targetHints":{"allow":["GET"]}}],"collection":[{"href":"https:\/\/www.ifun.de\/apiv2\/wp\/v2\/posts"}],"about":[{"href":"https:\/\/www.ifun.de\/apiv2\/wp\/v2\/types\/post"}],"author":[{"embeddable":true,"href":"https:\/\/www.ifun.de\/apiv2\/wp\/v2\/users\/1"}],"replies":[{"embeddable":true,"href":"https:\/\/www.ifun.de\/apiv2\/wp\/v2\/comments?post=168261"}],"version-history":[{"count":2,"href":"https:\/\/www.ifun.de\/apiv2\/wp\/v2\/posts\/168261\/revisions"}],"predecessor-version":[{"id":168266,"href":"https:\/\/www.ifun.de\/apiv2\/wp\/v2\/posts\/168261\/revisions\/168266"}],"wp:featuredmedia":[{"embeddable":true,"href":"https:\/\/www.ifun.de\/apiv2\/wp\/v2\/media\/168264"}],"wp:attachment":[{"href":"https:\/\/www.ifun.de\/apiv2\/wp\/v2\/media?parent=168261"}],"wp:term":[{"taxonomy":"category","embeddable":true,"href":"https:\/\/www.ifun.de\/apiv2\/wp\/v2\/categories?post=168261"},{"taxonomy":"post_tag","embeddable":true,"href":"https:\/\/www.ifun.de\/apiv2\/wp\/v2\/tags?post=168261"}],"curies":[{"name":"wp","href":"https:\/\/api.w.org\/{rel}","templated":true}]}}