{"id":168169,"date":"2021-03-26T06:49:46","date_gmt":"2021-03-26T05:49:46","guid":{"rendered":"https:\/\/www.ifun.de\/?p=168169"},"modified":"2021-03-26T06:49:46","modified_gmt":"2021-03-26T05:49:46","slug":"homepod-mini-apples-standardlautsprecher-jetzt-problemlos-lieferbar","status":"publish","type":"post","link":"https:\/\/www.ifun.de\/homepod-mini-apples-standardlautsprecher-jetzt-problemlos-lieferbar-168169\/","title":{"rendered":"HomePod mini: Apples Standardlautsprecher jetzt problemlos lieferbar"},"content":{"rendered":"<p>Der initiale Lieferengpass des <a href=\"https:\/\/www.apple.com\/de\/shop\/buy-homepod\/homepod-mini?afid=p239%7C1268988&amp;cid=aos-de-aff-ir\" title=\"HomePod mini\">HomePod mini<\/a> scheint endg\u00fcltig \u00fcberwunden. Apple bietet den Siri-Lautsprecher im hauseigenen Onlineshop jetzt ohne Wartezeit zur sofortigen Lieferung an. Wer etwas mehr Zeit hat und ein wenig sparen will, bezahlt <a href=\"https:\/\/www.telekom.de\/unterwegs\/zubehoer-und-mehr\/apple\/apple-homepod-mini\">bei der Telekom<\/a> nur 95 Euro statt 99 Euro. Auch hier ist der HomePod mini ab Lager verf\u00fcgbar und wird dem Anbieter zufolge innerhalb von ein bis vier Tagen geliefert. <\/p>\n<p>Bei beiden Anbietern l\u00e4sst sich der HomePod mini zudem inzwischen auch in gr\u00f6\u00dferen Mengen bestellen. Anfangs war die Abgabemenge hier teils limitiert.<\/p>\n<p><a href=\"https:\/\/images.ifun.de\/wp-content\/uploads\/2020\/11\/homepod-mini-farben.jpg\"><img loading=\"lazy\" decoding=\"async\" src=\"https:\/\/images.ifun.de\/wp-content\/uploads\/2020\/11\/homepod-mini-farben-700x434.jpg\" alt=\"Homepod Mini Farben\" width=\"700\" height=\"434\" class=\"alignnone size-large wp-image-161962\" srcset=\"https:\/\/images.ifun.de\/wp-content\/uploads\/2020\/11\/homepod-mini-farben-700x434.jpg 700w, https:\/\/images.ifun.de\/wp-content\/uploads\/2020\/11\/homepod-mini-farben-500x310.jpg 500w, https:\/\/images.ifun.de\/wp-content\/uploads\/2020\/11\/homepod-mini-farben-768x476.jpg 768w, https:\/\/images.ifun.de\/wp-content\/uploads\/2020\/11\/homepod-mini-farben.jpg 1400w\" sizes=\"auto, (max-width: 700px) 100vw, 700px\" \/><\/a><\/p>\n<p>Der HomePod mini ist Smartspeaker und HomeKit-Hub zugleich. Wer allerdings geplant hatte, bei Multiroom-Audio in Zukunft ausschlie\u00dflich auf Apple zu setzen, wurde entt\u00e4uscht. Apple hat dem gro\u00dfen HomePod offiziell <a href=\"https:\/\/www.ifun.de\/apple-nimmt-den-grossen-homepod-aus-dem-programm-167560\/\" title=\"Apple nimmt den gro\u00dfen HomePod aus dem Programm\">eine Absage erteilt<\/a>. Das Ger\u00e4t wird nicht weiterentwickelt und die mit dem Produktstopp verbundene Stellungnahme Apples macht zun\u00e4chst auch keine Hoffnung auf ein kommendes vergleichbares Produkt. Hier klafft also bis auf Weiteres eine deutliche L\u00fccke im Apple-Portfolio. Der HomePod mini ist zwar gut f\u00fcr sein Geld, kann jedoch klanglich nicht mit seinem gro\u00dfen Bruder oder den gr\u00f6\u00dferen Multiroom-Lautsprechern anderer Hersteller konkurrieren.<\/p>\n<h2>Kaum Hoffnung auf einen neuen gro\u00dfen HomePod<\/h2>\n<p>Aktuelle Ger\u00fcchte um die Entwicklung neuer Produkte im HomePod-Segment, beispielsweise einer Soundbar oder eines HomePod mit Bildschirm und Kamera, sehen wir skeptisch. Dergleichen h\u00e4tte bis vor zwei Wochen noch deutlich schl\u00fcssiger geklungen, doch Apples Statement, man wolle sich fortan auf den HomePod mini konzentrieren, steht im Widerspruch hierzu.<\/p>\n<p><a href=\"https:\/\/images.ifun.de\/wp-content\/uploads\/2018\/02\/homepod-phil-schiller.jpg\"><img loading=\"lazy\" decoding=\"async\" src=\"https:\/\/images.ifun.de\/wp-content\/uploads\/2018\/02\/homepod-phil-schiller.jpg\" alt=\"Homepod Phil Schiller\" width=\"700\" height=\"249\" class=\"alignnone size-full wp-image-118568\" srcset=\"https:\/\/images.ifun.de\/wp-content\/uploads\/2018\/02\/homepod-phil-schiller.jpg 700w, https:\/\/images.ifun.de\/wp-content\/uploads\/2018\/02\/homepod-phil-schiller-300x107.jpg 300w\" sizes=\"auto, (max-width: 700px) 100vw, 700px\" \/><\/a><\/p>\n<p>Die urspr\u00fcnglichen Erwartungen an den HomePod waren bei Apple jedenfalls hoch. <a href=\"https:\/\/www.ifun.de\/apples-homepod-seit-fuenf-jahren-in-der-entwicklung-115546\/\">Dem Vernehmen nach<\/a> war ein Team von Audiospezialisten im Vorfeld der Ank\u00fcndigung \u00fcber f\u00fcnf Jahre damit befasst, ein Ger\u00e4t zu entwickeln, dass die Produkte der Konkurrenz in den Schatten stellt. Dementsprechend lie\u00df Apple im Rahmen der Ank\u00fcndigung des HomePod auch verlauten, dass man damit Heim-Audio neu erfinden wolle und pr\u00e4sentierte Lautsprecher von Sonos oder Amazon als nicht ausgereift. Den ersten R\u00fcckschlag gab es schon mit Blick auf den Verkaufsstart. <a href=\"https:\/\/www.ifun.de\/apple-homepod-startet-erst-2018-115440\/\">Statt wie eigentlich geplant<\/a> zum Weihnachtsgesch\u00e4ft 2017 kam der HomePod erst im Folgejahr auf den Markt.<img decoding=\"async\" src=\"\"https:\/\/vg08.met.vgwort.de\/na\/89c6e8ee59d24d099e2c311979ee2f07\"\" width=\"\"1\"\" height=\"\"1\"\" no-lazy class=\"tracking\"><\/p>\n","protected":false},"excerpt":{"rendered":"<a href=\"https:\/\/www.ifun.de\/homepod-mini-apples-standardlautsprecher-jetzt-problemlos-lieferbar-168169\/\"><img decoding=\"async\" width=\"150\" src=\"https:\/\/images.ifun.de\/wp-content\/uploads\/2020\/11\/homepod-mini-farben-700x434.jpg\" class=\"alignright wp-post-image tfe\" alt=\"Homepod Mini Farben\" title=\"\" \/><\/a><p>Der initiale Lieferengpass des HomePod mini scheint endg\u00fcltig \u00fcberwunden. Apple bietet den Siri-Lautsprecher im hauseigenen Onlineshop jetzt ohne Wartezeit zur sofortigen Lieferung an. Wer etwas mehr Zeit hat und ein wenig sparen will, bezahlt bei der Telekom nur 95 Euro statt 99 Euro. Auch hier ist der HomePod mini ab Lager verf\u00fcgbar und wird dem [&hellip;]<\/p>\n","protected":false},"author":2,"featured_media":0,"comment_status":"open","ping_status":"closed","sticky":false,"template":"","format":"standard","meta":{"_acf_changed":false,"footnotes":""},"categories":[1],"tags":[4736,3714,5106],"class_list":["post-168169","post","type-post","status-publish","format-standard","hentry","category-news","tag-apple","tag-homepod","tag-homepod-mini"],"acf":[],"aioseo_notices":[],"subheadline":["Wenig Hoffnung auf gro\u00dfen Bruder"],"featured_image":["https:\/\/images.ifun.de\/wp-content\/uploads\/2020\/11\/homepod-mini-weiss.jpg"],"rest_api_enabler":{"subheadline":"Wenig Hoffnung auf gro\u00dfen Bruder","featured_image":"https:\/\/images.ifun.de\/wp-content\/uploads\/2020\/11\/homepod-mini-weiss.jpg"},"_links":{"self":[{"href":"https:\/\/www.ifun.de\/apiv2\/wp\/v2\/posts\/168169","targetHints":{"allow":["GET"]}}],"collection":[{"href":"https:\/\/www.ifun.de\/apiv2\/wp\/v2\/posts"}],"about":[{"href":"https:\/\/www.ifun.de\/apiv2\/wp\/v2\/types\/post"}],"author":[{"embeddable":true,"href":"https:\/\/www.ifun.de\/apiv2\/wp\/v2\/users\/2"}],"replies":[{"embeddable":true,"href":"https:\/\/www.ifun.de\/apiv2\/wp\/v2\/comments?post=168169"}],"version-history":[{"count":7,"href":"https:\/\/www.ifun.de\/apiv2\/wp\/v2\/posts\/168169\/revisions"}],"predecessor-version":[{"id":168176,"href":"https:\/\/www.ifun.de\/apiv2\/wp\/v2\/posts\/168169\/revisions\/168176"}],"wp:attachment":[{"href":"https:\/\/www.ifun.de\/apiv2\/wp\/v2\/media?parent=168169"}],"wp:term":[{"taxonomy":"category","embeddable":true,"href":"https:\/\/www.ifun.de\/apiv2\/wp\/v2\/categories?post=168169"},{"taxonomy":"post_tag","embeddable":true,"href":"https:\/\/www.ifun.de\/apiv2\/wp\/v2\/tags?post=168169"}],"curies":[{"name":"wp","href":"https:\/\/api.w.org\/{rel}","templated":true}]}}