{"id":167739,"date":"2021-03-17T17:52:24","date_gmt":"2021-03-17T16:52:24","guid":{"rendered":"https:\/\/www.ifun.de\/?p=167739"},"modified":"2021-03-19T17:02:30","modified_gmt":"2021-03-19T16:02:30","slug":"geruechte-imac-mit-apple-prozessor-gesichtet-apple-event-und-ipad-pro-erst-im-april","status":"publish","type":"post","link":"https:\/\/www.ifun.de\/geruechte-imac-mit-apple-prozessor-gesichtet-apple-event-und-ipad-pro-erst-im-april-167739\/","title":{"rendered":"Ger\u00fcchte: iMac mit Apple-Prozessor gesichtet, Apple-Event und iPad Pro erst im April"},"content":{"rendered":"<p>Neue iMacs mit Apple-Prozessoren stehen fest auf unserer Erwartungsliste f\u00fcr das aktuelle Jahr. Einen ersten \u201eBeleg\u201c daf\u00fcr scheint nun ein Absturzbericht zu liefern, der mit dem Entwickler-Werkzeug \u201eCrash Reporter\u201c aufgezeichnet wurde und einen bislang nicht bekannten, mit Apples ARM-Prozessor ausgestatteten iMac erw\u00e4hnt.<\/p>\n<p><a href=\"https:\/\/images.ifun.de\/wp-content\/uploads\/2021\/03\/crash-reporter-imac-m1.jpg\"><img loading=\"lazy\" decoding=\"async\" class=\"alignnone size-medium wp-image-167745\" src=\"https:\/\/images.ifun.de\/wp-content\/uploads\/2021\/03\/crash-reporter-imac-m1-500x435.jpg\" alt=\"Crash Reporter Imac M1\" width=\"500\" height=\"435\" srcset=\"https:\/\/images.ifun.de\/wp-content\/uploads\/2021\/03\/crash-reporter-imac-m1-500x435.jpg 500w, https:\/\/images.ifun.de\/wp-content\/uploads\/2021\/03\/crash-reporter-imac-m1-700x609.jpg 700w, https:\/\/images.ifun.de\/wp-content\/uploads\/2021\/03\/crash-reporter-imac-m1-768x668.jpg 768w, https:\/\/images.ifun.de\/wp-content\/uploads\/2021\/03\/crash-reporter-imac-m1.jpg 1000w\" sizes=\"auto, (max-width: 500px) 100vw, 500px\" \/><\/a><\/p>\n<p>\u201eCrash Reporter\u201c ist eine Funktion, mit deren Hilfe Entwickler ihre Apps verbessern k\u00f6nnen. Die Programmierer erhalten dar\u00fcber anonymisierte Absturzberichte zu ihren Apps, in denen auch Informationen zu den damit genutzten Systemen enthalten sind. Der Entwickler des Soundcloud-Clients <a href=\"https:\/\/daft.cloud\">DaftCloud<\/a> hat der Webseite <a href=\"https:\/\/9to5mac.com\/2021\/03\/17\/arm-imac-appears-in-xcode\/\">9to5Mac<\/a> zufolge auf diese Weise einen Absturzbericht erhalten, in dem ein iMac mit Apple-Prozessor Erw\u00e4hnung findet.<\/p>\n<p>Eine valide Erkl\u00e4rung daf\u00fcr w\u00e4re, dass ein Apple-Entwickler die DaftCloud-App bei seiner Arbeit mit einem Vorserienmodell der neuen iMacs verwendet hat. Wobei man nat\u00fcrlich anmerken muss, dass es entsprechend fahrl\u00e4ssig w\u00e4re, wenn der Entwickler die Crash-Reporter-Funktion bei der Nutzung von Drittanbieter-Apps auf einem noch nicht ver\u00f6ffentlichten Mac nicht deaktiviert h\u00e4tte.<\/p>\n<p>Wie auch immer. Der Hinweis best\u00e4rkt eigentlich nur, was allgemein schon als gesetzt gilt. Nachdem Apple im vergangenen Jahr den Startschuss f\u00fcr den Wechsel von Intel auf seine eigenen Prozessoren gegeben hat, wird dieser Wandel in diesem Jahr fortgesetzt. Voraussichtlich in der zweiten Jahresh\u00e4lfte d\u00fcrften wir uns auf neue iMacs und wohl auch leistungsf\u00e4higere Notebooks mit Apple-Prozessoren freuen.<\/p>\n<h2>Prosser sieht Apple-Event jetzt im April<\/h2>\n<p>Neues gibt es auch mit Blick auf die f\u00fcr den 23. M\u00e4rz erwartete Apple-Produktvorstellung zu vermelden. Der Termin n\u00e4chste Woche sei auf den Monat April verschoben, meint Jon Prosser und verspricht, in K\u00fcrze weitere Details zu den damit verbundenen Umst\u00e4nden zu liefern.<\/p>\n<blockquote class=\"twitter-tweet\">\n<p dir=\"ltr\" lang=\"en\">The event is in April. &#x1f926;&#x1f3fc;&#x200d;&#x2642;&#xfe0f;<\/p>\n<p>I\u2019ll explain on FPT.<\/p>\n<p>RIP my eyebrows. &#x1f978;<\/p>\n<p>\u2014 Jon Prosser (@jon_prosser) <a href=\"https:\/\/twitter.com\/jon_prosser\/status\/1372127918588059648?ref_src=twsrc%5Etfw\">March 17, 2021<\/a><\/p><\/blockquote>\n<p><script async src=\"https:\/\/platform.twitter.com\/widgets.js\" charset=\"utf-8\"><\/script><\/p>\n<p>Prosser konnte im vergangenen Jahr \u00fcber mehrere Apple-Produktank\u00fcndigungen hinweg umfassende und treffsichere Voraussagen treffen. In letzter Zeit lag der Blogger aber h\u00e4ufig daneben. Unabh\u00e4ngig davon w\u00fcrden wir zumindest nicht komplett ausschlie\u00dfen, dass uns Apple in diesem Monat doch noch \u00fcberrascht.<\/p>\n<p>Prosser opfert in diesem Zusammenhang jedenfalls seine Augenbrauen, hat der Blogger doch versprochen, diese zu rasieren, sofern Apple am 23. M\u00e4rz nichts vorstellt.<\/p>\n<h2>iPad Pro mit Mini-LED fr\u00fchestens im April<\/h2>\n<p>Auf der Liste potenzieller Apple-Ank\u00fcndigungen stehen neben den AirTags und einem neuen Apple TV auch eine \u00fcberarbeitete Version des iPad Pro. Hierzu <a href=\"https:\/\/www.macrumors.com\/2021\/03\/17\/digitimes-12-9-ipad-pro-mini-led-q2-2021\/\">h\u00f6rt man<\/a> jetzt aus den Kreisen von Apple-Zulieferern, dass die Mini-LED-Komponenten f\u00fcr Version mit 12,9 Zoll Bildschirmgr\u00f6\u00dfe erst im zweiten Quartal, also fr\u00fchestens im April f\u00fcr die Produktion gr\u00f6\u00dferer St\u00fcckzahlen bereitstehen.<img loading=\"lazy\" decoding=\"async\" class=\"tracking\" src=\"https:\/\/vg09.met.vgwort.de\/na\/c79532bd382b4a0989b0e6706f593dab\" width=\"1\" height=\"1\" \/><\/p>\n","protected":false},"excerpt":{"rendered":"<a href=\"https:\/\/www.ifun.de\/geruechte-imac-mit-apple-prozessor-gesichtet-apple-event-und-ipad-pro-erst-im-april-167739\/\"><img width=\"150\" height=\"150\" src=\"https:\/\/images.ifun.de\/wp-content\/uploads\/2021\/03\/crash-reporter-imac-m1-150x150.jpg\" class=\"alignright tfe wp-post-image\" alt=\"Crash Reporter Imac M1\" decoding=\"async\" loading=\"lazy\" \/><\/a><p>Neue iMacs mit Apple-Prozessoren stehen fest auf unserer Erwartungsliste f\u00fcr das aktuelle Jahr. Einen ersten \u201eBeleg\u201c daf\u00fcr scheint nun ein Absturzbericht zu liefern, der mit dem Entwickler-Werkzeug \u201eCrash Reporter\u201c aufgezeichnet wurde und einen bislang nicht bekannten, mit Apples ARM-Prozessor ausgestatteten iMac erw\u00e4hnt. \u201eCrash Reporter\u201c ist eine Funktion, mit deren Hilfe Entwickler ihre Apps verbessern k\u00f6nnen. [&hellip;]<\/p>\n","protected":false},"author":2,"featured_media":167745,"comment_status":"open","ping_status":"closed","sticky":false,"template":"","format":"standard","meta":{"_acf_changed":false,"footnotes":""},"categories":[3],"tags":[3910,6322],"class_list":["post-167739","post","type-post","status-publish","format-standard","has-post-thumbnail","hentry","category-apple","tag-geruechte","tag-rumors"],"acf":[],"aioseo_notices":[],"subheadline":["23. M\u00e4rz aus dem Rennen?"],"featured_image":["https:\/\/images.ifun.de\/wp-content\/uploads\/2016\/10\/apple-logo-header.jpg"],"rest_api_enabler":{"subheadline":"23. M\u00e4rz aus dem Rennen?","featured_image":"https:\/\/images.ifun.de\/wp-content\/uploads\/2016\/10\/apple-logo-header.jpg"},"_links":{"self":[{"href":"https:\/\/www.ifun.de\/apiv2\/wp\/v2\/posts\/167739","targetHints":{"allow":["GET"]}}],"collection":[{"href":"https:\/\/www.ifun.de\/apiv2\/wp\/v2\/posts"}],"about":[{"href":"https:\/\/www.ifun.de\/apiv2\/wp\/v2\/types\/post"}],"author":[{"embeddable":true,"href":"https:\/\/www.ifun.de\/apiv2\/wp\/v2\/users\/2"}],"replies":[{"embeddable":true,"href":"https:\/\/www.ifun.de\/apiv2\/wp\/v2\/comments?post=167739"}],"version-history":[{"count":8,"href":"https:\/\/www.ifun.de\/apiv2\/wp\/v2\/posts\/167739\/revisions"}],"predecessor-version":[{"id":167896,"href":"https:\/\/www.ifun.de\/apiv2\/wp\/v2\/posts\/167739\/revisions\/167896"}],"wp:featuredmedia":[{"embeddable":true,"href":"https:\/\/www.ifun.de\/apiv2\/wp\/v2\/media\/167745"}],"wp:attachment":[{"href":"https:\/\/www.ifun.de\/apiv2\/wp\/v2\/media?parent=167739"}],"wp:term":[{"taxonomy":"category","embeddable":true,"href":"https:\/\/www.ifun.de\/apiv2\/wp\/v2\/categories?post=167739"},{"taxonomy":"post_tag","embeddable":true,"href":"https:\/\/www.ifun.de\/apiv2\/wp\/v2\/tags?post=167739"}],"curies":[{"name":"wp","href":"https:\/\/api.w.org\/{rel}","templated":true}]}}