{"id":167310,"date":"2021-03-09T08:50:16","date_gmt":"2021-03-09T07:50:16","guid":{"rendered":"https:\/\/www.ifun.de\/?p=167310"},"modified":"2021-03-09T08:50:52","modified_gmt":"2021-03-09T07:50:52","slug":"airpods-pro-bei-saturn-und-mediamarkt-aktuell-fuer-199-euro","status":"publish","type":"post","link":"https:\/\/www.ifun.de\/airpods-pro-bei-saturn-und-mediamarkt-aktuell-fuer-199-euro-167310\/","title":{"rendered":"AirPods Pro: Bei Saturn und MediaMarkt aktuell f\u00fcr 199 Euro"},"content":{"rendered":"<p>Apples In-Ear-Ohrh\u00f6rer, die im Oktober 2019 in den Markt eingef\u00fchrten AirPods Pro kosten <a href=\"https:\/\/www.apple.com\/de\/shop\/product\/MWP22ZM\/A\/airpods-pro\">offiziell noch immer<\/a> 279 Euro &#8211; zumindest wenn diese direkt bei Apple bestellt werden.<\/p>\n<p><a href=\"https:\/\/images.ifun.de\/wp-content\/uploads\/2021\/03\/airdpos-pro-mediamarkt.jpg\"><img loading=\"lazy\" decoding=\"async\" class=\"aligncenter size-medium wp-image-167311\" src=\"https:\/\/images.ifun.de\/wp-content\/uploads\/2021\/03\/airdpos-pro-mediamarkt-500x452.jpg\" alt=\"Airdpos Pro Mediamarkt\" width=\"500\" height=\"452\" srcset=\"https:\/\/images.ifun.de\/wp-content\/uploads\/2021\/03\/airdpos-pro-mediamarkt-500x452.jpg 500w, https:\/\/images.ifun.de\/wp-content\/uploads\/2021\/03\/airdpos-pro-mediamarkt-700x633.jpg 700w, https:\/\/images.ifun.de\/wp-content\/uploads\/2021\/03\/airdpos-pro-mediamarkt-768x694.jpg 768w, https:\/\/images.ifun.de\/wp-content\/uploads\/2021\/03\/airdpos-pro-mediamarkt.jpg 1144w\" sizes=\"auto, (max-width: 500px) 100vw, 500px\" \/><\/a><\/p>\n<p>Bei Amazon hatte sich zuletzt ein durchschnittlicher Preis von eta 210 Euro eingestellt &#8211; allerdings sind die ger\u00e4uschunterdr\u00fcckenden Ohrh\u00f6rer hier immer wieder vergriffen. So auch jetzt.<\/p>\n<p>Entsprechend attraktiv ist das Angebot, das die beiden Elektronik-H\u00e4ndler MediaMarkt und Saturn ihren Kunden unterbreiten. Beide Ketten bieten die AirPods Pro <a href=\"https:\/\/pvn.mediamarkt.de\/trck\/eclick\/fc83c8529e5e66bc86c17ac01fd2a517\">aktuell f\u00fcr 199 Euro<\/a> und damit satte 28 Prozent unter Apples offiziellem Verkaufspreis an.<\/p>\n<ul>\n<li><b><a href=\"https:\/\/pvn.saturn.de\/trck\/eclick\/098011dbfdab6e9a05b90cbb1d81f9a6\">AirPods Pro bei Saturn<\/a><\/b><\/li>\n<li><b><a href=\"https:\/\/pvn.mediamarkt.de\/trck\/eclick\/fc83c8529e5e66bc86c17ac01fd2a517\">AirPods Pro bei MediaMarkt<\/a><\/b><\/li>\n<\/ul>\n<p>Ein kleiner Haken: Nur wer sich die AirPods Pro direkt bei Apple bestellt kann diese mit einer Wunsch-Gravur versehen lassen. Weder MediaMarkt noch Satrun bieten diesen Service an.<\/p>\n","protected":false},"excerpt":{"rendered":"<a href=\"https:\/\/www.ifun.de\/airpods-pro-bei-saturn-und-mediamarkt-aktuell-fuer-199-euro-167310\/\"><img width=\"150\" height=\"150\" src=\"https:\/\/images.ifun.de\/wp-content\/uploads\/2021\/03\/airdpos-pro-mediamarkt-150x150.jpg\" class=\"alignright tfe wp-post-image\" alt=\"Airdpos Pro Mediamarkt\" decoding=\"async\" loading=\"lazy\" \/><\/a><p>Apples In-Ear-Ohrh\u00f6rer, die im Oktober 2019 in den Markt eingef\u00fchrten AirPods Pro kosten offiziell noch immer 279 Euro &#8211; zumindest wenn diese direkt bei Apple bestellt werden. Bei Amazon hatte sich zuletzt ein durchschnittlicher Preis von eta 210 Euro eingestellt &#8211; allerdings sind die ger\u00e4uschunterdr\u00fcckenden Ohrh\u00f6rer hier immer wieder vergriffen. So auch jetzt. Entsprechend attraktiv [&hellip;]<\/p>\n","protected":false},"author":1,"featured_media":167311,"comment_status":"open","ping_status":"closed","sticky":false,"template":"","format":"standard","meta":{"_acf_changed":false,"footnotes":""},"categories":[3],"tags":[4706,4736,3059],"class_list":["post-167310","post","type-post","status-publish","format-standard","has-post-thumbnail","hentry","category-apple","tag-airpods-pro","tag-apple","tag-ohrhoerer"],"acf":[],"aioseo_notices":[],"featured_image":["https:\/\/images.ifun.de\/wp-content\/uploads\/2020\/05\/airpods-pro-video.jpg"],"subheadline":["Allerdings ohne Gravur"],"rest_api_enabler":{"featured_image":"https:\/\/images.ifun.de\/wp-content\/uploads\/2020\/05\/airpods-pro-video.jpg","subheadline":"Allerdings ohne Gravur"},"_links":{"self":[{"href":"https:\/\/www.ifun.de\/apiv2\/wp\/v2\/posts\/167310","targetHints":{"allow":["GET"]}}],"collection":[{"href":"https:\/\/www.ifun.de\/apiv2\/wp\/v2\/posts"}],"about":[{"href":"https:\/\/www.ifun.de\/apiv2\/wp\/v2\/types\/post"}],"author":[{"embeddable":true,"href":"https:\/\/www.ifun.de\/apiv2\/wp\/v2\/users\/1"}],"replies":[{"embeddable":true,"href":"https:\/\/www.ifun.de\/apiv2\/wp\/v2\/comments?post=167310"}],"version-history":[{"count":3,"href":"https:\/\/www.ifun.de\/apiv2\/wp\/v2\/posts\/167310\/revisions"}],"predecessor-version":[{"id":167314,"href":"https:\/\/www.ifun.de\/apiv2\/wp\/v2\/posts\/167310\/revisions\/167314"}],"wp:featuredmedia":[{"embeddable":true,"href":"https:\/\/www.ifun.de\/apiv2\/wp\/v2\/media\/167311"}],"wp:attachment":[{"href":"https:\/\/www.ifun.de\/apiv2\/wp\/v2\/media?parent=167310"}],"wp:term":[{"taxonomy":"category","embeddable":true,"href":"https:\/\/www.ifun.de\/apiv2\/wp\/v2\/categories?post=167310"},{"taxonomy":"post_tag","embeddable":true,"href":"https:\/\/www.ifun.de\/apiv2\/wp\/v2\/tags?post=167310"}],"curies":[{"name":"wp","href":"https:\/\/api.w.org\/{rel}","templated":true}]}}