{"id":167233,"date":"2021-03-06T18:26:32","date_gmt":"2021-03-06T17:26:32","guid":{"rendered":"https:\/\/www.ifun.de\/?p=167233"},"modified":"2021-03-10T14:13:52","modified_gmt":"2021-03-10T13:13:52","slug":"imac-pro-als-auslaufmodell-apple-startet-abverkauf","status":"publish","type":"post","link":"https:\/\/www.ifun.de\/imac-pro-als-auslaufmodell-apple-startet-abverkauf-167233\/","title":{"rendered":"iMac Pro als Auslaufmodell: Apple startet Abverkauf"},"content":{"rendered":"<p>Apple nimmt den <a href=\"https:\/\/www.apple.com\/de\/imac-pro\/\">iMac Pro<\/a> aus dem Programm. Der Abverkauf f\u00fcr das im Juni 2017 angek\u00fcndigte Sondermodell von Apples All-in-One-Rechner hat begonnen und l\u00e4uft Apple zufolge solange der Vorrat reicht.<\/p>\n<p>Apple bietet den iMac Pro ab sofort lediglich in der Standardvariante mit einem 3-GHz-Intel-Prozessor, 32 GB RAM und 1 TB SSD-Speicher zum Preis von 5.499 Euro an. S\u00e4mtliche Konfigurationsoptionen wurden gestrichen. Die restlichen, \u201eeinfachen\u201c iMac-Modelle werden von Apple weiterhin wie gewohnt angeboten.<\/p>\n<p><a href=\"https:\/\/images.ifun.de\/wp-content\/uploads\/2021\/03\/imac-pro-abverkauf-apple.jpg\"><img loading=\"lazy\" decoding=\"async\" class=\"alignnone size-medium wp-image-167238\" src=\"https:\/\/images.ifun.de\/wp-content\/uploads\/2021\/03\/imac-pro-abverkauf-apple-500x367.jpg\" alt=\"Imac Pro Abverkauf Apple\" width=\"500\" height=\"367\" srcset=\"https:\/\/images.ifun.de\/wp-content\/uploads\/2021\/03\/imac-pro-abverkauf-apple-500x367.jpg 500w, https:\/\/images.ifun.de\/wp-content\/uploads\/2021\/03\/imac-pro-abverkauf-apple-700x514.jpg 700w, https:\/\/images.ifun.de\/wp-content\/uploads\/2021\/03\/imac-pro-abverkauf-apple-768x564.jpg 768w, https:\/\/images.ifun.de\/wp-content\/uploads\/2021\/03\/imac-pro-abverkauf-apple.jpg 1400w\" sizes=\"auto, (max-width: 500px) 100vw, 500px\" \/><\/a><\/p>\n<p>Apple hat <a href=\"https:\/\/www.macrumors.com\/2021\/03\/06\/apple-confirms-imac-pro-will-be-discontinued\/\">best\u00e4tigt<\/a>, dass f\u00fcr den iMac Pro kein Modellwechsel bevorsteht, sondern der Computer komplett aus dem Programm genommen wird. Der aktuell auch mit 27 Zoll Bildschirmgr\u00f6\u00dfe angebotene Standard-iMac stelle die bevorzugte Variante f\u00fcr die meisten K\u00e4ufer dar. Wer mehr Leistung ben\u00f6tige, k\u00f6nne den Mac Pro als Option in Betracht ziehen.<\/p>\n<h2>iMac Pro war nur gut 3 Jahre erh\u00e4ltlich<\/h2>\n<p>Apple hat den iMac Pro auf seiner Entwicklerkonferenz im Sommer 2017 angek\u00fcndigt. Der Rechner kam dann damals noch exklusiv mit Tastatur, Maus und Trackpad in Space Grau <a title=\"iMac Pro startet: Zwischen 5.499 und 15.597 Euro\" href=\"https:\/\/www.ifun.de\/imac-pro-startet-zwischen-5-499-und-15-597-euro-116555\/\">im Dezember<\/a> der gleichen Jahres auf den Markt und lie\u00df sich in der teuersten Ausstattungsvariante zum Preis von 15.597 Euro bestellen.<\/p>\n<p>Die Apple-Aussagen machen klar, dass es auch keinen neuen iMac Pro mit Apple-Prozessor geben wird. Der iMac an sich d\u00fcrfte allerdings noch in diesem Jahr sehr wohl noch ein umfangreiches Update erhalten und dann auch den Wechsel von Intel zu Apple-Prozessoren vollziehen. Erstmals seit l\u00e4ngerer Zeit ist dieser Wechsel aller Voraussicht nach auch mit einer nennenswerten Design-\u00c4nderung beim iMac verbunden. Im Gespr\u00e4ch ist eine neue Version, die in <a href=\"https:\/\/www.ifun.de\/imac-2021-neue-generation-soll-wieder-in-fuenf-farben-erscheinen-166766\/\">unterschiedlichen Geh\u00e4usefarben<\/a> erh\u00e4ltlich ist und <a href=\"https:\/\/www.ifun.de\/imac-redesign-orientiert-sich-am-pro-display-xdr-165096\/\">optisch an Apples XDR-Display erinnert<\/a>.<\/p>\n<p>Der iMac selbst ist seit mittlerweile rund 14 Jahren optisch nur unwesentlich ver\u00e4ndert worden. Das derzeit aktuelle Aluminiumgeh\u00e4use basiert auf der Version aus dem Jahr 2007. Davor war der Rechner seit 2004 im wei\u00dfen Kunststoffgeh\u00e4use schon \u00e4hnlich aufgebaut. Erstmals vorgestellt wurde der iMac von Steve Jobs im Jahr 1998 als Bondi-blauer All-in-One-Rechner.<img loading=\"lazy\" decoding=\"async\" class=\"tracking\" src=\"https:\/\/vg09.met.vgwort.de\/na\/a6759df1cd5040959131da0100efa3d9\" width=\"1\" height=\"1\" \/><\/p>\n<p>Danke Andreas<\/p>\n","protected":false},"excerpt":{"rendered":"<a href=\"https:\/\/www.ifun.de\/imac-pro-als-auslaufmodell-apple-startet-abverkauf-167233\/\"><img width=\"150\" height=\"150\" src=\"https:\/\/images.ifun.de\/wp-content\/uploads\/2021\/03\/imac-pro-abverkauf-apple-150x150.jpg\" class=\"alignright tfe wp-post-image\" alt=\"Imac Pro Abverkauf Apple\" decoding=\"async\" loading=\"lazy\" \/><\/a><p>Apple nimmt den iMac Pro aus dem Programm. Der Abverkauf f\u00fcr das im Juni 2017 angek\u00fcndigte Sondermodell von Apples All-in-One-Rechner hat begonnen und l\u00e4uft Apple zufolge solange der Vorrat reicht. Apple bietet den iMac Pro ab sofort lediglich in der Standardvariante mit einem 3-GHz-Intel-Prozessor, 32 GB RAM und 1 TB SSD-Speicher zum Preis von 5.499 [&hellip;]<\/p>\n","protected":false},"author":2,"featured_media":167238,"comment_status":"open","ping_status":"closed","sticky":false,"template":"","format":"standard","meta":{"_acf_changed":false,"footnotes":""},"categories":[16,1783],"tags":[],"class_list":["post-167233","post","type-post","status-publish","format-standard","has-post-thumbnail","hentry","category-mac","category-feature"],"acf":[],"aioseo_notices":[],"subheadline":["\"Solange der Vorrat reicht\""],"featured_image":["https:\/\/images.ifun.de\/wp-content\/uploads\/2017\/12\/imac-pro-bestellstart.jpg"],"rest_api_enabler":{"subheadline":"\"Solange der Vorrat reicht\"","featured_image":"https:\/\/images.ifun.de\/wp-content\/uploads\/2017\/12\/imac-pro-bestellstart.jpg"},"_links":{"self":[{"href":"https:\/\/www.ifun.de\/apiv2\/wp\/v2\/posts\/167233","targetHints":{"allow":["GET"]}}],"collection":[{"href":"https:\/\/www.ifun.de\/apiv2\/wp\/v2\/posts"}],"about":[{"href":"https:\/\/www.ifun.de\/apiv2\/wp\/v2\/types\/post"}],"author":[{"embeddable":true,"href":"https:\/\/www.ifun.de\/apiv2\/wp\/v2\/users\/2"}],"replies":[{"embeddable":true,"href":"https:\/\/www.ifun.de\/apiv2\/wp\/v2\/comments?post=167233"}],"version-history":[{"count":6,"href":"https:\/\/www.ifun.de\/apiv2\/wp\/v2\/posts\/167233\/revisions"}],"predecessor-version":[{"id":167398,"href":"https:\/\/www.ifun.de\/apiv2\/wp\/v2\/posts\/167233\/revisions\/167398"}],"wp:featuredmedia":[{"embeddable":true,"href":"https:\/\/www.ifun.de\/apiv2\/wp\/v2\/media\/167238"}],"wp:attachment":[{"href":"https:\/\/www.ifun.de\/apiv2\/wp\/v2\/media?parent=167233"}],"wp:term":[{"taxonomy":"category","embeddable":true,"href":"https:\/\/www.ifun.de\/apiv2\/wp\/v2\/categories?post=167233"},{"taxonomy":"post_tag","embeddable":true,"href":"https:\/\/www.ifun.de\/apiv2\/wp\/v2\/tags?post=167233"}],"curies":[{"name":"wp","href":"https:\/\/api.w.org\/{rel}","templated":true}]}}