{"id":167184,"date":"2021-03-05T09:36:07","date_gmt":"2021-03-05T08:36:07","guid":{"rendered":"https:\/\/www.ifun.de\/?p=167184"},"modified":"2021-03-05T09:38:29","modified_gmt":"2021-03-05T08:38:29","slug":"plex-integration-in-apples-tv-app-mit-einschraenkungen","status":"publish","type":"post","link":"https:\/\/www.ifun.de\/plex-integration-in-apples-tv-app-mit-einschraenkungen-167184\/","title":{"rendered":"Plex: Integration in Apples TV-App mit Einschr\u00e4nkungen"},"content":{"rendered":"<p>Mitarbeiter des Plex-Entwicklungsteams haben best\u00e4tigt, was <a href=\"https:\/\/twitter.com\/WSig\/status\/1362501707704467457\">Nutzer-Sichtungen<\/a> seit Mitte Februar <a href=\"https:\/\/www.macrumors.com\/2021\/02\/19\/plex-apple-tv-app-integration\/\">immer wieder nahe legten<\/a>: Die Plex-Applikation l\u00e4sst sich nun auch in Apples TV-Anwendung integrieren.<\/p>\n<p><a href=\"https:\/\/images.ifun.de\/wp-content\/uploads\/2021\/03\/apple-tv-app-plex-1.jpg\"><img loading=\"lazy\" decoding=\"async\" class=\"aligncenter size-medium wp-image-167185\" src=\"https:\/\/images.ifun.de\/wp-content\/uploads\/2021\/03\/apple-tv-app-plex-1-500x388.jpg\" alt=\"Apple Tv App Plex 1\" width=\"500\" height=\"388\" srcset=\"https:\/\/images.ifun.de\/wp-content\/uploads\/2021\/03\/apple-tv-app-plex-1-500x388.jpg 500w, https:\/\/images.ifun.de\/wp-content\/uploads\/2021\/03\/apple-tv-app-plex-1-700x543.jpg 700w, https:\/\/images.ifun.de\/wp-content\/uploads\/2021\/03\/apple-tv-app-plex-1-768x596.jpg 768w, https:\/\/images.ifun.de\/wp-content\/uploads\/2021\/03\/apple-tv-app-plex-1-1536x1192.jpg 1536w, https:\/\/images.ifun.de\/wp-content\/uploads\/2021\/03\/apple-tv-app-plex-1.jpg 1600w\" sizes=\"auto, (max-width: 500px) 100vw, 500px\" \/><\/a><\/p>\n<p>Nutzer, die sich f\u00fcr das Miteinander der beiden Applikationen entscheiden, k\u00f6nnen sich anschlie\u00dfend dar\u00fcber freuen, dass die Apple TV-Anwendung Plex-Videos zum Weiterschauen anzeigt, die bereis angefangen wurden und Vorschl\u00e4ge auf Basis des bisherigen Bewegtbild-Konsums macht.<\/p>\n<h2>Keine pers\u00f6nlichen Medieninhalte &#8230;<\/h2>\n<p>Die Integration geht jedoch mit einem nicht unerheblichen Haken einher: Eigene Video-Inhalte werden von der Apples TV-App nicht ber\u00fccksichtigt. Diese wertet den Videokonsum lediglich auf Basis der kostenfreien (aber werbefinanzierten) <a href=\"https:\/\/www.ifun.de\/plex-startet-werbefinanziertes-streaming-angebot-146943\/\">B-Movie-Auswahl aus<\/a>, die Plex seit Dezember 2019 als kostenlose Dreigabe bereitstellt.<\/p>\n<p><a href=\"https:\/\/images.ifun.de\/wp-content\/uploads\/2021\/03\/connect-plex-scaled.jpg\"><img loading=\"lazy\" decoding=\"async\" src=\"https:\/\/images.ifun.de\/wp-content\/uploads\/2021\/03\/connect-plex-700x525.jpg\" alt=\"Connect Plex\" width=\"700\" height=\"525\" class=\"aligncenter size-large wp-image-167187\" srcset=\"https:\/\/images.ifun.de\/wp-content\/uploads\/2021\/03\/connect-plex-700x525.jpg 700w, https:\/\/images.ifun.de\/wp-content\/uploads\/2021\/03\/connect-plex-500x375.jpg 500w, https:\/\/images.ifun.de\/wp-content\/uploads\/2021\/03\/connect-plex-768x576.jpg 768w, https:\/\/images.ifun.de\/wp-content\/uploads\/2021\/03\/connect-plex-1536x1152.jpg 1536w, https:\/\/images.ifun.de\/wp-content\/uploads\/2021\/03\/connect-plex-2048x1536.jpg 2048w\" sizes=\"auto, (max-width: 700px) 100vw, 700px\" \/><\/a><\/p>\n<p>Dies d\u00fcrfte die meisten Anwender jedoch nicht wirklich interessieren. Wird Plex doch vorwiegend als Medienserver f\u00fcr gerippte DVD, Blu-ray-Abbilder und digitale Film-Kopien eingesetzt. Inhalte der pers\u00f6nlichen Mediathek k\u00f6nnen von Plex jedoch nicht ausgewertet werden.<\/p>\n<h2>&#8230; nur das werbefinanzierte B-Movie-Angebot<\/h2>\n<p>Dies <a href=\"https:\/\/old.reddit.com\/r\/PleX\/comments\/lniiij\/plex_testing_tv_app_integration_across_iphone\/go16q8r\/\">best\u00e4tigt auch ein Plex-Mitarbeiter<\/a> in dem Community-Forum reddit.com. Zwar w\u00fcrde man die Integration gerne auch \u00fcber das kostenlose Angebot an On-Demand-Filmen und TV-Sendungen erweitern, die Integration &#8222;pers\u00f6nliche Medien&#8220; seit jedoch aus mehreren Gr\u00fcnden technisch nicht m\u00f6glich.<\/p>\n<p>Grunds\u00e4tzlich w\u00fcrde man Apple eine Liste der Inhalte zur Verf\u00fcgung stellen, die sich im kostenlosen Video-Angebot von Plex streamen lassen. Eine vergleichbare Liste aus dem Datenbestand der Nutzer-Mediatheken zu generieren sei hingegen nicht m\u00f6glich, da man keinen Zugriff auf die Inhalte der Anwender-Bibliotheken habe.<br \/>\n<img loading=\"lazy\" decoding=\"async\" src=\"https:\/\/vg09.met.vgwort.de\/na\/250191f4ebd6418f8a6ddf53160075cf\" width=\"1\" height=\"1\" no-lazy class=\"tracking\"><br \/>\n<!-- WP-Appbox (Version: 4.5.13 \/\/ Store: appstore \/\/ ID: 383457673) -->\t<!-- app-link -->\n\t<div id=\"article-single-app-preview\">\n\t\t<div id=\"article-single-app-preview-header\">\n\t\t\t<span class=\"title\">Laden im App Store<\/span>\n\t\t<\/div>\n\t\t<div id=\"article-single-app-preview-content\">\n\t\t\t<div id=\"article-single-app-preview-img\"><img loading=\"lazy\" decoding=\"async\" src=\"\/\/is1-ssl.mzstatic.com\/image\/thumb\/PurpleSource221\/v4\/9e\/eb\/e1\/9eebe146-2e0a-7072-4035-00d5f461360f\/Placeholder.mill\/200x200bb-75.png\" alt=\"Plex: Film & TV\"  height=\"72\" width=\"72\" class=\"asl-icon-img\" \/><\/div>\n\t\t\t<div id=\"article-single-app-preview-desc\">\n\t\t\t\t<span class=\"name\">Plex: Film & TV<\/span><br \/>\n\t\t\t\t<span class=\"seller\">Entwickler: <a target=\"_blank\" rel=\"nofollow\" href=\"https:\/\/apps.apple.com\/de\/developer\/plex-inc\/id383457676\">Plex Inc.<\/a><\/span>\n\t\t\t<\/div>\n\t\t\t<a target=\"_blank\" rel=\"nofollow\" href=\"https:\/\/apps.apple.com\/de\/app\/plex-film-tv\/id383457673\"><div id=\"article-single-app-preview-download\">Preis: Kostenlos<sup>+<\/sup><br \/>\n\t\t\t<span class=\"size\">Laden<\/span><\/div><\/a>\n\t\t<\/div>\n\t\t<!-- <div id=\"article-single-app-preview-footer\"><\/div>\t-->\n\t<\/div>\n\t<!-- app-link\/ende --><!-- \/WP-Appbox --><\/p>\n","protected":false},"excerpt":{"rendered":"<a href=\"https:\/\/www.ifun.de\/plex-integration-in-apples-tv-app-mit-einschraenkungen-167184\/\"><img width=\"150\" height=\"150\" src=\"https:\/\/images.ifun.de\/wp-content\/uploads\/2021\/03\/apple-tv-app-plex-1-150x150.jpg\" class=\"alignright tfe wp-post-image\" alt=\"Apple Tv App Plex 1\" decoding=\"async\" loading=\"lazy\" \/><\/a><p>Mitarbeiter des Plex-Entwicklungsteams haben best\u00e4tigt, was Nutzer-Sichtungen seit Mitte Februar immer wieder nahe legten: Die Plex-Applikation l\u00e4sst sich nun auch in Apples TV-Anwendung integrieren. Nutzer, die sich f\u00fcr das Miteinander der beiden Applikationen entscheiden, k\u00f6nnen sich anschlie\u00dfend dar\u00fcber freuen, dass die Apple TV-Anwendung Plex-Videos zum Weiterschauen anzeigt, die bereis angefangen wurden und Vorschl\u00e4ge auf Basis [&hellip;]<\/p>\n","protected":false},"author":1,"featured_media":167185,"comment_status":"open","ping_status":"closed","sticky":false,"template":"","format":"standard","meta":{"_acf_changed":false,"footnotes":""},"categories":[5],"tags":[4737,591,31],"class_list":["post-167184","post","type-post","status-publish","format-standard","has-post-thumbnail","hentry","category-apps","tag-apps","tag-plex","tag-video"],"acf":[],"aioseo_notices":[],"featured_image":["https:\/\/images.ifun.de\/wp-content\/uploads\/2020\/07\/plex-live-tv-feature-1.jpg"],"subheadline":["Pers\u00f6nlichen Medieninhalte werde nicht \u00fcbertragen"],"rest_api_enabler":{"featured_image":"https:\/\/images.ifun.de\/wp-content\/uploads\/2020\/07\/plex-live-tv-feature-1.jpg","subheadline":"Pers\u00f6nlichen Medieninhalte werde nicht \u00fcbertragen"},"_links":{"self":[{"href":"https:\/\/www.ifun.de\/apiv2\/wp\/v2\/posts\/167184","targetHints":{"allow":["GET"]}}],"collection":[{"href":"https:\/\/www.ifun.de\/apiv2\/wp\/v2\/posts"}],"about":[{"href":"https:\/\/www.ifun.de\/apiv2\/wp\/v2\/types\/post"}],"author":[{"embeddable":true,"href":"https:\/\/www.ifun.de\/apiv2\/wp\/v2\/users\/1"}],"replies":[{"embeddable":true,"href":"https:\/\/www.ifun.de\/apiv2\/wp\/v2\/comments?post=167184"}],"version-history":[{"count":2,"href":"https:\/\/www.ifun.de\/apiv2\/wp\/v2\/posts\/167184\/revisions"}],"predecessor-version":[{"id":167188,"href":"https:\/\/www.ifun.de\/apiv2\/wp\/v2\/posts\/167184\/revisions\/167188"}],"wp:featuredmedia":[{"embeddable":true,"href":"https:\/\/www.ifun.de\/apiv2\/wp\/v2\/media\/167185"}],"wp:attachment":[{"href":"https:\/\/www.ifun.de\/apiv2\/wp\/v2\/media?parent=167184"}],"wp:term":[{"taxonomy":"category","embeddable":true,"href":"https:\/\/www.ifun.de\/apiv2\/wp\/v2\/categories?post=167184"},{"taxonomy":"post_tag","embeddable":true,"href":"https:\/\/www.ifun.de\/apiv2\/wp\/v2\/tags?post=167184"}],"curies":[{"name":"wp","href":"https:\/\/api.w.org\/{rel}","templated":true}]}}