{"id":167165,"date":"2021-03-04T18:43:25","date_gmt":"2021-03-04T17:43:25","guid":{"rendered":"https:\/\/www.ifun.de\/?p=167165"},"modified":"2021-03-04T18:44:07","modified_gmt":"2021-03-04T17:44:07","slug":"sonos-roam-so-sieht-der-kleine-sonos-move-aus","status":"publish","type":"post","link":"https:\/\/www.ifun.de\/sonos-roam-so-sieht-der-kleine-sonos-move-aus-167165\/","title":{"rendered":"Sonos Roam: So sieht der kleine Sonos Move aus"},"content":{"rendered":"<p><a href=\"https:\/\/www.ifun.de\/sonos-produktneuheit-wird-am-9-maerz-vorgestellt-166417\/\">Noch im M\u00e4rz<\/a> will der Lautsprecher-Anbieter Sonos einen neuen Speaker pr\u00e4sentieren. Dass es sich dabei um einen kleinen, portablen Bruder des Move handeln wird, <a href=\"https:\/\/www.ifun.de\/sonos-s27-kleiner-sonos-move-im-anmarsch-166030\/\">wissen wir bereits<\/a>. Nun sind auch die Design- und die Namens-Frage gekl\u00e4rt.<\/p>\n<p><a href=\"https:\/\/images.ifun.de\/wp-content\/uploads\/2021\/03\/SonosRoamWM2.0.jpg\"><img loading=\"lazy\" decoding=\"async\" class=\"aligncenter size-medium wp-image-167166\" src=\"https:\/\/images.ifun.de\/wp-content\/uploads\/2021\/03\/SonosRoamWM2.0-500x413.jpg\" alt=\"SonosRoamWM2.0\" width=\"500\" height=\"413\" srcset=\"https:\/\/images.ifun.de\/wp-content\/uploads\/2021\/03\/SonosRoamWM2.0-500x413.jpg 500w, https:\/\/images.ifun.de\/wp-content\/uploads\/2021\/03\/SonosRoamWM2.0-700x579.jpg 700w, https:\/\/images.ifun.de\/wp-content\/uploads\/2021\/03\/SonosRoamWM2.0-768x635.jpg 768w, https:\/\/images.ifun.de\/wp-content\/uploads\/2021\/03\/SonosRoamWM2.0.jpg 1467w\" sizes=\"auto, (max-width: 500px) 100vw, 500px\" \/><\/a><\/p>\n<p>Der kleine Sonos Move wird auf den Namen Sonos Roam h\u00f6ren, in wei\u00df und schwarz angeboten werden und sieht aus wie ein zylindrisches dreieck mit abgerundeten Kanten. Dies geht aus exklusiven Bildern hervor, die das Technik-Portal &#8222;The Verge&#8220; <a href=\"https:\/\/www.theverge.com\/2021\/3\/4\/22313451\/sonos-roam-leak-features-specs-price-release-date\">ver\u00f6ffentlicht hat<\/a>.<\/p>\n<h2>F\u00fcr 169 Dollar ab April im Handel<\/h2>\n<p>Dort nennt der Reporter Chris Welch auch Details zu Kosten und Liefertermin. So soll der Sonos Roam f\u00fcr 169 Dollar angeboten werden und den Handel bereits im April erreichen. Dann wird der Sonos Roam 16,5 cm x 6,4 cm x 6,4 cm messen und mit einem USB-C-Kabel zum Laden des integrierten Akkus angeboten werden.<\/p>\n<p>Sonos selbst d\u00fcrfte den Roam <a href=\"https:\/\/www.ifun.de\/sonos-produktneuheit-wird-am-9-maerz-vorgestellt-166417\/\">am 9. M\u00e4rz pr\u00e4sentieren<\/a> und wird dann einen Lautsprecher vorstellen, der mit mobilen L\u00f6sungen wie etwa dem popul\u00e4ren UE Boom von Logitech konkurrieren soll, gleichzeitig aber auch als regul\u00e4rer Sonos-Lautsprecher im eigenen Multiroom-Setup eingesetzt werden kann.<\/p>\n<p><a href=\"https:\/\/images.ifun.de\/wp-content\/uploads\/2021\/03\/sonos-roam.jpg\"><img loading=\"lazy\" decoding=\"async\" class=\"aligncenter size-large wp-image-167167\" src=\"https:\/\/images.ifun.de\/wp-content\/uploads\/2021\/03\/sonos-roam-700x425.jpg\" alt=\"Sonos Roam\" width=\"700\" height=\"425\" srcset=\"https:\/\/images.ifun.de\/wp-content\/uploads\/2021\/03\/sonos-roam-700x425.jpg 700w, https:\/\/images.ifun.de\/wp-content\/uploads\/2021\/03\/sonos-roam-500x304.jpg 500w, https:\/\/images.ifun.de\/wp-content\/uploads\/2021\/03\/sonos-roam-768x467.jpg 768w, https:\/\/images.ifun.de\/wp-content\/uploads\/2021\/03\/sonos-roam-1536x933.jpg 1536w, https:\/\/images.ifun.de\/wp-content\/uploads\/2021\/03\/sonos-roam.jpg 1720w\" sizes=\"auto, (max-width: 700px) 100vw, 700px\" \/><\/a><\/p>\n<p>Der Sonos Move integriert daf\u00fcr zwei Funkmodule und kann sowohl \u00fcber Bluetooth als auch im WLAN angesprochen werden. In den eigenen vier W\u00e4nden betrieben, sitzt der Sonos Move auf einem Ladedock &#8211; dieses scheint dem g\u00fcnstigeren Sonos Roam zu fehlen.<\/p>\n<h2>Nur f\u00fcr Nutzer der Sonos S2-App<\/h2>\n<p>Der Sonos Roam d\u00fcrfte komplett wasserdicht sein, soll es im mobilen Betrieb auf 10 Stunden Laufzeit bringen und kann ausschlie\u00dflich mit der S2-Applikation des Anbieters betrieben werden.<\/p>\n<p>Sonos hatte sein Produkt-Portfolio k\u00fcrzlich <a href=\"https:\/\/www.ifun.de\/sonos-grosse-aktualisierung-erreicht-nur-s2-system-160175\/\">in zwei Systeme geteilt<\/a>, die von zwei unterschiedlichen Apps angesprochen werden: Der Sonos S1- und der Sonos S2-App. Neue Produkte laufen nur noch mit der S2-Applikation.<\/p>\n<p><img loading=\"lazy\" decoding=\"async\" src=\"https:\/\/vg09.met.vgwort.de\/na\/d31b2feda1234b2ca6adc2d55806575a\" width=\"1\" height=\"1\" no-lazy class=\"tracking\"><\/p>\n","protected":false},"excerpt":{"rendered":"<a href=\"https:\/\/www.ifun.de\/sonos-roam-so-sieht-der-kleine-sonos-move-aus-167165\/\"><img width=\"150\" height=\"150\" src=\"https:\/\/images.ifun.de\/wp-content\/uploads\/2021\/03\/sonos-roam-feature-150x150.jpg\" class=\"alignright tfe wp-post-image\" alt=\"Sonos Roam Feature\" decoding=\"async\" loading=\"lazy\" \/><\/a><p>Noch im M\u00e4rz will der Lautsprecher-Anbieter Sonos einen neuen Speaker pr\u00e4sentieren. Dass es sich dabei um einen kleinen, portablen Bruder des Move handeln wird, wissen wir bereits. Nun sind auch die Design- und die Namens-Frage gekl\u00e4rt. Der kleine Sonos Move wird auf den Namen Sonos Roam h\u00f6ren, in wei\u00df und schwarz angeboten werden und sieht [&hellip;]<\/p>\n","protected":false},"author":1,"featured_media":167168,"comment_status":"open","ping_status":"closed","sticky":false,"template":"","format":"standard","meta":{"_acf_changed":false,"footnotes":""},"categories":[1],"tags":[1068],"class_list":["post-167165","post","type-post","status-publish","format-standard","has-post-thumbnail","hentry","category-news","tag-sonos"],"acf":[],"aioseo_notices":[],"featured_image":["https:\/\/images.ifun.de\/wp-content\/uploads\/2021\/03\/sonos-roam-feature.jpg"],"subheadline":["Mit USB-C-Kabel statt Dock"],"rest_api_enabler":{"featured_image":"https:\/\/images.ifun.de\/wp-content\/uploads\/2021\/03\/sonos-roam-feature.jpg","subheadline":"Mit USB-C-Kabel statt Dock"},"_links":{"self":[{"href":"https:\/\/www.ifun.de\/apiv2\/wp\/v2\/posts\/167165","targetHints":{"allow":["GET"]}}],"collection":[{"href":"https:\/\/www.ifun.de\/apiv2\/wp\/v2\/posts"}],"about":[{"href":"https:\/\/www.ifun.de\/apiv2\/wp\/v2\/types\/post"}],"author":[{"embeddable":true,"href":"https:\/\/www.ifun.de\/apiv2\/wp\/v2\/users\/1"}],"replies":[{"embeddable":true,"href":"https:\/\/www.ifun.de\/apiv2\/wp\/v2\/comments?post=167165"}],"version-history":[{"count":2,"href":"https:\/\/www.ifun.de\/apiv2\/wp\/v2\/posts\/167165\/revisions"}],"predecessor-version":[{"id":167170,"href":"https:\/\/www.ifun.de\/apiv2\/wp\/v2\/posts\/167165\/revisions\/167170"}],"wp:featuredmedia":[{"embeddable":true,"href":"https:\/\/www.ifun.de\/apiv2\/wp\/v2\/media\/167168"}],"wp:attachment":[{"href":"https:\/\/www.ifun.de\/apiv2\/wp\/v2\/media?parent=167165"}],"wp:term":[{"taxonomy":"category","embeddable":true,"href":"https:\/\/www.ifun.de\/apiv2\/wp\/v2\/categories?post=167165"},{"taxonomy":"post_tag","embeddable":true,"href":"https:\/\/www.ifun.de\/apiv2\/wp\/v2\/tags?post=167165"}],"curies":[{"name":"wp","href":"https:\/\/api.w.org\/{rel}","templated":true}]}}