{"id":166329,"date":"2021-02-16T11:51:19","date_gmt":"2021-02-16T10:51:19","guid":{"rendered":"https:\/\/www.ifun.de\/?p=166329"},"modified":"2021-02-16T11:51:36","modified_gmt":"2021-02-16T10:51:36","slug":"anker-bietet-kompakten-adapter-von-usb-c-auf-displayport","status":"publish","type":"post","link":"https:\/\/www.ifun.de\/anker-bietet-kompakten-adapter-von-usb-c-auf-displayport-166329\/","title":{"rendered":"Anker bietet kompakten Adapter von USB-C auf DisplayPort"},"content":{"rendered":"<p>Anker erweitert sein Kabelsortiment um einen <a rel=\"noindex, nofollow\" href=\"http:\/\/www.ifun.de\/amzn\/B08QV2FSKT\">PowerExpand USB-C auf DisplayPort Adapter<\/a>. Der zum Preis von 13,99 Euro erh\u00e4ltliche Zwischenstecker soll den Anschluss von 4K-Bildschirmen \u00fcber DisplayPort erm\u00f6glichen.<\/p>\n<p><a href=\"https:\/\/images.ifun.de\/wp-content\/uploads\/2021\/02\/anker-adapter-usb-c-auf-displayport.jpg\"><img loading=\"lazy\" decoding=\"async\" src=\"https:\/\/images.ifun.de\/wp-content\/uploads\/2021\/02\/anker-adapter-usb-c-auf-displayport-500x381.jpg\" alt=\"Anker Adapter Usb C Auf Displayport\" width=\"500\" height=\"381\" class=\"alignnone size-medium wp-image-166331\" srcset=\"https:\/\/images.ifun.de\/wp-content\/uploads\/2021\/02\/anker-adapter-usb-c-auf-displayport-500x381.jpg 500w, https:\/\/images.ifun.de\/wp-content\/uploads\/2021\/02\/anker-adapter-usb-c-auf-displayport-700x533.jpg 700w, https:\/\/images.ifun.de\/wp-content\/uploads\/2021\/02\/anker-adapter-usb-c-auf-displayport-768x585.jpg 768w, https:\/\/images.ifun.de\/wp-content\/uploads\/2021\/02\/anker-adapter-usb-c-auf-displayport.jpg 1313w\" sizes=\"auto, (max-width: 500px) 100vw, 500px\" \/><\/a><\/p>\n<p>Dem Hersteller zufolge unterst\u00fctzt der Adapter die \u00dcbertragung von Videobild mit 4K-Aufl\u00f6sung bei einer Wiederholrate von 60 Hz wahlweise mit gespiegeltem Bildinhalt beispielsweise f\u00fcr Pr\u00e4sentationen oder auch zur Erweiterung der Arbeitsfl\u00e4che um einen zus\u00e4tzlichen Bildschirm. Der Adapter ist aus Aluminum gefertigt und mit einem 14 Zentimeter langen, mit Nylon ummantelten USB-C-Anschlusskabel ausgestattet.<\/p>\n<p>Zu den laut Hersteller kompatiblen Ger\u00e4ten geh\u00f6ren neben dem MacBook Pro ab 2017 und dem MacBook Air ab 2018 auch das iPad Pro mit USB-C-Anschluss sowie verschiedene PCs und Android-Ger\u00e4te. <\/p>\n<script>\r\n  function open_amazon(link) {\r\n    if (navigator.userAgent.indexOf(\"Firefox\") != -1) {\r\n      window.open(link, '_blank');\r\n    } else {\r\n      var tag = document.createElement('a');\r\n      tag.setAttribute('href', link);\r\n      tag.innerHTML = \"amzn\";\r\n      tag.click();\r\n    }\r\n  }\r\n<\/script>\r\n    <div id=\"article-single-amazon-preview\" onclick=\"return open_amazon('https:\/\/www.amazon.de\/dp\/B08QV2FSKT?tag=musicweb02&linkCode=ogi&th=1&psc=1');\">\n  <div id=\"article-single-amazon-preview-header\">\n    <span class=\"title\">Produkthinweis<\/span>\n      <\/div>\n  <div id=\"article-single-amazon-preview-content\">\n    <div id=\"article-single-amazon-preview-img\" style=\"background: url('https:\/\/m.media-amazon.com\/images\/I\/31oDefIZe5L.jpg') center center no-repeat; background-size: cover;\"><\/div>\n    <div id=\"article-single-amazon-preview-desc\">\n      <span class=\"bezeichnung\"><a href=\"https:\/\/www.amazon.de\/dp\/B08QV2FSKT?tag=musicweb02&linkCode=ogi&th=1&psc=1\" style=\"text-decoration: none; border-bottom: 0px; box-shadow: none;\">Anker PowerExpand USB-C auf DisplayPort Adapter, Aluminium USB-C Hub mit 4K@60Hz, f\u00fcr Homeoffice, kompatibel mit...<\/a><\/span>\n      <span class=\"preis--aktuell\">19,99 EUR<\/span>\n      <span class=\"preis--alt\"><\/span>\n    <\/div>\n  <\/div>\n<\/div>\n","protected":false},"excerpt":{"rendered":"<a href=\"https:\/\/www.ifun.de\/anker-bietet-kompakten-adapter-von-usb-c-auf-displayport-166329\/\"><img width=\"150\" height=\"150\" src=\"https:\/\/images.ifun.de\/wp-content\/uploads\/2021\/02\/anker-usb-c-auf-displayport-150x150.jpg\" class=\"alignright tfe wp-post-image\" alt=\"Anker Usb C Auf Displayport\" decoding=\"async\" loading=\"lazy\" \/><\/a><p>Anker erweitert sein Kabelsortiment um einen PowerExpand USB-C auf DisplayPort Adapter. Der zum Preis von 13,99 Euro erh\u00e4ltliche Zwischenstecker soll den Anschluss von 4K-Bildschirmen \u00fcber DisplayPort erm\u00f6glichen. Dem Hersteller zufolge unterst\u00fctzt der Adapter die \u00dcbertragung von Videobild mit 4K-Aufl\u00f6sung bei einer Wiederholrate von 60 Hz wahlweise mit gespiegeltem Bildinhalt beispielsweise f\u00fcr Pr\u00e4sentationen oder auch zur [&hellip;]<\/p>\n","protected":false},"author":2,"featured_media":166332,"comment_status":"open","ping_status":"closed","sticky":false,"template":"","format":"standard","meta":{"_acf_changed":false,"footnotes":""},"categories":[22],"tags":[347,2156,1790,2650],"class_list":["post-166329","post","type-post","status-publish","format-standard","has-post-thumbnail","hentry","category-zubehor","tag-adapter","tag-anker","tag-displayport","tag-usb-c"],"acf":[],"aioseo_notices":[],"subheadline":["F\u00fcr Notebooks und iPad Pro"],"featured_image":["https:\/\/images.ifun.de\/wp-content\/uploads\/2021\/02\/anker-usb-c-auf-displayport.jpg"],"rest_api_enabler":{"subheadline":"F\u00fcr Notebooks und iPad Pro","featured_image":"https:\/\/images.ifun.de\/wp-content\/uploads\/2021\/02\/anker-usb-c-auf-displayport.jpg"},"_links":{"self":[{"href":"https:\/\/www.ifun.de\/apiv2\/wp\/v2\/posts\/166329","targetHints":{"allow":["GET"]}}],"collection":[{"href":"https:\/\/www.ifun.de\/apiv2\/wp\/v2\/posts"}],"about":[{"href":"https:\/\/www.ifun.de\/apiv2\/wp\/v2\/types\/post"}],"author":[{"embeddable":true,"href":"https:\/\/www.ifun.de\/apiv2\/wp\/v2\/users\/2"}],"replies":[{"embeddable":true,"href":"https:\/\/www.ifun.de\/apiv2\/wp\/v2\/comments?post=166329"}],"version-history":[{"count":3,"href":"https:\/\/www.ifun.de\/apiv2\/wp\/v2\/posts\/166329\/revisions"}],"predecessor-version":[{"id":166335,"href":"https:\/\/www.ifun.de\/apiv2\/wp\/v2\/posts\/166329\/revisions\/166335"}],"wp:featuredmedia":[{"embeddable":true,"href":"https:\/\/www.ifun.de\/apiv2\/wp\/v2\/media\/166332"}],"wp:attachment":[{"href":"https:\/\/www.ifun.de\/apiv2\/wp\/v2\/media?parent=166329"}],"wp:term":[{"taxonomy":"category","embeddable":true,"href":"https:\/\/www.ifun.de\/apiv2\/wp\/v2\/categories?post=166329"},{"taxonomy":"post_tag","embeddable":true,"href":"https:\/\/www.ifun.de\/apiv2\/wp\/v2\/tags?post=166329"}],"curies":[{"name":"wp","href":"https:\/\/api.w.org\/{rel}","templated":true}]}}